{"id":12135,"date":"2025-08-01T21:12:35","date_gmt":"2025-08-01T21:12:35","guid":{"rendered":"https:\/\/www.europesays.com\/pt\/12135\/"},"modified":"2025-08-01T21:12:35","modified_gmt":"2025-08-01T21:12:35","slug":"novo-banco-compra-unibanco-a-unicre-observador","status":"publish","type":"post","link":"https:\/\/www.europesays.com\/pt\/12135\/","title":{"rendered":"Novo Banco compra Unibanco \u00e0 Unicre \u2013 Observador"},"content":{"rendered":"<p>O Novo Banco, que est\u00e1 em processo de compra pelos franceses do BPCE, adquiriu o neg\u00f3cio Unibanco da Unicre, anunciou em comunicado, <a href=\"https:\/\/observador.pt\/2025\/07\/31\/lucro-do-novo-banco-sobe-174-no-1-o-semestre-para-4349-milhoes\/#:~:text=Lucro%20do%20Novo%20Banco%20sobe%20para%20434%2C9%20milh%C3%B5es%20%E2%80%93%20Observador\" rel=\"nofollow noopener\" target=\"_blank\">no dia em que apresentou lucros de 434,9 milh\u00f5es de euros.<\/a><\/p>\n<p>O valor do neg\u00f3cio n\u00e3o \u00e9 revelado, assumindo-se que o Novo Banco ficar\u00e1 com todo neg\u00f3cio de cr\u00e9dito ao consumo da Unicre, que \u00e9 operador com a marca Unibanco. O Novo Banco ficar\u00e1, assim, com todo o cr\u00e9dito ao consumo, assim como a \u00e1rea de\u00a0cart\u00f5es de cr\u00e9dito, consolida\u00e7\u00e3o de cr\u00e9dito e cr\u00e9dito pessoal da Unicre que tem um valor l\u00edquido contabil\u00edstico de aproximadamente 262 milh\u00f5es de euros, dados referentes a junho de 2024. Fica tamb\u00e9m com a marca Unibanco e com os ativos e passivos associados ao neg\u00f3cio de cr\u00e9dito ao consumo Unibanco.<\/p>\n<p>A conclus\u00e3o da compra est\u00e1 apontada para o primeiro trimestre de 2026, ano em que est\u00e1 tamb\u00e9m prevista a concretiza\u00e7\u00e3o final da integra\u00e7\u00e3o do Novo Banco no BPCE.<\/p>\n<p>O Novo Banco diz, em comunicado, que a compra do Unibanco permite-lhe \u201caumentar a carteira de cr\u00e9dito ao consumo em cerca de 15%, refor\u00e7ando ainda mais a sua posi\u00e7\u00e3o no mercado portugu\u00eas de cr\u00e9dito ao consumo\u201d.<\/p>\n<p>A Unicre ficar\u00e1 com a atividade ligada aos sistemas de pagamentos, que opera sob a marca Reduniq. O Novo Banco \u00e9 um dos acionistas da Unicre, com 17,5%. O maior acionista da Unicre \u00e9 o BCP com 32%, seguindo-se o Santander Totta com 21,86% e o BPI com 21,01%. O Montepio tem 3,84%, a Oitante 1,75%, o BBVA 0,95%, o Cr\u00e9dito Agr\u00edcola, o WiZink, o Banco Brasil t\u00eam, cada, 0,36%.<\/p>\n<p class=\"p1\"><b>[Horas depois do crime, a pol\u00edcia vai encontrar o assassino de Issam Sartawi, o dirigente palestiniano morto no \u00e1trio de um hotel de Albufeira. Mas, tamb\u00e9m vai descobrir que ele n\u00e3o \u00e9 quem diz ser. <\/b><a href=\"https:\/\/observador.pt\/programas\/1983-portugal-queima-roupa\/episodio-2-o-terrorista-do-quarto-507\/\" rel=\"nofollow noopener\" target=\"_blank\"><b>\u201c1983: Portugal \u00e0 Queima-Roupa\u201d<\/b><\/a><b>\u00a0\u00e9 a hist\u00f3ria do ano em que dois grupos terroristas internacionais atacaram em Portugal. Um comando paramilitar tomou de assalto uma embaixada em Lisboa e esta execu\u00e7\u00e3o sum\u00e1ria no Algarve abalou o M\u00e9dio Oriente. \u00c9 narrada pela atriz Victoria Guerra, com banda sonora original dos Linda Martini. Ou\u00e7a\u00a0<\/b><a href=\"https:\/\/observador.pt\/programas\/1983-portugal-queima-roupa\/episodio-2-o-terrorista-do-quarto-507\/\" target=\"_blank\" rel=\"noopener nofollow\"><b>o segundo\u00a0epis\u00f3dio no site do Observador<\/b><\/a><b>, na\u00a0<\/b><a href=\"https:\/\/podcasts.apple.com\/pt\/podcast\/epis%C3%B3dio-2-o-terrorista-do-quarto-507-1983-portugal\/id1826483822?i=1000719550087\" rel=\"nofollow noopener\" target=\"_blank\"><b>Apple Podcasts<\/b><\/a><b>, no\u00a0<\/b><a href=\"https:\/\/open.spotify.com\/episode\/6EXvMJfbfCkTXd4iGuJ5rC?si=0198393f78c54717\" rel=\"nofollow noopener\" target=\"_blank\"><b>Spotify<\/b><\/a><b>\u00a0e no\u00a0<\/b><a href=\"https:\/\/music.youtube.com\/watch?v=MY_EQS3lQVA&amp;si=PLztu9afRzUz4s_c\" rel=\"nofollow noopener\" target=\"_blank\"><b>Youtube Music<\/b><\/a><b>. E ou\u00e7a o primeiro\u00a0<a href=\"https:\/\/observador.pt\/programas\/1983-portugal-queima-roupa\/estreia-1983-portugal-a-queima-roupa-episodio-1-um-corpo-no-lobby-do-hotel\/\" rel=\"nofollow noopener\" target=\"_blank\">aqui<\/a>]<\/b><\/p>\n<p><a href=\"https:\/\/observador.pt\/programas\/1983-portugal-queima-roupa\/episodio-2-o-terrorista-do-quarto-507\/\" rel=\"nofollow noopener\" target=\"_blank\"><\/p>\n<p>        <img src=\"https:\/\/www.europesays.com\/pt\/wp-content\/uploads\/2025\/08\/1983-capa-com-playjpg.jpeg\" alt=\"\" loading=\"lazy\" decoding=\"async\" class=\"alignnone\" onload=\"this.parentElement.classList.remove('spinner')\" onerror=\"this.parentElement.classList.remove('spinner')\" width=\"770\" height=\"433\"\/><br \/>\n<\/a><\/p>\n","protected":false},"excerpt":{"rendered":"O Novo Banco, que est\u00e1 em processo de compra pelos franceses do BPCE, adquiriu o neg\u00f3cio Unibanco da&hellip;\n","protected":false},"author":2,"featured_media":12136,"comment_status":"","ping_status":"","sticky":false,"template":"","format":"standard","meta":{"footnotes":""},"categories":[83],"tags":[475,88,476,89,90,2347,32,33],"class_list":{"0":"post-12135","1":"post","2":"type-post","3":"status-publish","4":"format-standard","5":"has-post-thumbnail","7":"category-empresas","8":"tag-banca","9":"tag-business","10":"tag-economia","11":"tag-economy","12":"tag-empresas","13":"tag-novo-banco","14":"tag-portugal","15":"tag-pt"},"share_on_mastodon":{"url":"","error":""},"_links":{"self":[{"href":"https:\/\/www.europesays.com\/pt\/wp-json\/wp\/v2\/posts\/12135","targetHints":{"allow":["GET"]}}],"collection":[{"href":"https:\/\/www.europesays.com\/pt\/wp-json\/wp\/v2\/posts"}],"about":[{"href":"https:\/\/www.europesays.com\/pt\/wp-json\/wp\/v2\/types\/post"}],"author":[{"embeddable":true,"href":"https:\/\/www.europesays.com\/pt\/wp-json\/wp\/v2\/users\/2"}],"replies":[{"embeddable":true,"href":"https:\/\/www.europesays.com\/pt\/wp-json\/wp\/v2\/comments?post=12135"}],"version-history":[{"count":0,"href":"https:\/\/www.europesays.com\/pt\/wp-json\/wp\/v2\/posts\/12135\/revisions"}],"wp:featuredmedia":[{"embeddable":true,"href":"https:\/\/www.europesays.com\/pt\/wp-json\/wp\/v2\/media\/12136"}],"wp:attachment":[{"href":"https:\/\/www.europesays.com\/pt\/wp-json\/wp\/v2\/media?parent=12135"}],"wp:term":[{"taxonomy":"category","embeddable":true,"href":"https:\/\/www.europesays.com\/pt\/wp-json\/wp\/v2\/categories?post=12135"},{"taxonomy":"post_tag","embeddable":true,"href":"https:\/\/www.europesays.com\/pt\/wp-json\/wp\/v2\/tags?post=12135"}],"curies":[{"name":"wp","href":"https:\/\/api.w.org\/{rel}","templated":true}]}}