{"id":121354,"date":"2025-10-22T04:07:33","date_gmt":"2025-10-22T04:07:33","guid":{"rendered":"https:\/\/www.europesays.com\/pt\/121354\/"},"modified":"2025-10-22T04:07:33","modified_gmt":"2025-10-22T04:07:33","slug":"oficial-nottingham-forest-anuncia-sean-dyche-que-se-estreia-frente-ao-fc-porto","status":"publish","type":"post","link":"https:\/\/www.europesays.com\/pt\/121354\/","title":{"rendered":"OFICIAL: Nottingham Forest anuncia Sean Dyche, que se estreia frente ao FC Porto"},"content":{"rendered":"<p style=\"margin-bottom:11px\">Sean Dyche sucede a Ange Postecoglou no comando t\u00e9cnico do Nottingham Forest, que recebe o FC Porto na noite desta quinta-feira (20h), na terceira ronda da fase liga da Liga Europa. A oficializa\u00e7\u00e3o aconteceu na manh\u00e3 desta ter\u00e7a-feira, uma hora depois de o treinador ingl\u00eas ser visto a chegar ao centro de treinos do Nottingham.<\/p>\n<p>Aos 54 anos e com mais de 330 jogos enquanto timoneiro na Premier League, Dyche orientou Watford, Burnley (2012-2022) e Everton (2022-2025). Neste percurso conquistou um Championship (2015\/16) e acumulou cr\u00e9ditos pela tenacidade e exig\u00eancia, assim como pelas equipas dif\u00edceis de desconstruir, sobretudo pela organiza\u00e7\u00e3o defensiva. De recordar que, enquanto defesa, Sean Dyche passou pelos juniores do Nottingham, entre 1987 e 1989, mas sem alcan\u00e7ar a equipa principal.<\/p>\n<p>O novo timoneiro do Forest continua acompanhado pelos adjuntos Steve Stone e Ian Woan, figuras ic\u00f3nicas em Nottingham, uma vez que, outrora m\u00e9dios, vestiram o vermelho deste emblema entre 1989 e 1998, e entre 1990 e 2000, respetivamente.<\/p>\n<p>\u00a0<\/p>\n<blockquote class=\"twitter-tweet\">\n<p lang=\"en\">Back home. \u2764\ufe0f <a href=\"https:\/\/t.co\/7TIvARPgyc\" rel=\"nofollow\">pic.twitter.com\/7TIvARPgyc<\/a><\/p>\n<p> \u2014 Nottingham Forest (@NFFC)<br \/>\n  <a href=\"https:\/\/twitter.com\/NFFC\/status\/1980546748264374779?ref_src=twsrc%5Etfw\" rel=\"nofollow noopener\" target=\"_blank\">October 21, 2025<\/a>\n <\/p><\/blockquote>\n<p>Depois da campanha inesquec\u00edvel com Nuno Esp\u00edrito Santo ao leme, o <a href=\"https:\/\/maisfutebol.iol.pt\/resultadoseclassificacoes\/107\/Inglaterra\/Premier-League\" rel=\"nofollow noopener\" target=\"_blank\">Nottingham \u00e9 18.\u00ba classificado da Premier League \u2013 a primeira equipa em zona de despromo\u00e7\u00e3o<\/a>, \u00e0 frente de Wolves (V\u00edtor Pereira) e West Ham (Nuno Esp\u00edrito Santo) \u2013 com cinco pontos, a dois do Burnley.<\/p>\n<p>A estreia de Sean Dyche vai acontecer em Nottingham, na <a href=\"https:\/\/maisfutebol.iol.pt\/jogo\/nottingham-forest\/fc-porto\/13830325\" rel=\"nofollow noopener\" target=\"_blank\">rece\u00e7\u00e3o ao FC Porto \u2013 na quinta-feira<\/a> (20h) \u2013 na terceira ronda da Liga Europa. Os ingleses s\u00e3o 25.\u00ba classificados, com um ponto, a cinco do FC Porto (6.\u00ba).<\/p>\n<p>\u00a0<\/p>\n<blockquote class=\"twitter-tweet\">\n<p lang=\"en\">Nottingham Forest is delighted to confirm the appointment of Sean Dyche as the Club\u2019s new Head Coach, following a thorough recruitment process led by Global Head of Football, Edu Gaspar, and Global Technical Director, George Syrianos.<br \/>\u00a0<\/p>\n<p>The former Forest youth player joins the\u2026 <a href=\"https:\/\/t.co\/ZjUZdG4E6j\" rel=\"nofollow\">pic.twitter.com\/ZjUZdG4E6j<\/a><\/p>\n<p>\u00a0<\/p>\n<p> \u2014 Nottingham Forest (@NFFC)<br \/>\n  <a href=\"https:\/\/twitter.com\/NFFC\/status\/1980540862380507412?ref_src=twsrc%5Etfw\" rel=\"nofollow noopener\" target=\"_blank\">October 21, 2025<\/a>\n <\/p><\/blockquote>\n<p>                                <script async src=\"https:\/\/platform.twitter.com\/widgets.js\" charset=\"utf-8\"><\/script><\/p>\n","protected":false},"excerpt":{"rendered":"Sean Dyche sucede a Ange Postecoglou no comando t\u00e9cnico do Nottingham Forest, que recebe o FC Porto na&hellip;\n","protected":false},"author":2,"featured_media":121355,"comment_status":"","ping_status":"","sticky":false,"template":"","format":"standard","meta":{"footnotes":""},"categories":[87],"tags":[135,282,665,82,137,46,40,42,41,1527,462,32,666,33,47,25706,134,35],"class_list":{"0":"post-121354","1":"post","2":"type-post","3":"status-publish","4":"format-standard","5":"has-post-thumbnail","7":"category-desporto","8":"tag-desporto","9":"tag-fc-porto","10":"tag-inglaterra","11":"tag-internacional","12":"tag-liga-europa","13":"tag-maisfutebol","14":"tag-maistransferencias","15":"tag-mercado","16":"tag-mercado-de-transferencias","17":"tag-nottingham-forest","18":"tag-porto","19":"tag-portugal","20":"tag-premier-league","21":"tag-pt","22":"tag-pura-paixao","23":"tag-sean-dyche","24":"tag-sports","25":"tag-transferencias"},"share_on_mastodon":{"url":"https:\/\/pubeurope.com\/@pt\/115415852203002631","error":""},"_links":{"self":[{"href":"https:\/\/www.europesays.com\/pt\/wp-json\/wp\/v2\/posts\/121354","targetHints":{"allow":["GET"]}}],"collection":[{"href":"https:\/\/www.europesays.com\/pt\/wp-json\/wp\/v2\/posts"}],"about":[{"href":"https:\/\/www.europesays.com\/pt\/wp-json\/wp\/v2\/types\/post"}],"author":[{"embeddable":true,"href":"https:\/\/www.europesays.com\/pt\/wp-json\/wp\/v2\/users\/2"}],"replies":[{"embeddable":true,"href":"https:\/\/www.europesays.com\/pt\/wp-json\/wp\/v2\/comments?post=121354"}],"version-history":[{"count":0,"href":"https:\/\/www.europesays.com\/pt\/wp-json\/wp\/v2\/posts\/121354\/revisions"}],"wp:featuredmedia":[{"embeddable":true,"href":"https:\/\/www.europesays.com\/pt\/wp-json\/wp\/v2\/media\/121355"}],"wp:attachment":[{"href":"https:\/\/www.europesays.com\/pt\/wp-json\/wp\/v2\/media?parent=121354"}],"wp:term":[{"taxonomy":"category","embeddable":true,"href":"https:\/\/www.europesays.com\/pt\/wp-json\/wp\/v2\/categories?post=121354"},{"taxonomy":"post_tag","embeddable":true,"href":"https:\/\/www.europesays.com\/pt\/wp-json\/wp\/v2\/tags?post=121354"}],"curies":[{"name":"wp","href":"https:\/\/api.w.org\/{rel}","templated":true}]}}