{"id":121362,"date":"2025-10-22T04:29:08","date_gmt":"2025-10-22T04:29:08","guid":{"rendered":"https:\/\/www.europesays.com\/pt\/121362\/"},"modified":"2025-10-22T04:29:08","modified_gmt":"2025-10-22T04:29:08","slug":"filho-de-thiaguinho-e-carol-peixinho-ganha-festa-de-mesversario-com-tema-de-halloween","status":"publish","type":"post","link":"https:\/\/www.europesays.com\/pt\/121362\/","title":{"rendered":"Filho de Thiaguinho e Carol Peixinho ganha festa de mesvers\u00e1rio com tema de Halloween"},"content":{"rendered":"<p>O cantor <a href=\"https:\/\/caras.com.br\/tags\/thiaguinho\" rel=\"nofollow noopener\" target=\"_blank\"><strong>Thiaguinho<\/strong><\/a> e a influenciadora digital <a href=\"https:\/\/caras.com.br\/tags\/carol-peixinho\" rel=\"nofollow noopener\" target=\"_blank\"><strong>Carol Peixinho<\/strong><\/a> comemoraram o primeiro m\u00eas de vida do filho, <strong>Bento<\/strong>, com uma festa em casa. Eles organizaram uma celebra\u00e7\u00e3o de m\u00easversario intimista para marcar a data especial.<\/p>\n<p>Nesta ter\u00e7a-feira, 21, eles receberam a fam\u00edlia em uma festinha com o tema de Halloween, que \u00e9 o Dia das Bruxas. O local foi enfeitado com as cores laranja, preto e branco, e o beb\u00ea usou uma fantasia de ab\u00f3bora. Inclusive, o bolo da festa teve at\u00e9 a miniatura de um fantasma.<\/p>\n<p>\u201cEntre travessuras e gostosuras, o abobrinha mais fofo do peda\u00e7o est\u00e1 fazendo 1 m\u00eas! Nosso primeiro mesvers\u00e1rio chegou no clima de Halloween em fam\u00edlia\u201d, disseram na legenda.<\/p>\n<blockquote class=\"instagram-media\" style=\"background: #FFF; border: 0; border-radius: 3px; box-shadow: 0 0 1px 0 rgba(0,0,0,0.5),0 1px 10px 0 rgba(0,0,0,0.15); margin: 1px; max-width: 540px; min-width: 326px; padding: 0; width: calc(100% - 2px);\" data-instgrm-captioned=\"\" data-instgrm-permalink=\"https:\/\/www.instagram.com\/p\/DQFvXmNkbeN\/?utm_source=ig_embed&amp;utm_campaign=loading\" data-instgrm-version=\"14\"><\/blockquote>\n<p>Bento completou o primeiro m\u00eas de vida no domingo, 19, e ganhou uma declara\u00e7\u00e3o carinhosa dos pais. Nas redes sociais, eles compartilharam um ensaio fotogr\u00e1fico com o herdeiro e uma mensagem especial.<\/p>\n<p>\u201cHoje nosso Bento completa 1 m\u00eas de vida. Esperamos tanto por voc\u00ea, filho\u2026 E por mais que muita gente tentasse explicar o que \u00e9 sentir AMOR por um filho, nada chega perto do que sentimos por voc\u00ea. Foi o m\u00eas mais intenso e do amor mais puro que j\u00e1 vivemos. Obrigado, Bento, por transformar nossa casa, nossos dias e nossos cora\u00e7\u00f5es. Se 1 m\u00eas juntos j\u00e1 \u00e9 assim, imagina a vida toda\u2026 Te amamos, filho. Pra sempre. Feliz 1 m\u00eas, Bento!\u201d, disseram.<\/p>\n<blockquote class=\"instagram-media\" style=\"background: #FFF; border: 0; border-radius: 3px; box-shadow: 0 0 1px 0 rgba(0,0,0,0.5),0 1px 10px 0 rgba(0,0,0,0.15); margin: 1px; max-width: 540px; min-width: 326px; padding: 0; width: calc(100% - 2px);\" data-instgrm-captioned=\"\" data-instgrm-permalink=\"https:\/\/www.instagram.com\/p\/DP_w1zjjhAE\/?utm_source=ig_embed&amp;utm_campaign=loading\" data-instgrm-version=\"14\"><\/blockquote>\n<p>  O an\u00fancio do nascimento <\/p>\n<p>Thiaguinho e Carol Peixinho <a href=\"https:\/\/caras.com.br\/bebe\/nasceu-carol-peixinho-da-a-luz-bento-seu-primeiro-filho-com-thiaguinho.phtml\" rel=\"nofollow noopener\" target=\"_blank\">anunciaram o nascimento de Bento por meio de um post nas redes sociais.<\/a> Os dois compartilharam fotos feitas na sala de parto e falaram sobre a alegria de se tornarem pais.<\/p>\n<p>\u201cOi, gente! Cheguei! Sou eu, BENTO! Nasci na madrugada do dia 19\/09, \u00e0s 00h22, trazendo comigo muito amor, luz e alegria! Mam\u00e3e e eu estamos bem, e Papai est\u00e1 radiante de felicidade! Fui muito esperado e j\u00e1 recebi tanto carinho\u2026 Presentes, mensagens, abra\u00e7os cheios de energia boa\u2026 Senti cada um de voc\u00eas pertinho de mim mesmo antes de chegar! Estou come\u00e7ando minha vida cercado de amor, b\u00ean\u00e7\u00e3os e sorrisos, e mal posso esperar para conhecer cada um que torceu por mim! Obrigadinho a todos pelo carinho, pelas ora\u00e7\u00f5es e pelo amor que j\u00e1 sinto no cora\u00e7\u00e3o! Agora \u00e9 hora de viver, crescer e espalhar alegria! Que Deus aben\u00e7oe minha jornada! Me desejem energias positivas! Com muito amor, Bento e Fam\u00edlia\u201d, escreveram.<\/p>\n<p><strong>Leia tamb\u00e9m<\/strong>: <a href=\"https:\/\/caras.com.br\/bebe\/carol-peixinho-desabafa-sobre-perrengue-na-rotina-com-recem-nascido-ja-chorei.phtml\" rel=\"nofollow noopener\" target=\"_blank\">Carol Peixinho desabafa sobre perrengue na rotina com rec\u00e9m-nascido: \u2018J\u00e1 chorei\u2019<\/a><\/p>\n<p>        <a href=\"https:\/\/caras.com.br\/autor\/priscilla-comoti\" rel=\"nofollow noopener\" target=\"_blank\">&#13;<br \/>\n          <img loading=\"lazy\" alt=\"Priscilla Comoti\" src=\"https:\/\/www.europesays.com\/pt\/wp-content\/uploads\/2025\/10\/1761107348_976_e53883bdf02c542f6517b68879e8cb08b27a1d55c4dfd53577e47d3ab6331a06\"  class=\"avatar avatar-115 photo rounded-circle mr-3\" height=\"115\" width=\"115\" decoding=\"async\"\/>        <\/a><\/p>\n<p>Priscilla Comoti \u00e9 editora de conte\u00fado do site CARAS. Ela \u00e9 formada em jornalismo e em audiovisual, j\u00e1 passou pelos sites Contigo!, Minha Novela, TiTiTi, Mais Novela e Portal M\u00e1rcia Piovesan. Escreve sobre celebridades, not\u00edcias sobre a fam\u00edlia real brit\u00e2nica, TV, reality show e novelas.<\/p>\n<p>\t                                            <script async src=\"\/\/www.instagram.com\/embed.js\"><\/script><\/p>\n","protected":false},"excerpt":{"rendered":"O cantor Thiaguinho e a influenciadora digital Carol Peixinho comemoraram o primeiro m\u00eas de vida do filho, Bento,&hellip;\n","protected":false},"author":2,"featured_media":121363,"comment_status":"","ping_status":"","sticky":false,"template":"","format":"standard","meta":{"footnotes":""},"categories":[145],"tags":[13603,20619,211,210,114,115,7145,32,33,11637],"class_list":{"0":"post-121362","1":"post","2":"type-post","3":"status-publish","4":"format-standard","5":"has-post-thumbnail","7":"category-celebridades","8":"tag-bento","9":"tag-carol-peixinho","10":"tag-celebridades","11":"tag-celebrities","12":"tag-entertainment","13":"tag-entretenimento","14":"tag-mesversario","15":"tag-portugal","16":"tag-pt","17":"tag-thiaguinho"},"share_on_mastodon":{"url":"https:\/\/pubeurope.com\/@pt\/115415938798460561","error":""},"_links":{"self":[{"href":"https:\/\/www.europesays.com\/pt\/wp-json\/wp\/v2\/posts\/121362","targetHints":{"allow":["GET"]}}],"collection":[{"href":"https:\/\/www.europesays.com\/pt\/wp-json\/wp\/v2\/posts"}],"about":[{"href":"https:\/\/www.europesays.com\/pt\/wp-json\/wp\/v2\/types\/post"}],"author":[{"embeddable":true,"href":"https:\/\/www.europesays.com\/pt\/wp-json\/wp\/v2\/users\/2"}],"replies":[{"embeddable":true,"href":"https:\/\/www.europesays.com\/pt\/wp-json\/wp\/v2\/comments?post=121362"}],"version-history":[{"count":0,"href":"https:\/\/www.europesays.com\/pt\/wp-json\/wp\/v2\/posts\/121362\/revisions"}],"wp:featuredmedia":[{"embeddable":true,"href":"https:\/\/www.europesays.com\/pt\/wp-json\/wp\/v2\/media\/121363"}],"wp:attachment":[{"href":"https:\/\/www.europesays.com\/pt\/wp-json\/wp\/v2\/media?parent=121362"}],"wp:term":[{"taxonomy":"category","embeddable":true,"href":"https:\/\/www.europesays.com\/pt\/wp-json\/wp\/v2\/categories?post=121362"},{"taxonomy":"post_tag","embeddable":true,"href":"https:\/\/www.europesays.com\/pt\/wp-json\/wp\/v2\/tags?post=121362"}],"curies":[{"name":"wp","href":"https:\/\/api.w.org\/{rel}","templated":true}]}}