{"id":121366,"date":"2025-10-22T04:43:09","date_gmt":"2025-10-22T04:43:09","guid":{"rendered":"https:\/\/www.europesays.com\/pt\/121366\/"},"modified":"2025-10-22T04:43:09","modified_gmt":"2025-10-22T04:43:09","slug":"rosalia-nao-pediu-autorizacao-para-evento-na-gran-via-de-madrid-e-arrisca-multa","status":"publish","type":"post","link":"https:\/\/www.europesays.com\/pt\/121366\/","title":{"rendered":"Rosal\u00eda n\u00e3o pediu autoriza\u00e7\u00e3o para evento na Gran Via de Madrid e arrisca multa"},"content":{"rendered":"<p>Na noite de segunda-feira, a Gran V\u00eda e a pra\u00e7a de Callao, no cora\u00e7\u00e3o de Madrid, transformaram-se num ponto de encontro improvisado de f\u00e3s de Rosal\u00eda. A cantora catal\u00e3 apresentou o seu novo \u00e1lbum, &#8220;Lux&#8221;, projetando imagens nas fachadas luminosas e saudando os seguidores desde a janela do hotel Vincci Capitol, antes de sair \u00e0 rua, sem qualquer comunica\u00e7\u00e3o pr\u00e9via \u00e0 C\u00e2mara Municipal.<\/p>\n<p data-remotead-prev-elm=\"true\" data-remotead-elm-id=\"inread\">A C\u00e2mara de Madrid confirmou esta ter\u00e7a-feira que &#8220;n\u00e3o houve pedido formal de autoriza\u00e7\u00e3o&#8221; para o evento. A vice-presidente da C\u00e2mara e porta-voz municipal, Inma Sanz, falou \u00e0 margem de um balan\u00e7o sobre vacina\u00e7\u00e3o, afirmando que &#8220;est\u00e1 a ser analisado se houve comunica\u00e7\u00e3o \u00e0s \u00e1reas competentes. Caso se confirme a aus\u00eancia de autoriza\u00e7\u00e3o, atuar-se-\u00e1 em conformidade&#8221;. Os servi\u00e7os de Mobilidade, Seguran\u00e7a e Cultura est\u00e3o a rever se o evento foi comunicado, mas at\u00e9 agora &#8220;n\u00e3o parece ter existido autoriza\u00e7\u00e3o expressa&#8221;.<\/p>\n<blockquote data-type=\"articles\" data-id=\"related-article-18010900\"><p>\n              <strong>Leia tamb\u00e9m <\/strong><br \/>\n              <a href=\"https:\/\/www.jn.pt\/pessoas\/artigo\/rosalia-surpreende-fas-ao-correr-pela-gran-via-e-anuncia-novo-album-em-madrid\/18010900\" rel=\"nofollow noopener\" target=\"_blank\">Rosal\u00eda surpreende f\u00e3s ao correr pela Gran Via e anuncia novo \u00e1lbum em Madrid<\/a>\n            <\/p><\/blockquote>\n<p>Evento espont\u00e2neo sem pr\u00e9-aviso<\/p>\n<p>De acordo com a imprensa espanhola, o delegado da C\u00e2mara para Urbanismo, Ambiente e Mobilidade, Borja Carabante, refor\u00e7ou que &#8220;n\u00e3o consta qualquer pedido de permiss\u00e3o&#8221; e que, se se confirmar a irregularidade, ser\u00e1 aberto um processo disciplinar. Apesar disso, destacou que a infra\u00e7\u00e3o provavelmente ser\u00e1 considerada leve, uma vez que &#8220;n\u00e3o houve montagem de palco nem emiss\u00e3o de ru\u00eddo&#8221;.<\/p>\n<p data-remotead-prev-elm=\"true\" data-remotead-elm-id=\"centro1\">O evento mobilizou centenas de f\u00e3s em quest\u00e3o de minutos, ap\u00f3s um direto da artista no TikTok, e obrigou ao encerramento tempor\u00e1rio da esta\u00e7\u00e3o de metro de Callao, bem como ao corte parcial da circula\u00e7\u00e3o na Gran Via. A Pol\u00edcia Municipal descreveu a concentra\u00e7\u00e3o como &#8220;espont\u00e2nea&#8221;, j\u00e1 que n\u00e3o tinha sido previamente informada.<\/p>\n<p>Segundo a legisla\u00e7\u00e3o regional, atos p\u00fablicos realizados sem a devida autoriza\u00e7\u00e3o podem resultar em multas que v\u00e3o de 4500 a 90 mil euros, dependendo da gravidade. A C\u00e2mara ainda n\u00e3o confirmou se a artista ser\u00e1 sancionada nem o valor da eventual multa.<\/p>\n<p data-remotead-prev-elm=\"true\" data-remotead-elm-id=\"centro2\">Apesar da pol\u00e9mica, &#8220;Lux&#8221;, o quarto \u00e1lbum de Rosal\u00eda, mant\u00e9m a data de lan\u00e7amento prevista para 7 de novembro, deixando uma marca inesperada no calend\u00e1rio cultural de Madrid.<\/p>\n","protected":false},"excerpt":{"rendered":"Na noite de segunda-feira, a Gran V\u00eda e a pra\u00e7a de Callao, no cora\u00e7\u00e3o de Madrid, transformaram-se num&hellip;\n","protected":false},"author":2,"featured_media":121367,"comment_status":"","ping_status":"","sticky":false,"template":"","format":"standard","meta":{"footnotes":""},"categories":[145],"tags":[211,210,114,115,3564,1507,28077,6312,6203,32,33,2352],"class_list":{"0":"post-121366","1":"post","2":"type-post","3":"status-publish","4":"format-standard","5":"has-post-thumbnail","7":"category-celebridades","8":"tag-celebridades","9":"tag-celebrities","10":"tag-entertainment","11":"tag-entretenimento","12":"tag-evento","13":"tag-fas","14":"tag-gran-via","15":"tag-madrid","16":"tag-multa","17":"tag-portugal","18":"tag-pt","19":"tag-rosalia"},"share_on_mastodon":{"url":"https:\/\/pubeurope.com\/@pt\/115415994621644493","error":""},"_links":{"self":[{"href":"https:\/\/www.europesays.com\/pt\/wp-json\/wp\/v2\/posts\/121366","targetHints":{"allow":["GET"]}}],"collection":[{"href":"https:\/\/www.europesays.com\/pt\/wp-json\/wp\/v2\/posts"}],"about":[{"href":"https:\/\/www.europesays.com\/pt\/wp-json\/wp\/v2\/types\/post"}],"author":[{"embeddable":true,"href":"https:\/\/www.europesays.com\/pt\/wp-json\/wp\/v2\/users\/2"}],"replies":[{"embeddable":true,"href":"https:\/\/www.europesays.com\/pt\/wp-json\/wp\/v2\/comments?post=121366"}],"version-history":[{"count":0,"href":"https:\/\/www.europesays.com\/pt\/wp-json\/wp\/v2\/posts\/121366\/revisions"}],"wp:featuredmedia":[{"embeddable":true,"href":"https:\/\/www.europesays.com\/pt\/wp-json\/wp\/v2\/media\/121367"}],"wp:attachment":[{"href":"https:\/\/www.europesays.com\/pt\/wp-json\/wp\/v2\/media?parent=121366"}],"wp:term":[{"taxonomy":"category","embeddable":true,"href":"https:\/\/www.europesays.com\/pt\/wp-json\/wp\/v2\/categories?post=121366"},{"taxonomy":"post_tag","embeddable":true,"href":"https:\/\/www.europesays.com\/pt\/wp-json\/wp\/v2\/tags?post=121366"}],"curies":[{"name":"wp","href":"https:\/\/api.w.org\/{rel}","templated":true}]}}