{"id":121384,"date":"2025-10-22T05:18:12","date_gmt":"2025-10-22T05:18:12","guid":{"rendered":"https:\/\/www.europesays.com\/pt\/121384\/"},"modified":"2025-10-22T05:18:12","modified_gmt":"2025-10-22T05:18:12","slug":"esta-e-a-perdicao-de-ines-castel-branco-que-so-o-filho-conhece-novelas","status":"publish","type":"post","link":"https:\/\/www.europesays.com\/pt\/121384\/","title":{"rendered":"Esta \u00e9 a perdi\u00e7\u00e3o de In\u00eas Castel-Branco que s\u00f3 o filho conhece &#8211; Novelas"},"content":{"rendered":"<p data-end=\"675\" data-start=\"245\">A atriz <a href=\"https:\/\/tvi.iol.pt\/novelas\/ines-castel-branco\/manuel-moreira\/ines-castel-branco-faz-declaracao-de-amor-a-pessoa-especial-o-homem-que-mais-versoes-minhas-aturou\" rel=\"nofollow noopener\" target=\"_blank\"><strong data-end=\"275\" data-start=\"253\">In\u00eas Castel Branco<\/strong><\/a>, conhecida por dar vida a <strong data-end=\"338\" data-start=\"302\">Alice em <\/strong><strong>Morangos com A\u00e7\u00facar 3, a Lal\u00e1 na novela cacau e<\/strong> por outros projetos televisivos e teatrais, voltou a conquistar os f\u00e3s, desta vez fora dos ecr\u00e3s. A artista criou recentemente um conte\u00fado digital em parceria com a sua ag\u00eancia <strong data-end=\"534\" data-start=\"518\">Elite Lisbon<\/strong>, intitulado <strong data-end=\"588\" data-start=\"547\">\u00abTudo Pode Acontecer \u2026Inclusive Nada\u00bb<\/strong>, no qual se mostra pr\u00f3xima e divertida, revelando tamb\u00e9m detalhes da sua vida pessoal.<\/p>\n<p data-end=\"1024\" data-start=\"677\">Durante este video, <strong data-end=\"776\" data-start=\"700\">In\u00eas falou sobre a rela\u00e7\u00e3o que mant\u00e9m com o seu filho, Sim\u00e3o, de 15 anos<\/strong>, descrevendo-a como <strong data-end=\"854\" data-start=\"797\">pr\u00f3xima, divertida e cheia de momentos de brincadeira<\/strong>. A atriz contou que o filho gosta especialmente de jogar com ela ao jogo do <strong data-end=\"946\" data-start=\"931\">\u00abPreferias\u00bb.\u00a0<\/strong><\/p>\n<p data-end=\"1441\" data-start=\"1026\">Num destes momentos, Sim\u00e3o questionou In\u00eas sobre <strong data-end=\"1105\" data-start=\"1075\">as suas pequenas perdi\u00e7\u00f5es<\/strong>, e a atriz n\u00e3o hesitou em responder: <strong data-end=\"1271\" data-start=\"1143\">\u201cPreferias s\u00f3 queijo para o resto da vida ou Coca-Cola para o resto da vida? Acho que ia para o queijo, \u00e9 a minha perdi\u00e7\u00e3o.\u201d<\/strong> Este di\u00e1logo simples, mas genu\u00edno, acabou por provocar uma boa dose de gargalhadas \u00e0 atriz, evidenciando a leveza e o humor que caracterizam a rela\u00e7\u00e3o entre m\u00e3e e filho.<\/p>\n<p data-end=\"1768\" data-start=\"1443\">O v\u00eddeo despertou a aten\u00e7\u00e3o dos seguidores de In\u00eas Castel Branco, que n\u00e3o tardaram a comentar com entusiasmo. Entre os coment\u00e1rios, destacam-se <strong data-end=\"1599\" data-start=\"1587\">\u201camoooo\u201d<\/strong>, <strong data-end=\"1629\" data-start=\"1601\">\u201cTamb\u00e9m ADORO queijo \ud83d\ude0d\u201d<\/strong> e <strong data-end=\"1655\" data-start=\"1632\">\u201cGosto Muito de Ti\u201d<\/strong>, mostrando a proximidade que os f\u00e3s sentem com a atriz e a sua naturalidade ao partilhar momentos do quotidiano.<\/p>\n<p data-end=\"1768\" data-start=\"1443\">Reveja aqui uma das entrevistas mais profundas da atriz com Manuel Lu\u00eds Goucha:\u00a0<\/p>\n<p data-end=\"2035\" data-start=\"1770\">Este conte\u00fado \u00e9 mais um exemplo de como <strong data-end=\"1883\" data-start=\"1810\">In\u00eas Castel Branco consegue equilibrar a vida profissional e familiar<\/strong>, mantendo uma presen\u00e7a aut\u00eantica junto dos f\u00e3s e mostrando que, para al\u00e9m das c\u00e2maras, existe uma rela\u00e7\u00e3o cheia de humor e carinho entre m\u00e3e e filho.<\/p>\n<p><strong>Veja aqui:\u00a0<\/strong><\/p>\n<p><a href=\"https:\/\/tvi.iol.pt\/novelas\/cristina-ferreira\/remodelacoes\/cristina-ferreira-revela-duas-das-suas-paixoes-fora-da-televisao\" wbo-id=\"54\" rel=\"nofollow noopener\" target=\"_blank\">Cristina Ferreira revela duas das suas paix\u00f5es fora da televis\u00e3o &#8211; Novelas &#8211; TVI<\/a><\/p>\n<p><a href=\"https:\/\/tvi.iol.pt\/novelas\/paulo-vintem\/marta-melro\/paulo-vintem-quebra-silencio-sobre-separacao-de-marta-melro-o-amor-evolui-e-transforma-se\" wbo-id=\"55\" rel=\"nofollow noopener\" target=\"_blank\">Paulo Vint\u00e9m quebra sil\u00eancio sobre separa\u00e7\u00e3o de Marta Melro: \u00abO amor evolui e transforma-se\u00bb &#8211; Novelas &#8211; TVI<\/a>\u00a0<\/p>\n","protected":false},"excerpt":{"rendered":"A atriz In\u00eas Castel Branco, conhecida por dar vida a Alice em Morangos com A\u00e7\u00facar 3, a Lal\u00e1&hellip;\n","protected":false},"author":2,"featured_media":121385,"comment_status":"","ping_status":"","sticky":false,"template":"","format":"standard","meta":{"footnotes":""},"categories":[142],"tags":[160,28084,166,114,115,157,167,3435,28081,164,161,158,165,159,28082,32,33,28083,156,163,151,162],"class_list":{"0":"post-121384","1":"post","2":"type-post","3":"status-publish","4":"format-standard","5":"has-post-thumbnail","7":"category-tv","8":"tag-ana-guiomar","9":"tag-coca-cola","10":"tag-cristina-ferreira","11":"tag-entertainment","12":"tag-entretenimento","13":"tag-festa-e-festa","14":"tag-ficcao","15":"tag-filho","16":"tag-ines-castel-branco","17":"tag-jose-fidalgo","18":"tag-novelas","19":"tag-para-sempre","20":"tag-pedro-sousa","21":"tag-pedro-teixeira","22":"tag-perdicao","23":"tag-portugal","24":"tag-pt","25":"tag-queijo","26":"tag-queridos-papas","27":"tag-tiago-teotonio-pereira","28":"tag-tv","29":"tag-tvi"},"share_on_mastodon":{"url":"https:\/\/pubeurope.com\/@pt\/115416131356376242","error":""},"_links":{"self":[{"href":"https:\/\/www.europesays.com\/pt\/wp-json\/wp\/v2\/posts\/121384","targetHints":{"allow":["GET"]}}],"collection":[{"href":"https:\/\/www.europesays.com\/pt\/wp-json\/wp\/v2\/posts"}],"about":[{"href":"https:\/\/www.europesays.com\/pt\/wp-json\/wp\/v2\/types\/post"}],"author":[{"embeddable":true,"href":"https:\/\/www.europesays.com\/pt\/wp-json\/wp\/v2\/users\/2"}],"replies":[{"embeddable":true,"href":"https:\/\/www.europesays.com\/pt\/wp-json\/wp\/v2\/comments?post=121384"}],"version-history":[{"count":0,"href":"https:\/\/www.europesays.com\/pt\/wp-json\/wp\/v2\/posts\/121384\/revisions"}],"wp:featuredmedia":[{"embeddable":true,"href":"https:\/\/www.europesays.com\/pt\/wp-json\/wp\/v2\/media\/121385"}],"wp:attachment":[{"href":"https:\/\/www.europesays.com\/pt\/wp-json\/wp\/v2\/media?parent=121384"}],"wp:term":[{"taxonomy":"category","embeddable":true,"href":"https:\/\/www.europesays.com\/pt\/wp-json\/wp\/v2\/categories?post=121384"},{"taxonomy":"post_tag","embeddable":true,"href":"https:\/\/www.europesays.com\/pt\/wp-json\/wp\/v2\/tags?post=121384"}],"curies":[{"name":"wp","href":"https:\/\/api.w.org\/{rel}","templated":true}]}}