{"id":121388,"date":"2025-10-22T05:37:25","date_gmt":"2025-10-22T05:37:25","guid":{"rendered":"https:\/\/www.europesays.com\/pt\/121388\/"},"modified":"2025-10-22T05:37:25","modified_gmt":"2025-10-22T05:37:25","slug":"vem-ai-em-a-protegida-benedita-faz-revelacao-chocante-eu-estou-a-morrer-novelas","status":"publish","type":"post","link":"https:\/\/www.europesays.com\/pt\/121388\/","title":{"rendered":"Vem a\u00ed em \u00abA Protegida\u00bb &#8211; Benedita faz revela\u00e7\u00e3o chocante: \u00abEu estou a morrer\u00bb &#8211; Novelas"},"content":{"rendered":"<p>Em \u00abA Protegida\u00bb, <a href=\"https:\/\/tvi.iol.pt\/novelas\/ator\/mariana-vilalobos\/67ac80ecd34ef72ee44224fe\" wbo-id=\"51\" rel=\"nofollow noopener\" target=\"_blank\">Mariana (Matilde Reym\u00e3o)<\/a>\u00a0vai ter com <a href=\"https:\/\/tvi.iol.pt\/novelas\/ator\/jose-diogo\/67ac875bd34ef72ee4422589\" wbo-id=\"52\" rel=\"nofollow noopener\" target=\"_blank\">Jos\u00e9 Diogo (Pedro Sousa)<\/a>\u00a0e beija-o. JD conta que <a href=\"https:\/\/tvi.iol.pt\/novelas\/search?pagina=1&amp;pesquisa=alexandra+lencastre\" rel=\"nofollow noopener\" target=\"_blank\">Laura (Alexandra Lencastre)<\/a>\u00a0e <a href=\"https:\/\/tvi.iol.pt\/novelas\/search?pagina=1&amp;pesquisa=joaquim+horta\" rel=\"nofollow noopener\" target=\"_blank\">\u00d3scar (Joaquim Horta)<\/a>\u00a0chegaram juntos e Mariana fica muito feliz. JD relembra-a de que namoram \u00e0s escondidas, mas Mariana est\u00e1 a ter dificuldade em conter-se. Benedita aparece e fica feliz por v\u00ea-los juntos. <a href=\"https:\/\/tvi.iol.pt\/novelas\/ator\/benedita-vilalobos\/67ac818fd34ef72ee4422507\" rel=\"nofollow noopener\" target=\"_blank\">Benedita (Maria do C\u00e9u Guerra)<\/a>\u00a0diz que est\u00e1 a morrer e gostava de os ver casar. Mariana fica preocupada com a av\u00f3.<\/p>\n<p>JD diz que Benedita n\u00e3o lhes pode dizer que est\u00e1 a morrer e esperar que eles n\u00e3o reajam. Benedita afirma que j\u00e1 viveu muito e n\u00e3o \u00e9 eterna. S\u00f3 quer garantir que a sua filha, neta e bisneta ficam bem. Benedita recorda que JD prometeu casar com Mariana e gostava muito de assistir a isso.<\/p>\n<p>Recorde-se que Benedita sempre fez de tudo para que JD e a neta se entendessem:<\/p>\n","protected":false},"excerpt":{"rendered":"Em \u00abA Protegida\u00bb, Mariana (Matilde Reym\u00e3o)\u00a0vai ter com Jos\u00e9 Diogo (Pedro Sousa)\u00a0e beija-o. JD conta que Laura (Alexandra&hellip;\n","protected":false},"author":2,"featured_media":121389,"comment_status":"","ping_status":"","sticky":false,"template":"","format":"standard","meta":{"footnotes":""},"categories":[142],"tags":[168,160,6416,166,114,115,157,167,14916,164,6415,884,881,161,158,165,159,32,33,156,163,151,162],"class_list":{"0":"post-121388","1":"post","2":"type-post","3":"status-publish","4":"format-standard","5":"has-post-thumbnail","7":"category-tv","8":"tag-a-protegida","9":"tag-ana-guiomar","10":"tag-benedita","11":"tag-cristina-ferreira","12":"tag-entertainment","13":"tag-entretenimento","14":"tag-festa-e-festa","15":"tag-ficcao","16":"tag-jd","17":"tag-jose-fidalgo","18":"tag-maria-do-ceu-guerra","19":"tag-mariana","20":"tag-matilde-reymao","21":"tag-novelas","22":"tag-para-sempre","23":"tag-pedro-sousa","24":"tag-pedro-teixeira","25":"tag-portugal","26":"tag-pt","27":"tag-queridos-papas","28":"tag-tiago-teotonio-pereira","29":"tag-tv","30":"tag-tvi"},"share_on_mastodon":{"url":"https:\/\/pubeurope.com\/@pt\/115416206057420240","error":""},"_links":{"self":[{"href":"https:\/\/www.europesays.com\/pt\/wp-json\/wp\/v2\/posts\/121388","targetHints":{"allow":["GET"]}}],"collection":[{"href":"https:\/\/www.europesays.com\/pt\/wp-json\/wp\/v2\/posts"}],"about":[{"href":"https:\/\/www.europesays.com\/pt\/wp-json\/wp\/v2\/types\/post"}],"author":[{"embeddable":true,"href":"https:\/\/www.europesays.com\/pt\/wp-json\/wp\/v2\/users\/2"}],"replies":[{"embeddable":true,"href":"https:\/\/www.europesays.com\/pt\/wp-json\/wp\/v2\/comments?post=121388"}],"version-history":[{"count":0,"href":"https:\/\/www.europesays.com\/pt\/wp-json\/wp\/v2\/posts\/121388\/revisions"}],"wp:featuredmedia":[{"embeddable":true,"href":"https:\/\/www.europesays.com\/pt\/wp-json\/wp\/v2\/media\/121389"}],"wp:attachment":[{"href":"https:\/\/www.europesays.com\/pt\/wp-json\/wp\/v2\/media?parent=121388"}],"wp:term":[{"taxonomy":"category","embeddable":true,"href":"https:\/\/www.europesays.com\/pt\/wp-json\/wp\/v2\/categories?post=121388"},{"taxonomy":"post_tag","embeddable":true,"href":"https:\/\/www.europesays.com\/pt\/wp-json\/wp\/v2\/tags?post=121388"}],"curies":[{"name":"wp","href":"https:\/\/api.w.org\/{rel}","templated":true}]}}