{"id":121401,"date":"2025-10-22T06:31:14","date_gmt":"2025-10-22T06:31:14","guid":{"rendered":"https:\/\/www.europesays.com\/pt\/121401\/"},"modified":"2025-10-22T06:31:14","modified_gmt":"2025-10-22T06:31:14","slug":"filha-de-sophie-charlotte-em-tres-gracas-alana-cabral-e-ex-atriz-mirim-veja-curiosidades","status":"publish","type":"post","link":"https:\/\/www.europesays.com\/pt\/121401\/","title":{"rendered":"Filha de Sophie Charlotte em Tr\u00eas Gra\u00e7as, Alana Cabral \u00e9 ex-atriz mirim; veja curiosidades!"},"content":{"rendered":"\n<p class=\" content-text__container \" data-track-category=\"Link no Texto\" data-track-links=\"\"> A jovem Jo\u00e9lly, de apenas 15 anos, ter\u00e1 a gravidez confirmada logo no in\u00edcio da hist\u00f3ria. O beb\u00ea \u00e9 fruto do romance com Raul (Paulo), rapaz rico que passou a frequentar a Chacrinha em busca de drogas. Como Gerluce nunca quis contar para a filha quem \u00e9 seu pai, Jo\u00e9lly, com sua personalidade forte, se sente no direito de n\u00e3o revelar \u00e0 m\u00e3e que se envolveu com ningu\u00e9m menos que o filho da patroa dela, Arminda (<a class=\"\" href=\"https:\/\/gshow.globo.com\/artistas\/grazi-massafera\/\" rel=\"nofollow noopener\" target=\"_blank\">Grazi Massafera<\/a>). <\/p>\n","protected":false},"excerpt":{"rendered":"A jovem Jo\u00e9lly, de apenas 15 anos, ter\u00e1 a gravidez confirmada logo no in\u00edcio da hist\u00f3ria. O beb\u00ea&hellip;\n","protected":false},"author":2,"featured_media":121402,"comment_status":"","ping_status":"","sticky":false,"template":"","format":"standard","meta":{"footnotes":""},"categories":[144],"tags":[207,205,206,203,201,202,204,114,115,32,33],"class_list":{"0":"post-121401","1":"post","2":"type-post","3":"status-publish","4":"format-standard","5":"has-post-thumbnail","7":"category-arte-e-design","8":"tag-arte","9":"tag-arte-e-design","10":"tag-artedesign","11":"tag-arts","12":"tag-arts-and-design","13":"tag-artsanddesign","14":"tag-design","15":"tag-entertainment","16":"tag-entretenimento","17":"tag-portugal","18":"tag-pt"},"share_on_mastodon":{"url":"https:\/\/pubeurope.com\/@pt\/115416418420591045","error":""},"_links":{"self":[{"href":"https:\/\/www.europesays.com\/pt\/wp-json\/wp\/v2\/posts\/121401","targetHints":{"allow":["GET"]}}],"collection":[{"href":"https:\/\/www.europesays.com\/pt\/wp-json\/wp\/v2\/posts"}],"about":[{"href":"https:\/\/www.europesays.com\/pt\/wp-json\/wp\/v2\/types\/post"}],"author":[{"embeddable":true,"href":"https:\/\/www.europesays.com\/pt\/wp-json\/wp\/v2\/users\/2"}],"replies":[{"embeddable":true,"href":"https:\/\/www.europesays.com\/pt\/wp-json\/wp\/v2\/comments?post=121401"}],"version-history":[{"count":0,"href":"https:\/\/www.europesays.com\/pt\/wp-json\/wp\/v2\/posts\/121401\/revisions"}],"wp:featuredmedia":[{"embeddable":true,"href":"https:\/\/www.europesays.com\/pt\/wp-json\/wp\/v2\/media\/121402"}],"wp:attachment":[{"href":"https:\/\/www.europesays.com\/pt\/wp-json\/wp\/v2\/media?parent=121401"}],"wp:term":[{"taxonomy":"category","embeddable":true,"href":"https:\/\/www.europesays.com\/pt\/wp-json\/wp\/v2\/categories?post=121401"},{"taxonomy":"post_tag","embeddable":true,"href":"https:\/\/www.europesays.com\/pt\/wp-json\/wp\/v2\/tags?post=121401"}],"curies":[{"name":"wp","href":"https:\/\/api.w.org\/{rel}","templated":true}]}}