{"id":121405,"date":"2025-10-22T06:44:22","date_gmt":"2025-10-22T06:44:22","guid":{"rendered":"https:\/\/www.europesays.com\/pt\/121405\/"},"modified":"2025-10-22T06:44:22","modified_gmt":"2025-10-22T06:44:22","slug":"leandro-lima-sera-obrigado-a-deixar-tres-gracas-gala-explica-entrave-com-registro-de-ator","status":"publish","type":"post","link":"https:\/\/www.europesays.com\/pt\/121405\/","title":{"rendered":"Leandro Lima ser\u00e1 obrigado a deixar Tr\u00eas Gra\u00e7as? Gal\u00e3 explica entrave com registro de ator"},"content":{"rendered":"<p>Leandro Lima negou que esteja com pend\u00eancias com rela\u00e7\u00e3o ao Sindicato dos Artistas do Rio (Sated-RJ). O gal\u00e3, que integra o elenco da nova novela das nove, Tr\u00eas Gra\u00e7as, foi acusado de n\u00e3o ter o registro necess\u00e1rio para trabalhar como ator, o que poderia deix\u00e1-lo em maus bocados, mas afirmou que est\u00e1 tudo ok com sua documenta\u00e7\u00e3o.<br alt=\"Leandro Lima ser\u00e1 obrigado a deixar Tr\u00eas Gra\u00e7as? Gal\u00e3 explica entrave com registro de ator\"\/><br alt=\"Leandro Lima ser\u00e1 obrigado a deixar Tr\u00eas Gra\u00e7as? Gal\u00e3 explica entrave com registro de ator\"\/>A pol\u00eamica come\u00e7ou quando a coluna de F\u00e1bia Oliveira no Metr\u00f3poles alegou que o famoso n\u00e3o tinha DRT e que, tanto ele quanto a <a href=\"https:\/\/natelinha.uol.com.br\/televisao\/emissoras\/globo\" rel=\"nofollow noopener\" target=\"_blank\">Globo<\/a>, estavam sendo questionados pelo sindicato pela suposta situa\u00e7\u00e3o irregular do artista.\u00a0<\/p>\n<p>+\u00a0<a href=\"https:\/\/natelinha.uol.com.br\/famosos\/2025\/10\/21\/tata-estaniecki-fala-pela-1-vez-apos-separacao-de-cocielo-e-explica-sumico-232894.php\" rel=\"nofollow noopener\" target=\"_blank\">Tata Estaniecki fala pela 1\u00aa vez ap\u00f3s separa\u00e7\u00e3o de Cocielo e explica sumi\u00e7o <\/a><\/p>\n<p>+\u00a0<a href=\"https:\/\/natelinha.uol.com.br\/famosos\/2025\/10\/21\/cesar-filho-passa-por-cirurgia-e-tem-estado-de-saude-atualizado-232893.php\" rel=\"nofollow noopener\" target=\"_blank\">Cesar Filho passa por cirurgia e tem estado de sa\u00fade atualizado <\/a><\/p>\n<p>De acordo com as fontes da jornalista, Leandro Lima s\u00f3 estaria apto para trabalhar como modelo. O global n\u00e3o teria renovado o documento provis\u00f3rio que recebeu em 2018 e tinha validade de apenas um ano. Hugo Gross, presidente do Sated-RJ, chegou a confirmar a informa\u00e7\u00e3o.<\/p>\n<p>&#8220;A gente, enquanto sindicato, vem sempre tentando fazer a coisa correta, defendendo a categoria e quem tem o registro. N\u00e3o tenho nada contra o Leandro, mas ele mostrou um registro de modelo, e a TV Globo sabe disso. Mesmo assim, querem ir para as \u00faltimas. Mas n\u00f3s estamos aqui para defender o registro&#8221;, pontuou.<\/p>\n<p>continua depois da publicidade<\/p>\n<p>Gross afirmou que est\u00e1 cobrando uma provid\u00eancia h\u00e1 dias: &#8220;Depois enviaram um registro provis\u00f3rio de 2018, vencido. O sindicato est\u00e1 pedindo h\u00e1 uma semana o registro. Se tem o registro, mostra. Ao inv\u00e9s de pedirem a autoriza\u00e7\u00e3o pra ficar na legalidade, n\u00e3o\u2026 Eles [Globo] querem sempre ir para as \u00faltimas, desrespeitando. Um nicho acha que est\u00e1 acima do bem e do mal, mas n\u00f3s estamos aqui para defender a categoria&#8221;.<\/p>\n<p>&#8220;Depois o Sated, e eu em particular, fico mal falado, sendo o vil\u00e3o da hist\u00f3ria. Eu n\u00e3o persigo ningu\u00e9m, fa\u00e7o o meu papel. Tamb\u00e9m cobro atores que est\u00e3o devendo ao sindicato, inclusive famosos. O que eu quero \u00e9 melhorar para a categoria, ajudar quem precisa. Estou cumprindo a miss\u00e3o de presidente do Sated&#8221;, refor\u00e7ou.<\/p>\n<p>continua depois da publicidade<\/p>\n<p>Leandro Lima se explicou<\/p>\n<p><img decoding=\"async\" loading=\"lazy\" class=\"horizontal\" src=\"https:\/\/www.europesays.com\/pt\/wp-content\/uploads\/2025\/10\/h2-leandro-lima-sera-obrigado-a-deixar-tres-gracas-ator-esclarece-sindicato_5704.jpeg\" alt=\"Leandro Lima de \u00f3culos escuros e bon\u00e9, s\u00e9rio, sentado perto de plantas\" width=\"1240\" height=\"719\"\/><\/p>\n<p>Diante dos rumores, <a href=\"https:\/\/natelinha.uol.com.br\/famosos\/tudo-sobre\/leandro-lima\" rel=\"nofollow noopener\" target=\"_blank\">Leandro Lima<\/a> conversou com o portal Leo Dias e declarou que possui o registro profissional (DRT) necess\u00e1rio para atuar. O ator ainda pontuou que algu\u00e9m deve estar apenas tentando conseguir aten\u00e7\u00e3o \u00e0s custas dele.<\/p>\n<p>&#8220;Meu DRT foi emitido em 2008 pelo Minist\u00e9rio do Trabalho, na Para\u00edba. Na \u00e9poca, faziam um provis\u00f3rio at\u00e9 comprovar atividade na \u00e1rea, e o meu definitivo foi emitido por S\u00e3o Paulo. Algum mau-car\u00e1ter deve estar querendo palco&#8221;, esclareceu.<\/p>\n","protected":false},"excerpt":{"rendered":"Leandro Lima negou que esteja com pend\u00eancias com rela\u00e7\u00e3o ao Sindicato dos Artistas do Rio (Sated-RJ). O gal\u00e3,&hellip;\n","protected":false},"author":2,"featured_media":121406,"comment_status":"","ping_status":"","sticky":false,"template":"","format":"standard","meta":{"footnotes":""},"categories":[145],"tags":[211,210,114,115,753,4388,32,33,4376],"class_list":{"0":"post-121405","1":"post","2":"type-post","3":"status-publish","4":"format-standard","5":"has-post-thumbnail","7":"category-celebridades","8":"tag-celebridades","9":"tag-celebrities","10":"tag-entertainment","11":"tag-entretenimento","12":"tag-globo","13":"tag-leandro-lima","14":"tag-portugal","15":"tag-pt","16":"tag-tres-gracas"},"share_on_mastodon":{"url":"https:\/\/pubeurope.com\/@pt\/115416469596356331","error":""},"_links":{"self":[{"href":"https:\/\/www.europesays.com\/pt\/wp-json\/wp\/v2\/posts\/121405","targetHints":{"allow":["GET"]}}],"collection":[{"href":"https:\/\/www.europesays.com\/pt\/wp-json\/wp\/v2\/posts"}],"about":[{"href":"https:\/\/www.europesays.com\/pt\/wp-json\/wp\/v2\/types\/post"}],"author":[{"embeddable":true,"href":"https:\/\/www.europesays.com\/pt\/wp-json\/wp\/v2\/users\/2"}],"replies":[{"embeddable":true,"href":"https:\/\/www.europesays.com\/pt\/wp-json\/wp\/v2\/comments?post=121405"}],"version-history":[{"count":0,"href":"https:\/\/www.europesays.com\/pt\/wp-json\/wp\/v2\/posts\/121405\/revisions"}],"wp:featuredmedia":[{"embeddable":true,"href":"https:\/\/www.europesays.com\/pt\/wp-json\/wp\/v2\/media\/121406"}],"wp:attachment":[{"href":"https:\/\/www.europesays.com\/pt\/wp-json\/wp\/v2\/media?parent=121405"}],"wp:term":[{"taxonomy":"category","embeddable":true,"href":"https:\/\/www.europesays.com\/pt\/wp-json\/wp\/v2\/categories?post=121405"},{"taxonomy":"post_tag","embeddable":true,"href":"https:\/\/www.europesays.com\/pt\/wp-json\/wp\/v2\/tags?post=121405"}],"curies":[{"name":"wp","href":"https:\/\/api.w.org\/{rel}","templated":true}]}}