{"id":121413,"date":"2025-10-22T07:13:26","date_gmt":"2025-10-22T07:13:26","guid":{"rendered":"https:\/\/www.europesays.com\/pt\/121413\/"},"modified":"2025-10-22T07:13:26","modified_gmt":"2025-10-22T07:13:26","slug":"falta-menos-de-um-mes-para-abrir-uma-das-lojas-mercadona-mais-desejadas-pelos-portugueses-noticias-de-hoje","status":"publish","type":"post","link":"https:\/\/www.europesays.com\/pt\/121413\/","title":{"rendered":"Falta menos de um m\u00eas para abrir uma das lojas Mercadona mais desejadas pelos portugueses &#8211; Not\u00edcias de hoje"},"content":{"rendered":"<p>A espera est\u00e1 quase a terminar. A <a href=\"https:\/\/www.mercadona.pt\/pt\/atualidade\/mercadona-abre-na-alta-de-lisboa\/news\" target=\"_blank\" rel=\"nofollow noopener\">Mercadona vai abrir uma das suas lojas mais aguardadas no pa\u00eds<\/a> &#8211; em Lisboa. A inaugura\u00e7\u00e3o est\u00e1 marcada para o dia <strong>13 de novembro<\/strong>, \u00e0s <strong>09h00<\/strong>, na <strong>Rua Herm\u00ednio da Palma In\u00e1cio<\/strong>, na <strong>Alta de Lisboa<\/strong>.<\/p>\n<p>Seis anos depois de iniciar a expans\u00e3o em Portugal, a marca espanhola cumpre finalmente o desejo de muitos consumidores: ter uma loja dentro da cidade de Lisboa.<\/p>\n<p>&#8220;Este novo supermercado vai gerar\u00a0<strong>cerca de 90 novos postos de trabalho<\/strong>, est\u00e1veis e de qualidade, com contratos sem termo desde o primeiro dia, contribuindo assim para a cria\u00e7\u00e3o de emprego local&#8221;, avan\u00e7a a cadeia espanhola de supermercados Mercadona.<\/p>\n<p>Com uma <strong>\u00e1rea de vendas de 1.900 metros quadrados<\/strong>, a loja contar\u00e1 com as habituais sec\u00e7\u00f5es de <strong>Charcutaria, Peixaria, Pastelaria e Padaria, Perfumaria, Talho, Frutas e Legumes<\/strong> e ainda um espa\u00e7o de <strong>Pronto a Comer<\/strong>, pensado para quem procura solu\u00e7\u00f5es r\u00e1pidas.<\/p>\n<p>A abertura marca tamb\u00e9m a chegada do <strong>novo escrit\u00f3rio corporativo da Mercadona em Lisboa<\/strong>, que vem complementar o j\u00e1 existente em Vila Nova de Gaia, sede da marca no pa\u00eds.<\/p>\n","protected":false},"excerpt":{"rendered":"A espera est\u00e1 quase a terminar. A Mercadona vai abrir uma das suas lojas mais aguardadas no pa\u00eds&hellip;\n","protected":false},"author":2,"featured_media":121414,"comment_status":"","ping_status":"","sticky":false,"template":"","format":"standard","meta":{"footnotes":""},"categories":[83],"tags":[88,89,90,488,628,4317,28090,13,32,33],"class_list":{"0":"post-121413","1":"post","2":"type-post","3":"status-publish","4":"format-standard","5":"has-post-thumbnail","7":"category-empresas","8":"tag-business","9":"tag-economy","10":"tag-empresas","11":"tag-iol","12":"tag-loja","13":"tag-mercadona","14":"tag-mercadona-em-lisboa","15":"tag-noticias","16":"tag-portugal","17":"tag-pt"},"share_on_mastodon":{"url":"https:\/\/pubeurope.com\/@pt\/115416583551335467","error":""},"_links":{"self":[{"href":"https:\/\/www.europesays.com\/pt\/wp-json\/wp\/v2\/posts\/121413","targetHints":{"allow":["GET"]}}],"collection":[{"href":"https:\/\/www.europesays.com\/pt\/wp-json\/wp\/v2\/posts"}],"about":[{"href":"https:\/\/www.europesays.com\/pt\/wp-json\/wp\/v2\/types\/post"}],"author":[{"embeddable":true,"href":"https:\/\/www.europesays.com\/pt\/wp-json\/wp\/v2\/users\/2"}],"replies":[{"embeddable":true,"href":"https:\/\/www.europesays.com\/pt\/wp-json\/wp\/v2\/comments?post=121413"}],"version-history":[{"count":0,"href":"https:\/\/www.europesays.com\/pt\/wp-json\/wp\/v2\/posts\/121413\/revisions"}],"wp:featuredmedia":[{"embeddable":true,"href":"https:\/\/www.europesays.com\/pt\/wp-json\/wp\/v2\/media\/121414"}],"wp:attachment":[{"href":"https:\/\/www.europesays.com\/pt\/wp-json\/wp\/v2\/media?parent=121413"}],"wp:term":[{"taxonomy":"category","embeddable":true,"href":"https:\/\/www.europesays.com\/pt\/wp-json\/wp\/v2\/categories?post=121413"},{"taxonomy":"post_tag","embeddable":true,"href":"https:\/\/www.europesays.com\/pt\/wp-json\/wp\/v2\/tags?post=121413"}],"curies":[{"name":"wp","href":"https:\/\/api.w.org\/{rel}","templated":true}]}}