{"id":121423,"date":"2025-10-22T07:42:11","date_gmt":"2025-10-22T07:42:11","guid":{"rendered":"https:\/\/www.europesays.com\/pt\/121423\/"},"modified":"2025-10-22T07:42:11","modified_gmt":"2025-10-22T07:42:11","slug":"europa-e-ucrania-propoem-plano-para-parar-guerra-observador","status":"publish","type":"post","link":"https:\/\/www.europesays.com\/pt\/121423\/","title":{"rendered":"Europa e Ucr\u00e2nia prop\u00f5em plano para parar guerra \u2013 Observador"},"content":{"rendered":"<p>Siga\u00a0<a href=\"https:\/\/observador.pt\/liveblogs\/hamas-pede-tempo-e-maquinaria-para-recuperar-todos-os-corpos-de-refens\/\" rel=\"nofollow noopener\" target=\"_blank\">aqui<\/a>\u00a0o nosso liveblog sobre o conflito na Ucr\u00e2nia<\/p>\n<p>V\u00e1rios pa\u00edses europeus e a Ucr\u00e2nia est\u00e3o a preparar um plano de 12 pontos para parar a guerra nas atuais linhas de batalha, contrariando as exig\u00eancias de territ\u00f3rio feitas por Moscovo para ficar com todo o Donbass, <a href=\"https:\/\/www.bloomberg.com\/news\/articles\/2025-10-21\/europe-and-ukraine-prepare-12-point-proposal-to-end-russia-s-war\" rel=\"nofollow noopener\" target=\"_blank\">avan\u00e7ou esta ter\u00e7a-feira a Bloomberg.<\/a><\/p>\n<p>Segundo fontes pr\u00f3ximas consultadas pela ag\u00eancia noticiosa, o Presidente dos Estados Unidos, Donald Trump, ficaria a presidir a um conselho da paz, respons\u00e1vel por supervisionar a aplica\u00e7\u00e3o deste plano.<\/p>\n<p>Uma vez que a R\u00fassia concordasse com um cessar-fogo e ambos os lados se comprometessem a interromper os avan\u00e7os territoriais, as propostas preveem o regresso de todas as crian\u00e7as deportadas \u00e0 Ucr\u00e2nia e a troca de prisioneiros.<\/p>\n<p>Por seu lado, a Ucr\u00e2nia receberia <strong>garantias de seguran\u00e7a, fundos para reparar os danos da guerra e um caminho para aderir rapidamente \u00e0 Uni\u00e3o Europeia<\/strong>.<\/p>\n<p>As san\u00e7\u00f5es contra a R\u00fassia seriam gradualmente suspensas, embora cerca de 300 mil milh\u00f5es de d\u00f3lares norte-americanos (quase 260 mil milh\u00f5es de euros) em reservas congeladas do banco central russo s\u00f3 fossem devolvidos depois de Moscovo concordar em contribuir para a reconstru\u00e7\u00e3o p\u00f3s-guerra da Ucr\u00e2nia. <strong>As restri\u00e7\u00f5es seriam restabelecidas se a R\u00fassia atacasse novamente o pa\u00eds vizinho.<\/strong><\/p>\n<p>Os terrenos ocupados por Moscovo seriam negociados entre R\u00fassia e a Ucr\u00e2nia mas, indicou o plano citado pela ag\u00eancia, nem Kiev nem a Uni\u00e3o Europeia \u201c<strong>reconheceriam legalmente qualquer territ\u00f3rio ocupado<\/strong>\u201d como sendo parte da R\u00fassia.<\/p>\n<p><strong>[A 14 de janeiro de 1986 um acontecimento muda o rumo da campanha das presidenciais: a inesperada agress\u00e3o a Soares na Marinha Grande. Nas urnas, o socialista e Zenha lutam por um lugar na segunda volta frente a Freitas.\u00a0<\/strong><strong>A\u00a0<a href=\"https:\/\/observador.pt\/programas\/a-eleio-mais-louca-de-sempre\/episodio-4-portugal-nao-e-moscovo\/\" rel=\"nofollow noopener\" target=\"_blank\">\u201cElei\u00e7\u00e3o Mais Louca de Sempre\u201d<\/a> \u00e9 o novo Podcast Plus do Observador sobre as Presidenciais de 1986. Uma s\u00e9rie narrada pelo ator Gon\u00e7alo Waddington, com banda sonora original de Samuel \u00daria. Pode ouvir\u00a0<a href=\"https:\/\/observador.pt\/programas\/a-eleio-mais-louca-de-sempre\/episodio-4-portugal-nao-e-moscovo\/\" rel=\"nofollow noopener\" target=\"_blank\">aqui<\/a>, no\u00a0Observador, e tamb\u00e9m na\u00a0<a href=\"https:\/\/podcasts.apple.com\/pt\/podcast\/epis%C3%B3dio-4-portugal-n%C3%A3o-%C3%A9-moscovo\/id1841273464?i=1000732704045\" rel=\"nofollow noopener\" target=\"_blank\">Apple Podcasts<\/a>, no\u00a0<a href=\"https:\/\/open.spotify.com\/episode\/2SQPr5qiggrruRId3AGmaa?si=4da7e55fbfa04153\" rel=\"nofollow noopener\" target=\"_blank\">Spotify<\/a>\u00a0e no\u00a0<a href=\"https:\/\/music.youtube.com\/watch?v=lwRI8iL_ZKI&amp;si=LeJjFBTc0_lsQ8FS\" rel=\"nofollow noopener\" target=\"_blank\">Youtube Music<\/a>. E pode ouvir o primeiro epis\u00f3dio\u00a0<a href=\"https:\/\/observador.pt\/programas\/a-eleio-mais-louca-de-sempre\/estreia-a-eleicao-mais-louca-de-sempre-episodio-1-apostamos-no-cavalo-errado\/\" rel=\"nofollow noopener\" target=\"_blank\">aqui<\/a>, o segundo <a href=\"https:\/\/observador.pt\/programas\/a-eleio-mais-louca-de-sempre\/episodio-2-uma-traicao-inesperada\/\" rel=\"nofollow noopener\" target=\"_blank\">aqui<\/a> e o terceiro <a href=\"https:\/\/observador.pt\/programas\/a-eleio-mais-louca-de-sempre\/episodio-3-ele-nao-e-meu-irmao\/\" rel=\"nofollow noopener\" target=\"_blank\">aqui<\/a>.]<\/strong><\/p>\n<p><a href=\"https:\/\/observador.pt\/programas\/a-eleio-mais-louca-de-sempre\/episodio-4-portugal-nao-e-moscovo\/\" rel=\"nofollow noopener\" target=\"_blank\"><\/p>\n<p>        <img src=\"https:\/\/www.europesays.com\/pt\/wp-content\/uploads\/2025\/10\/770-a-eleicao-mais-louca-de-sempre-playicon.png\" alt=\"\" loading=\"lazy\" decoding=\"async\" class=\"alignnone\" onload=\"this.parentElement.classList.remove('spinner')\" onerror=\"this.parentElement.classList.remove('spinner')\" width=\"770\" height=\"433\"\/>    <\/p>\n<p><\/a><\/p>\n<p>\u00c9 neste ponto do \u201ccongelamento\u201d dos avan\u00e7os e das linhas de batalha, defendido tamb\u00e9m pelos Estados Unidos, que o Kremlin parece n\u00e3o querer ceder.<\/p>\n<p>Numa nota diplom\u00e1tica privada enviada para a Casa Branca <a href=\"https:\/\/www.reuters.com\/world\/europe\/russia-reiterated-previous-ukraine-peace-terms-us-private-communique-sources-say-2025-10-21\/\" rel=\"nofollow noopener\" target=\"_blank\">citada pela Reuters<\/a>, a diplomacia russa insistiu nos seus objetivos para a guerra na Ucr\u00e2nia, nomeadamente, <strong>em avan\u00e7ar para tomar todo o Donbass<\/strong>, em vez de apenas parte. Questionados pela ag\u00eancia, nem a Casa Branca nem o Kremlin comentaram a situa\u00e7\u00e3o.<\/p>\n","protected":false},"excerpt":{"rendered":"Siga\u00a0aqui\u00a0o nosso liveblog sobre o conflito na Ucr\u00e2nia V\u00e1rios pa\u00edses europeus e a Ucr\u00e2nia est\u00e3o a preparar um&hellip;\n","protected":false},"author":2,"featured_media":121424,"comment_status":"","ping_status":"","sticky":false,"template":"","format":"standard","meta":{"footnotes":""},"categories":[50],"tags":[27,28,445,15,16,1123,14,25,26,21,22,62,12,13,19,20,23,24,3879,17,18,1124,29,30,31,63,64,65],"class_list":{"0":"post-121423","1":"post","2":"type-post","3":"status-publish","4":"format-standard","5":"has-post-thumbnail","7":"category-mundo","8":"tag-breaking-news","9":"tag-breakingnews","10":"tag-europa","11":"tag-featured-news","12":"tag-featurednews","13":"tag-guerra-na-ucru00e2nia","14":"tag-headlines","15":"tag-latest-news","16":"tag-latestnews","17":"tag-main-news","18":"tag-mainnews","19":"tag-mundo","20":"tag-news","21":"tag-noticias","22":"tag-noticias-principais","23":"tag-noticiasprincipais","24":"tag-principais-noticias","25":"tag-principaisnoticias","26":"tag-ru00fassia","27":"tag-top-stories","28":"tag-topstories","29":"tag-ucru00e2nia","30":"tag-ultimas","31":"tag-ultimas-noticias","32":"tag-ultimasnoticias","33":"tag-world","34":"tag-world-news","35":"tag-worldnews"},"share_on_mastodon":{"url":"https:\/\/pubeurope.com\/@pt\/115416697731857589","error":""},"_links":{"self":[{"href":"https:\/\/www.europesays.com\/pt\/wp-json\/wp\/v2\/posts\/121423","targetHints":{"allow":["GET"]}}],"collection":[{"href":"https:\/\/www.europesays.com\/pt\/wp-json\/wp\/v2\/posts"}],"about":[{"href":"https:\/\/www.europesays.com\/pt\/wp-json\/wp\/v2\/types\/post"}],"author":[{"embeddable":true,"href":"https:\/\/www.europesays.com\/pt\/wp-json\/wp\/v2\/users\/2"}],"replies":[{"embeddable":true,"href":"https:\/\/www.europesays.com\/pt\/wp-json\/wp\/v2\/comments?post=121423"}],"version-history":[{"count":0,"href":"https:\/\/www.europesays.com\/pt\/wp-json\/wp\/v2\/posts\/121423\/revisions"}],"wp:featuredmedia":[{"embeddable":true,"href":"https:\/\/www.europesays.com\/pt\/wp-json\/wp\/v2\/media\/121424"}],"wp:attachment":[{"href":"https:\/\/www.europesays.com\/pt\/wp-json\/wp\/v2\/media?parent=121423"}],"wp:term":[{"taxonomy":"category","embeddable":true,"href":"https:\/\/www.europesays.com\/pt\/wp-json\/wp\/v2\/categories?post=121423"},{"taxonomy":"post_tag","embeddable":true,"href":"https:\/\/www.europesays.com\/pt\/wp-json\/wp\/v2\/tags?post=121423"}],"curies":[{"name":"wp","href":"https:\/\/api.w.org\/{rel}","templated":true}]}}