{"id":121425,"date":"2025-10-22T07:44:07","date_gmt":"2025-10-22T07:44:07","guid":{"rendered":"https:\/\/www.europesays.com\/pt\/121425\/"},"modified":"2025-10-22T07:44:07","modified_gmt":"2025-10-22T07:44:07","slug":"mae-de-bebe-abandonado-em-leiria-e-enfermeira","status":"publish","type":"post","link":"https:\/\/www.europesays.com\/pt\/121425\/","title":{"rendered":"M\u00e3e de beb\u00e9 abandonado em Leiria \u00e9 enfermeira"},"content":{"rendered":"<p>A mulher, de 27 anos, que deixou o filho rec\u00e9m-nascido \u00e0 porta dos Bombeiros Sapadores de Leiria, na madrugada de anteontem, \u00e9 enfermeira, est\u00e1 desempregada e vive sozinha. Fonte da Unidade Local de Sa\u00fade da Regi\u00e3o de Leiria disse ao JN que est\u00e1 &#8220;bem de sa\u00fade&#8221;, e internada em ginecologia e obstetr\u00edcia do Centro Hospitalar de Leiria, onde o servi\u00e7o social lhe disponibilizar\u00e1 apoio. Se aceitar, o processo ser\u00e1 encaminhado para a Seguran\u00e7a Social.<\/p>\n<p data-remotead-prev-elm=\"true\" data-remotead-elm-id=\"inread\">No programa &#8220;Casa feliz&#8221;, emitido ontem na SIC, foi revelado que a jovem vivia no Algarve, antes de se mudar, h\u00e1 uma semana, para um apartamento em Leiria, onde n\u00e3o aceitavam crian\u00e7as. Carlos do Carmo, ex-coordenador de investiga\u00e7\u00e3o criminal da Pol\u00edcia Judici\u00e1ria, considerou que o facto de a m\u00e3e ter deixado o filho nos bombeiros revela que &#8220;n\u00e3o h\u00e1 dolo, ou neglig\u00eancia&#8221;, pois &#8220;teve a preocupa\u00e7\u00e3o de deixar a crian\u00e7a junto de quem sabia que poderia salv\u00e1-la, aconchegada e com a chucha&#8221;.<\/p>\n<p>Acesso exclusivo a assinantes<\/p>\n<p>Acesso ilimitado a conte\u00fados exclusivos<\/p>\n<p>Navega\u00e7\u00e3o sem publicidade intrusiva<\/p>\n<p>Vers\u00e3o digital do jornal, suplementos e revistas<\/p>\n","protected":false},"excerpt":{"rendered":"A mulher, de 27 anos, que deixou o filho rec\u00e9m-nascido \u00e0 porta dos Bombeiros Sapadores de Leiria, na&hellip;\n","protected":false},"author":2,"featured_media":118596,"comment_status":"","ping_status":"","sticky":false,"template":"","format":"standard","meta":{"footnotes":""},"categories":[8],"tags":[27619,627,27,28,20275,15,16,14,28091,25,26,21,22,12,13,19,20,32,23,24,33,17,18,29,30,31],"class_list":{"0":"post-121425","1":"post","2":"type-post","3":"status-publish","4":"format-standard","5":"has-post-thumbnail","7":"category-principais-noticias","8":"tag-bebe-abandonado","9":"tag-bombeiros","10":"tag-breaking-news","11":"tag-breakingnews","12":"tag-concelho-leiria","13":"tag-featured-news","14":"tag-featurednews","15":"tag-headlines","16":"tag-hospital-de-leiria","17":"tag-latest-news","18":"tag-latestnews","19":"tag-main-news","20":"tag-mainnews","21":"tag-news","22":"tag-noticias","23":"tag-noticias-principais","24":"tag-noticiasprincipais","25":"tag-portugal","26":"tag-principais-noticias","27":"tag-principaisnoticias","28":"tag-pt","29":"tag-top-stories","30":"tag-topstories","31":"tag-ultimas","32":"tag-ultimas-noticias","33":"tag-ultimasnoticias"},"share_on_mastodon":{"url":"https:\/\/pubeurope.com\/@pt\/115416705690549867","error":""},"_links":{"self":[{"href":"https:\/\/www.europesays.com\/pt\/wp-json\/wp\/v2\/posts\/121425","targetHints":{"allow":["GET"]}}],"collection":[{"href":"https:\/\/www.europesays.com\/pt\/wp-json\/wp\/v2\/posts"}],"about":[{"href":"https:\/\/www.europesays.com\/pt\/wp-json\/wp\/v2\/types\/post"}],"author":[{"embeddable":true,"href":"https:\/\/www.europesays.com\/pt\/wp-json\/wp\/v2\/users\/2"}],"replies":[{"embeddable":true,"href":"https:\/\/www.europesays.com\/pt\/wp-json\/wp\/v2\/comments?post=121425"}],"version-history":[{"count":0,"href":"https:\/\/www.europesays.com\/pt\/wp-json\/wp\/v2\/posts\/121425\/revisions"}],"wp:featuredmedia":[{"embeddable":true,"href":"https:\/\/www.europesays.com\/pt\/wp-json\/wp\/v2\/media\/118596"}],"wp:attachment":[{"href":"https:\/\/www.europesays.com\/pt\/wp-json\/wp\/v2\/media?parent=121425"}],"wp:term":[{"taxonomy":"category","embeddable":true,"href":"https:\/\/www.europesays.com\/pt\/wp-json\/wp\/v2\/categories?post=121425"},{"taxonomy":"post_tag","embeddable":true,"href":"https:\/\/www.europesays.com\/pt\/wp-json\/wp\/v2\/tags?post=121425"}],"curies":[{"name":"wp","href":"https:\/\/api.w.org\/{rel}","templated":true}]}}