{"id":121430,"date":"2025-10-22T07:58:59","date_gmt":"2025-10-22T07:58:59","guid":{"rendered":"https:\/\/www.europesays.com\/pt\/121430\/"},"modified":"2025-10-22T07:58:59","modified_gmt":"2025-10-22T07:58:59","slug":"apos-expulsao-vera-revela-o-seu-segredo-e-explica-todos-os-detalhes","status":"publish","type":"post","link":"https:\/\/www.europesays.com\/pt\/121430\/","title":{"rendered":"Ap\u00f3s expuls\u00e3o, Vera revela o seu segredo e explica todos os detalhes"},"content":{"rendered":"<p>\t\t\t\t\t\t\t\t\t\t\t\t<a href=\"#\" onclick=\"window.open('http:\/\/www.facebook.com\/sharer.php?u=https:\/\/cusquices.com\/apos-expulsao-vera-revela-o-seu-segredo-e-explica-todos-os-detalhes\/&amp;t=Ap\u00f3s expuls\u00e3o, Vera revela o seu segredo e explica todos os detalhes', 'facebookShare', 'width=626,height=436'); return false;\" title=\"Share on Facebook\"><\/p>\n<p>Share<\/p>\n<p><\/a><br \/>\n\t\t\t\t\t\t\t\t\t\t\t\t<a href=\"#\" onclick=\"window.open('http:\/\/twitter.com\/share?text=Ap\u00f3s expuls\u00e3o, Vera revela o seu segredo e explica todos os detalhes -&amp;url=https:\/\/cusquices.com\/apos-expulsao-vera-revela-o-seu-segredo-e-explica-todos-os-detalhes\/', 'twitterShare', 'width=626,height=436'); return false;\" title=\"Tweet This Post\"><\/p>\n<p>Tweet<\/p>\n<p><\/a><br \/>\n\t\t\t\t\t\t\t\t\t\t\t\t<a href=\"whatsapp:\/\/send?text=Ap\u00f3s expuls\u00e3o, Vera revela o seu segredo e explica todos os detalhes https:\/\/cusquices.com\/apos-expulsao-vera-revela-o-seu-segredo-e-explica-todos-os-detalhes\/\" rel=\"nofollow\"><\/p>\n<p>Share<\/p>\n<p><\/a><br \/>\n\t\t\t\t\t\t\t\t\t\t\t\t<a href=\"#\" onclick=\"window.open('http:\/\/pinterest.com\/pin\/create\/button\/?url=https:\/\/cusquices.com\/apos-expulsao-vera-revela-o-seu-segredo-e-explica-todos-os-detalhes\/&amp;media=https:\/\/cusquices.com\/wp-content\/uploads\/2025\/10\/verasstvi-1000x600.jpg&amp;description=Ap\u00f3s expuls\u00e3o, Vera revela o seu segredo e explica todos os detalhes', 'pinterestShare', 'width=750,height=350'); return false;\" title=\"Pin This Post\"><\/p>\n<p>Share<\/p>\n<p><\/a><br \/>\n\t\t\t\t\t\t\t\t\t\t\t\t<a href=\"mailto:?subject=Ap\u00f3s expuls\u00e3o, Vera revela o seu segredo e explica todos os detalhes&amp;BODY=I found this article interesting and thought of sharing it with you. Check it out: https:\/\/cusquices.com\/apos-expulsao-vera-revela-o-seu-segredo-e-explica-todos-os-detalhes\/\"><\/p>\n<p>Email<\/p>\n<p><\/a><br \/>\n\t\t\t\t\t\t\t\t\t\t\t\t\t\t\t\t\t\t\t\t\t\t\t\t\t\t\t\t\t\t\t\t\t\t\t\t\t\t\t\t\t\t\t\t\t\t\t\t\t\t\t\t\t<a href=\"https:\/\/cusquices.com\/apos-expulsao-vera-revela-o-seu-segredo-e-explica-todos-os-detalhes\/#respond\" rel=\"nofollow noopener\" target=\"_blank\"><\/p>\n<p>Vera revelou em direto os eu segredo e explicou todos os pormenores.<\/p>\n<p>Ap\u00f3s ter agredido <strong>Dylan<\/strong> com v\u00e1rias chapadas, <strong>Vera <\/strong>foi expulsa do <strong>Secret Story 9<\/strong> e concedeu a sua primeira entrevista esta manh\u00e3, 21 de outubro, a <strong>Cristina Ferreira<\/strong> e a <strong>Cl\u00e1udio Ramos<\/strong> no <strong>\u2018Dois \u00e0s 10\u2019. <\/strong>Ap\u00f3s terem falado da sua participa\u00e7\u00e3o e de toda a pol\u00e9mica em torno da agress\u00e3o, Vera revelou qual \u00e9 o segredo com que entrou na casa mais vigiada do pa\u00eds.<\/p>\n<p>Vera revelou que entrou com o segredo: <strong>\u201cFui criada por um cantor famoso\u201d. <\/strong>De recordar que a imprensa j\u00e1 tinha revelado que este era o segredo de Vera e houve muitas especula\u00e7\u00f5es em torno do segredo, visto que o cantor em quest\u00e3o era <strong>Jos\u00e9 Malhoa<\/strong>, que chegou a desmentir ter criado a jovem assistente dent\u00e1ria.<\/p>\n<p>\u00a0\u201c<strong>\u00c9 o Jos\u00e9 Malhoa, que durante um per\u00edodo da tua vida a fam\u00edlia dele foi muito importante<\/strong>\u201c, disse Cristina Ferreira. Vera confirmou e explicou mais detalhes sobre o seu segredo, confessando que os tempos que passou em casa do cantor, que guardou mem\u00f3rias que lhe ficaram para a vida: \u201c<strong>Foi muito importante, deram-me oportunidade de viver momentos bastante especiais, a primeira viagem de avi\u00e3o, os meus pais trabalhavam imenso, n\u00e3o tinham tempo de qualidade comigo<\/strong>\u201c.<\/p>\n<p>\u201c<strong>\u00c9ramos vizinhos: primeiro, a minha m\u00e3e come\u00e7ou a cuidar da filha mais nova deles, foi a\u00ed que cri\u00e1mos essa liga\u00e7\u00e3o, e depois as coisas inverteram-se. Passeei muito com eles, coisas que se fazem com a fam\u00edlia e os pais t\u00eam aquele gosto de presentear os filhos, numa viagem de avi\u00e3o, ir ao jardim zool\u00f3gico, e tudo isso eu fiz com eles<\/strong>\u201c, explicou ainda Vera.<\/p>\n<p>Apesar de n\u00e3o ter vivido na casa do cantor, Vera explica que foi com ele e com a sua fam\u00edlia que viveu momentos inesquec\u00edveis que a marcaram: \u201c<strong>Foi com eles que vi a primeira \u00c1rvore de Natal, nunca mais me esque\u00e7o, era um pinheiro verdadeiro e, quando cheguei l\u00e1 \u00e0 sala, era toda enfeitada de bolinhas de Natal, mas em chocolate, e s\u00e3o mem\u00f3rias que ficaram completamente na minha bagagem<\/strong>\u201c.<\/p>\n<blockquote class=\"instagram-media\" data-instgrm-captioned=\"\" data-instgrm-permalink=\"https:\/\/www.instagram.com\/reel\/DQEZSRPiBcT\/?utm_source=ig_embed&amp;utm_campaign=loading\" data-instgrm-version=\"14\" style=\" background:#FFF; border:0; border-radius:3px; box-shadow:0 0 1px 0 rgba(0,0,0,0.5),0 1px 10px 0 rgba(0,0,0,0.15); margin: 1px; max-width:540px; min-width:326px; padding:0; width:99.375%; width:-webkit-calc(100% - 2px); width:calc(100% - 2px);\"\/>\n<p><strong>Leia tamb\u00e9m:<\/strong><\/p>\n<p>\t\t\t\t\t\t\t\t\t\t\t\t\t\t\t\t\t\t\t\t\t\t\t\t\t<img decoding=\"async\" src=\"https:\/\/www.europesays.com\/pt\/wp-content\/uploads\/2025\/10\/cusquices-logo-52x.png\" class=\"webpexpress-processed\"\/><\/p>\n<p>\t\t\t\t\t\t\t\t\t\t\t\t\t\t\t\t\t\t\t\t\t            \t\t\t\t\t\t\t\t\t\t\t\t\t\t\t\t\t\t\t\t\t\t\t\t\t\t\t\t\t\t\t\t\t\t\t\t\t\t\t<script async src=\"https:\/\/platform.twitter.com\/widgets.js\" charset=\"utf-8\"><\/script><script async src=\"\/\/www.instagram.com\/embed.js\"><\/script><\/p>\n","protected":false},"excerpt":{"rendered":"Share Tweet Share Share Email Vera revelou em direto os eu segredo e explicou todos os pormenores. Ap\u00f3s&hellip;\n","protected":false},"author":2,"featured_media":121431,"comment_status":"","ping_status":"","sticky":false,"template":"","format":"standard","meta":{"footnotes":""},"categories":[8],"tags":[27,28,2632,49,15,16,14,25,26,21,22,12,13,19,20,32,23,24,33,17,18,29,30,31,11841,227],"class_list":{"0":"post-121430","1":"post","2":"type-post","3":"status-publish","4":"format-standard","5":"has-post-thumbnail","7":"category-principais-noticias","8":"tag-breaking-news","9":"tag-breakingnews","10":"tag-casa-dos-segredos","11":"tag-destaques","12":"tag-featured-news","13":"tag-featurednews","14":"tag-headlines","15":"tag-latest-news","16":"tag-latestnews","17":"tag-main-news","18":"tag-mainnews","19":"tag-news","20":"tag-noticias","21":"tag-noticias-principais","22":"tag-noticiasprincipais","23":"tag-portugal","24":"tag-principais-noticias","25":"tag-principaisnoticias","26":"tag-pt","27":"tag-top-stories","28":"tag-topstories","29":"tag-ultimas","30":"tag-ultimas-noticias","31":"tag-ultimasnoticias","32":"tag-vera","33":"tag-videos"},"share_on_mastodon":{"url":"https:\/\/pubeurope.com\/@pt\/115416764621953404","error":""},"_links":{"self":[{"href":"https:\/\/www.europesays.com\/pt\/wp-json\/wp\/v2\/posts\/121430","targetHints":{"allow":["GET"]}}],"collection":[{"href":"https:\/\/www.europesays.com\/pt\/wp-json\/wp\/v2\/posts"}],"about":[{"href":"https:\/\/www.europesays.com\/pt\/wp-json\/wp\/v2\/types\/post"}],"author":[{"embeddable":true,"href":"https:\/\/www.europesays.com\/pt\/wp-json\/wp\/v2\/users\/2"}],"replies":[{"embeddable":true,"href":"https:\/\/www.europesays.com\/pt\/wp-json\/wp\/v2\/comments?post=121430"}],"version-history":[{"count":0,"href":"https:\/\/www.europesays.com\/pt\/wp-json\/wp\/v2\/posts\/121430\/revisions"}],"wp:featuredmedia":[{"embeddable":true,"href":"https:\/\/www.europesays.com\/pt\/wp-json\/wp\/v2\/media\/121431"}],"wp:attachment":[{"href":"https:\/\/www.europesays.com\/pt\/wp-json\/wp\/v2\/media?parent=121430"}],"wp:term":[{"taxonomy":"category","embeddable":true,"href":"https:\/\/www.europesays.com\/pt\/wp-json\/wp\/v2\/categories?post=121430"},{"taxonomy":"post_tag","embeddable":true,"href":"https:\/\/www.europesays.com\/pt\/wp-json\/wp\/v2\/tags?post=121430"}],"curies":[{"name":"wp","href":"https:\/\/api.w.org\/{rel}","templated":true}]}}