{"id":121442,"date":"2025-10-22T08:25:12","date_gmt":"2025-10-22T08:25:12","guid":{"rendered":"https:\/\/www.europesays.com\/pt\/121442\/"},"modified":"2025-10-22T08:25:12","modified_gmt":"2025-10-22T08:25:12","slug":"angola-consagrada-em-bruxelas-como-melhor-destino-de-investimento-turistico-2025","status":"publish","type":"post","link":"https:\/\/www.europesays.com\/pt\/121442\/","title":{"rendered":"Angola consagrada em Bruxelas como Melhor Destino de Investimento Tur\u00edstico 2025"},"content":{"rendered":"<p>Angola foi distinguida como o \u201cMelhor Destino de Investimento Tur\u00edstico 2025\u201d, num reconhecimento internacional que sublinha a confian\u00e7a da comunidade global nas reformas estruturais e pol\u00edticas implementadas pelo Executivo angolano, orientadas para a diversifica\u00e7\u00e3o econ\u00f3mica, o est\u00edmulo ao investimento privado e a cria\u00e7\u00e3o de empregos qualificados para a juventude.<\/p>\n<p>A distin\u00e7\u00e3o foi anunciada durante a cerim\u00f3nia dos World Tourism Awards, realizada esta Segunda-feira, 20 de Outubro, nos Museus Reais de Belas Artes da B\u00e9lgica, em Bruxelas, \u00e0 margem da Reuni\u00e3o Anual do Global Tourism Forum 2025, que re\u00fane l\u00edderes mundiais, decisores pol\u00edticos e inovadores do sector para debater o futuro do turismo internacional.<\/p>\n<p>No mesmo evento, o Presidente da Rep\u00fablica de Angola, Jo\u00e3o Manuel Gon\u00e7alves Louren\u00e7o, foi igualmente homenageado pelo seu apoio distinto e lideran\u00e7a vision\u00e1ria na promo\u00e7\u00e3o da coopera\u00e7\u00e3o internacional e no avan\u00e7o do desenvolvimento sustent\u00e1vel do turismo \u00e0 escala global, um gesto simb\u00f3lico que refor\u00e7a o papel de Angola como actor relevante no reposicionamento do turismo africano.<\/p>\n<p>\t\t<img decoding=\"async\" src=\"https:\/\/www.europesays.com\/pt\/wp-content\/uploads\/2025\/10\/1761121512_63_thumbs.web.sapo.io\"  loading=\"true\"\/><\/p>\n<p>Organizado pelo World Tourism Forum Institute (WTFI) \u2013 uma das mais prestigiadas plataformas mundiais de di\u00e1logo sobre o futuro do turismo \u2013, o encontro reconheceu a traject\u00f3ria de pa\u00edses e personalidades que t\u00eam contribu\u00eddo para a constru\u00e7\u00e3o de um turismo mais inclusivo, resiliente e sustent\u00e1vel.<\/p>\n<p>Esta dupla distin\u00e7\u00e3o, ao pa\u00eds e ao seu Chefe de Estado, traduz o reconhecimento do compromisso de Angola com o desenvolvimento sustent\u00e1vel e a valoriza\u00e7\u00e3o do turismo como pilar estrat\u00e9gico da economia nacional, projectando uma imagem de confian\u00e7a, estabilidade e oportunidade perante investidores e parceiros internacionais.<\/p>\n<p>A distin\u00e7\u00e3o de Angola como Melhor Destino de Investimento Tur\u00edstico 2025 confirma a emerg\u00eancia do pa\u00eds como um novo polo de atractividade econ\u00f3mica e diplom\u00e1tica em \u00c1frica. Ao conjugar estabilidade pol\u00edtica, incentivos ao investimento e requalifica\u00e7\u00e3o da oferta tur\u00edstica, Angola come\u00e7a a reposicionar-se como destino competitivo num mercado global avaliado em mais de 9 bili\u00f5es de d\u00f3lares.<\/p>\n<p>O reconhecimento em Bruxelas sinaliza que o turismo angolano deixa de ser apenas um potencial inexplorado para se tornar um eixo estrat\u00e9gico da pol\u00edtica econ\u00f3mica, capaz de atrair capital estrangeiro, impulsionar cadeias de valor locais e fortalecer a marca Angola no mundo.<\/p>\n","protected":false},"excerpt":{"rendered":"Angola foi distinguida como o \u201cMelhor Destino de Investimento Tur\u00edstico 2025\u201d, num reconhecimento internacional que sublinha a confian\u00e7a&hellip;\n","protected":false},"author":2,"featured_media":121443,"comment_status":"","ping_status":"","sticky":false,"template":"","format":"standard","meta":{"footnotes":""},"categories":[50],"tags":[27,28,15,16,14,25,26,21,22,62,12,13,19,20,23,24,17,18,29,30,31,63,64,65],"class_list":{"0":"post-121442","1":"post","2":"type-post","3":"status-publish","4":"format-standard","5":"has-post-thumbnail","7":"category-mundo","8":"tag-breaking-news","9":"tag-breakingnews","10":"tag-featured-news","11":"tag-featurednews","12":"tag-headlines","13":"tag-latest-news","14":"tag-latestnews","15":"tag-main-news","16":"tag-mainnews","17":"tag-mundo","18":"tag-news","19":"tag-noticias","20":"tag-noticias-principais","21":"tag-noticiasprincipais","22":"tag-principais-noticias","23":"tag-principaisnoticias","24":"tag-top-stories","25":"tag-topstories","26":"tag-ultimas","27":"tag-ultimas-noticias","28":"tag-ultimasnoticias","29":"tag-world","30":"tag-world-news","31":"tag-worldnews"},"share_on_mastodon":{"url":"https:\/\/pubeurope.com\/@pt\/115416866773471557","error":""},"_links":{"self":[{"href":"https:\/\/www.europesays.com\/pt\/wp-json\/wp\/v2\/posts\/121442","targetHints":{"allow":["GET"]}}],"collection":[{"href":"https:\/\/www.europesays.com\/pt\/wp-json\/wp\/v2\/posts"}],"about":[{"href":"https:\/\/www.europesays.com\/pt\/wp-json\/wp\/v2\/types\/post"}],"author":[{"embeddable":true,"href":"https:\/\/www.europesays.com\/pt\/wp-json\/wp\/v2\/users\/2"}],"replies":[{"embeddable":true,"href":"https:\/\/www.europesays.com\/pt\/wp-json\/wp\/v2\/comments?post=121442"}],"version-history":[{"count":0,"href":"https:\/\/www.europesays.com\/pt\/wp-json\/wp\/v2\/posts\/121442\/revisions"}],"wp:featuredmedia":[{"embeddable":true,"href":"https:\/\/www.europesays.com\/pt\/wp-json\/wp\/v2\/media\/121443"}],"wp:attachment":[{"href":"https:\/\/www.europesays.com\/pt\/wp-json\/wp\/v2\/media?parent=121442"}],"wp:term":[{"taxonomy":"category","embeddable":true,"href":"https:\/\/www.europesays.com\/pt\/wp-json\/wp\/v2\/categories?post=121442"},{"taxonomy":"post_tag","embeddable":true,"href":"https:\/\/www.europesays.com\/pt\/wp-json\/wp\/v2\/tags?post=121442"}],"curies":[{"name":"wp","href":"https:\/\/api.w.org\/{rel}","templated":true}]}}