{"id":121456,"date":"2025-10-22T08:43:08","date_gmt":"2025-10-22T08:43:08","guid":{"rendered":"https:\/\/www.europesays.com\/pt\/121456\/"},"modified":"2025-10-22T08:43:08","modified_gmt":"2025-10-22T08:43:08","slug":"fuga-divida-e-mentira-veja-como-raul-conheceu-joelly-em-tres-gracas-gshow","status":"publish","type":"post","link":"https:\/\/www.europesays.com\/pt\/121456\/","title":{"rendered":"Fuga, d\u00edvida e mentira: veja como Raul conheceu Joelly em Tr\u00eas Gra\u00e7as &#8211; Gshow"},"content":{"rendered":"<ol>\n<li><a href=\"https:\/\/news.google.com\/rss\/articles\/CBMiwwFBVV95cUxQaExkelMtQzUtMFFRTGppUnJCeHl2ZUFzMTZTS19IbmVHR01OUGE4TGZ3Y0NIdTM0aW1MMjZBR1E1Zy13ZVZKd0NpVjFhOGNDSzExaHNRMVRRZ0xUMXRzLUVycF92ckZwMlZidGhxQlYtMGVZVjlDTVpNVHpCcWRrU050YlpNbFpyUjctYXE3Qlh5NFU0cklOanZBZ3dFQ1lCejJ4WTJFeXpVLXRMQjAtWXh3TVo3a0VlQTYwb3NvZXdRMEHSAdIBQVVfeXFMTlVETlBkRG5IOWM2V3NwRHdXa3l5VDFKVzU0Qm40Q1IwV3dyWDRuRENhQlBIR3ZZdEh5Q2Y3T2NZcWxoUl94YXlfUUg3UU5hNG5kVkIxazlxRXVWY1BmWVBlRjZTd3BVOXQ2OXV3bGRsd2h5RGdELVQtZDlndW84VjZzNUJYTTRXQlRxMEhBMXVMUDVkbG1FTU11YXExRlUxOWFSTVhXSzZXby0ybDJ1QmhwMUF5aEFBa3A3TGNqeUNiaVRyMDZrZnhNN2M1LWtxb2ZR?oc=5\" target=\"_blank\" rel=\"nofollow noopener\">Fuga, d\u00edvida e mentira: veja como Raul conheceu Joelly em Tr\u00eas Gra\u00e7as<\/a>&nbsp;&nbsp;Gshow<\/li>\n<li><a href=\"https:\/\/news.google.com\/rss\/articles\/CBMi3wFBVV95cUxQQXhDTG9sRjJSZGNqYk9rZ0RIblBFNzB3QTdsa2N3bWwwYUFuMm1ENjdMY3RFX1N4MmhqQmotOHdNNzlJZkVDRVZfZGMzMGp0dUpuRC1iV1dybzdaZm1tQXQ2V0wzZ1hCWnJpM2RZVGp0U0lwVWFSczNhV0lXa3dzbmhEaDAwNHhMS1BXeG5WbXVhaVZHeldmbGVLcGFiNmN5d2M2Mm4tdjNUMzFZZG42bU9XRUZCNXpYS0hMdUpwQXlkWmNLWm1xRkg3dEFZODlOY1NNM2VLdjdHempBTTBJ0gHuAUFVX3lxTE5mendYY19odG9QeldpV09GdTFsQmpJT1lha2htUkQ4VWpOQ2w1XzAzd1pYNjZqdU9jdVZSYUNkUDFHVk9PWHh6MWY0azZnajFkVngtRVFUQ29hTjBYWUtRc2ttby1tOXVzeXEzLWFFMkVoNnp0dmYydm5oT2hmQ0pldUpHNmxmNEtncEY5UlVUMVZTRmw4elZoR1pneTRoVnFKdHRFSFhPSWhLN0VtbUo0dWN1M1FjVmd6akd1LUw3WDBrbnRGdHBvQTVCVEswbWVmYVJ2SXNTUlAtMGIxUjVXTHVvemRnV2gxZEJTUnc?oc=5\" target=\"_blank\" rel=\"nofollow noopener\">Filha de Sophie Charlotte em Tr\u00eas Gra\u00e7as, Alana Cabral \u00e9 ex-atriz mirim; veja curiosidades!<\/a>&nbsp;&nbsp;Gshow<\/li>\n<li><a href=\"https:\/\/news.google.com\/rss\/articles\/CBMivwFBVV95cUxNMzBWNmYxdHRoU2JUQXpEZXRybVRXOHVHZXZ5NGo4OXp0RHV4UnJ4RGtJRThMbldVTUk3VUNTYW9vSWlkM0lsa1JtY3hhdUZRUnNmU0pHOW5sZDgxbHNzNGQzRXhzOVY3U0loOFpkQU9YZGZJeXRyczBPYWRWZUFiRERtcHlRWHVpdHJSQUlPbzQzNjdieEdWR01jbDZCckNQTG9zRmdNSlExSDQwb3VIUFJaS3dhV2g4SUhJUWt3QdIBxAFBVV95cUxNZFJ5LTlRd2lUTEI0RGZ0NUJueXd6cU1iX3NKQ3ptOGFlVDhzYXJSNEhsZ3Q0aTRSNjMwaVVVc05MRDNVYkdhaUowZWlHRHhnd2tPNFJTX0dZZmlrYzVxRjlCOTQ1aDdiVVB0NDAxSFlleXdNSm11MkVjb3pFZTVGUkFYeW9ka2w2TFd5NUUzYkVFWEtaU3JaLWNLNkRKd0V0cm5QSjEzcWVNU3F5TkNNbWw0OE8yZmh4TXpKbHd1YmZzVVA0?oc=5\" target=\"_blank\" rel=\"nofollow noopener\">&#8216;Tr\u00eas Gra\u00e7as&#8217;: Sobe a fuma\u00e7a branca, pois &#8216;Habemus Novellam&#8217;!<\/a>&nbsp;&nbsp;UOL<\/li>\n<li><a href=\"https:\/\/news.google.com\/rss\/articles\/CBMimgJBVV95cUxOVlNfZTZrTUZLaUVEQ1dlVU5LN0ZtdW9MOWVVSjRhekJLVlZIQ3J5WkRpLXpMUHc2NDZxWVpUVXg4ejZ3Vmt0dVBzWWhHcV9ybWNXQURScmlfM0FQY1dTazZEQXUwVG1TWVR4M3NLMVV2dVc3UXEyTUp1VVhnLW1oeFlhTDdKUW9MSUFldjVIZy0zeFBaaThLUUpDWldjS0RFT2hZbGFoWTRsRTNEVXZoZzdhMW9xUVVvTEctb1hRS3Q4VVJOUzRiWFdReVE0LXRNNWdOTFY3OGFqNzJ6dV9QWGhyM1NqcDRJQzhfR1RtN0g5eUF6YjlSZDhtS2xnb3NULU1kWkZqYV9LajktRkc2Zl9hWkNyckxNLXfSAagCQVVfeXFMTnYzY2E2bUt5V2t3R1JSUmJDdFNyNnVYb3MtakhmOWR3YlpWekFGd1FpaTZhSV9pVmlhNUxSb21SdHJCbVBlUml3TmJLZGYxMlBDcXRMX3RzM0EtNzJkbTQwVDJZTU9Sa2tGaW9pY3h2clJJeHFqWG5Ta1ZuczdEYnlyZzJEQWotS25fOFB3d005Q1RmbHJGYXFmWFV3MjhTNU01YlRya0FzX0p1a2k1MGVpakRleWhCWUVCZXh2cUpKdjdRN2ZZQzlqWmRBcF8zdTJaSVlwOHczSnR2Qmh5eTRwNFlLTnBxUXI1TmtmcVo2Wmp3bHJIWWNSRHEtTzYxSWt5a1h3RmNoaGlJbTRJdGRCUkZrOU9vbWhqSnU1elVhOE0xMi01bWo?oc=5\" target=\"_blank\" rel=\"nofollow noopener\">Jo\u00e9lly em &#8216;Tr\u00eas Gra\u00e7as&#8217;, Alana Cabral conta que m\u00e3e tamb\u00e9m teve filho muito jovem: &#8216;V\u00e1rias meninas se deparam com isso na sociedade&#8217;<\/a>&nbsp;&nbsp;Extra online<\/li>\n<li><a href=\"https:\/\/news.google.com\/rss\/articles\/CBMiugFBVV95cUxPZTZGalZqTllSOUEyQ2MyRjU4Z1dIQkRURFVwRWo1ZGNMUnNmdV9NMTlFdWZUa1NOWFpmTXhuSFNncHMyQ3pLUTdUNkxGSDFyd2hJdl9pWlIxOW1BNlJlT1VkWk9vSTRpU3hJMlpiNU40aDhYUlVVTnFKdjB2T2NnSVVaSzVVWUdJR1hwR3ZTZUxCNDk4WDNLbmNtN3E2T0x3UVROTWtoS2N1RWpHRDlHWWRTZ2wyVU55NXc?oc=5\" target=\"_blank\" rel=\"nofollow noopener\">Quem \u00e9 o pai de Jo\u00e9lly em Tr\u00eas Gra\u00e7as? Saiba por que Gerluce esconde segredo<\/a>&nbsp;&nbsp;R\u00e1dio Itatiaia<\/li>\n<\/ol>\n","protected":false},"excerpt":{"rendered":"Fuga, d\u00edvida e mentira: veja como Raul conheceu Joelly em Tr\u00eas Gra\u00e7as&nbsp;&nbsp;Gshow Filha de Sophie Charlotte em Tr\u00eas&hellip;\n","protected":false},"author":2,"featured_media":121457,"comment_status":"","ping_status":"","sticky":false,"template":"","format":"standard","meta":{"footnotes":""},"categories":[144],"tags":[207,205,206,203,201,202,204,114,115,32,33],"class_list":{"0":"post-121456","1":"post","2":"type-post","3":"status-publish","4":"format-standard","5":"has-post-thumbnail","7":"category-arte-e-design","8":"tag-arte","9":"tag-arte-e-design","10":"tag-artedesign","11":"tag-arts","12":"tag-arts-and-design","13":"tag-artsanddesign","14":"tag-design","15":"tag-entertainment","16":"tag-entretenimento","17":"tag-portugal","18":"tag-pt"},"share_on_mastodon":{"url":"https:\/\/pubeurope.com\/@pt\/115416937674347917","error":""},"_links":{"self":[{"href":"https:\/\/www.europesays.com\/pt\/wp-json\/wp\/v2\/posts\/121456","targetHints":{"allow":["GET"]}}],"collection":[{"href":"https:\/\/www.europesays.com\/pt\/wp-json\/wp\/v2\/posts"}],"about":[{"href":"https:\/\/www.europesays.com\/pt\/wp-json\/wp\/v2\/types\/post"}],"author":[{"embeddable":true,"href":"https:\/\/www.europesays.com\/pt\/wp-json\/wp\/v2\/users\/2"}],"replies":[{"embeddable":true,"href":"https:\/\/www.europesays.com\/pt\/wp-json\/wp\/v2\/comments?post=121456"}],"version-history":[{"count":0,"href":"https:\/\/www.europesays.com\/pt\/wp-json\/wp\/v2\/posts\/121456\/revisions"}],"wp:featuredmedia":[{"embeddable":true,"href":"https:\/\/www.europesays.com\/pt\/wp-json\/wp\/v2\/media\/121457"}],"wp:attachment":[{"href":"https:\/\/www.europesays.com\/pt\/wp-json\/wp\/v2\/media?parent=121456"}],"wp:term":[{"taxonomy":"category","embeddable":true,"href":"https:\/\/www.europesays.com\/pt\/wp-json\/wp\/v2\/categories?post=121456"},{"taxonomy":"post_tag","embeddable":true,"href":"https:\/\/www.europesays.com\/pt\/wp-json\/wp\/v2\/tags?post=121456"}],"curies":[{"name":"wp","href":"https:\/\/api.w.org\/{rel}","templated":true}]}}