{"id":121458,"date":"2025-10-22T08:44:07","date_gmt":"2025-10-22T08:44:07","guid":{"rendered":"https:\/\/www.europesays.com\/pt\/121458\/"},"modified":"2025-10-22T08:44:07","modified_gmt":"2025-10-22T08:44:07","slug":"escritora-eva-leite-promove-bate-papo-sobre-acessibilidade-sexual-em-sao-sebastiao","status":"publish","type":"post","link":"https:\/\/www.europesays.com\/pt\/121458\/","title":{"rendered":"Escritora Eva Leite promove bate papo sobre acessibilidade sexual em S\u00e3o Sebasti\u00e3o"},"content":{"rendered":"<p>O que acontece quando os sonhos ganham asas, mas a sociedade insiste em aprisionar os desejos? Com o objetivo de romper os limites do preconceito com palavras, arte e afeto, a escritora e artista pl\u00e1stica Eva Leite realiza um bate papo sobre acessibilidade sexual, nesta quinta-feira (23\/10). O encontro acontece na Biblioteca P\u00fablica de S\u00e3o Sebasti\u00e3o, a partir das 14h, com entrada franca.<\/p>\n<p>A conversa integra o ciclo de atividades de lan\u00e7amento da terceira edi\u00e7\u00e3o do livro\u00a0<strong>&#8220;Minha Vida Tem Rodas, Meus Sonhos T\u00eam Asas&#8221;<\/strong>. Antes de chegar a S\u00e3o Sebasti\u00e3o, a autora j\u00e1 passou pelo Varj\u00e3o, em maio, e pelo Parano\u00e1, no dia 21 de outubro, reunindo leitores e leitoras em um di\u00e1logo aberto e sens\u00edvel sobre corpo, autonomia e inclus\u00e3o.<\/p>\n<p>Tetrapl\u00e9gica desde os 20 anos, Eva Leite encontrou na arte o caminho para transcender os limites do corpo. Durante sua reabilita\u00e7\u00e3o na Rede Sarah, aprendeu a digitar com a boca e, dali, nasceu a semente de sua carreira liter\u00e1ria. Hoje, com cinco livros publicados e diversas exposi\u00e7\u00f5es no curr\u00edculo, ela continua a inspirar com sua escrita e suas pinturas, feitas com a mesma t\u00e9cnica.<\/p>\n<p><strong>Sobre o livro<br \/><\/strong><br \/><strong>&#8220;Minha Vida Tem Rodas, Meus Sonhos T\u00eam Asas&#8221;\u00a0<\/strong>foi a primeira obra publicada por Eva Leite, ainda em 2004. A edi\u00e7\u00e3o revisada e ampliada ganhou novos cap\u00edtulos para dar voz ao que ainda \u00e9 silenciado: a discuss\u00e3o sobre sexualidade e afetividade das pessoas com defici\u00eancia.\u00a0<\/p>\n<p>A partir de depoimentos de PcD e de familiares que as acompanham, o leitor \u00e9 convidado a refletir\u00a0 sobre os desafios de autoaceita\u00e7\u00e3o de corpos diversos, a jornada de descoberta da sexualidade e afetividade de jovens com S\u00edndrome de Down ou Transtorno do Espectro Autista, as formas de transpor barreiras dos limites f\u00edsicos, entre outros temas.<\/p>\n<p>O lan\u00e7amento da 3\u00aa edi\u00e7\u00e3o de\u00a0<strong>&#8220;Minha Vida Tem Rodas, Meus Sonhos T\u00eam Asas&#8221;<\/strong>\u00a0conta com recursos do Fundo de Apoio \u00e0 Cultura (FAC), da Secretaria de Cultura e Economia Criativa do Distrito Federal.<\/p>\n<p><strong>SERVI\u00c7O<\/strong><\/p>\n<p>Bate papo com Eva Leite &#8211; S\u00e3o Sebasti\u00e3o<br \/>Lan\u00e7amento do livro &#8220;Minha Vida Tem Rodas. Meus Sonhos T\u00eam Asas&#8221; \u2013 3\u00aa edi\u00e7\u00e3o<br \/>Quando: 23\/10. Quinta-feira<br \/>Onde: Biblioteca P\u00fablica de S\u00e3o Sebasti\u00e3o &#8211; Quadra 101, \u00c1rea Especial, Residencial Oeste &#8211; S\u00e3o Sebasti\u00e3o\/DF<br \/>Quanto: entrada franca<\/p>\n<p>Mais informa\u00e7\u00f5es:\u00a0<a href=\"http:\/\/www.agendaculturalbrasilia.art.br\/minhavidatemrodas\" target=\"_blank\" rel=\"noopener noreferrer nofollow\">www.agendaculturalbrasilia.art.br\/minhavidatemrodas<\/a><br \/>Redes sociais:\u00a0<a href=\"https:\/\/www.instagram.com\/minhavidatemrodas\/\" target=\"_blank\" rel=\"noopener noreferrer nofollow\">@minhavidatemrodas<\/a><\/p>\n<p><script async src=\"\/\/www.instagram.com\/embed.js\"><\/script><\/p>\n","protected":false},"excerpt":{"rendered":"O que acontece quando os sonhos ganham asas, mas a sociedade insiste em aprisionar os desejos? Com o&hellip;\n","protected":false},"author":2,"featured_media":121459,"comment_status":"","ping_status":"","sticky":false,"template":"","format":"standard","meta":{"footnotes":""},"categories":[143],"tags":[169,114,115,170,32,33],"class_list":{"0":"post-121458","1":"post","2":"type-post","3":"status-publish","4":"format-standard","5":"has-post-thumbnail","7":"category-livros","8":"tag-books","9":"tag-entertainment","10":"tag-entretenimento","11":"tag-livros","12":"tag-portugal","13":"tag-pt"},"share_on_mastodon":{"url":"https:\/\/pubeurope.com\/@pt\/115416942046742491","error":""},"_links":{"self":[{"href":"https:\/\/www.europesays.com\/pt\/wp-json\/wp\/v2\/posts\/121458","targetHints":{"allow":["GET"]}}],"collection":[{"href":"https:\/\/www.europesays.com\/pt\/wp-json\/wp\/v2\/posts"}],"about":[{"href":"https:\/\/www.europesays.com\/pt\/wp-json\/wp\/v2\/types\/post"}],"author":[{"embeddable":true,"href":"https:\/\/www.europesays.com\/pt\/wp-json\/wp\/v2\/users\/2"}],"replies":[{"embeddable":true,"href":"https:\/\/www.europesays.com\/pt\/wp-json\/wp\/v2\/comments?post=121458"}],"version-history":[{"count":0,"href":"https:\/\/www.europesays.com\/pt\/wp-json\/wp\/v2\/posts\/121458\/revisions"}],"wp:featuredmedia":[{"embeddable":true,"href":"https:\/\/www.europesays.com\/pt\/wp-json\/wp\/v2\/media\/121459"}],"wp:attachment":[{"href":"https:\/\/www.europesays.com\/pt\/wp-json\/wp\/v2\/media?parent=121458"}],"wp:term":[{"taxonomy":"category","embeddable":true,"href":"https:\/\/www.europesays.com\/pt\/wp-json\/wp\/v2\/categories?post=121458"},{"taxonomy":"post_tag","embeddable":true,"href":"https:\/\/www.europesays.com\/pt\/wp-json\/wp\/v2\/tags?post=121458"}],"curies":[{"name":"wp","href":"https:\/\/api.w.org\/{rel}","templated":true}]}}