{"id":121460,"date":"2025-10-22T08:45:22","date_gmt":"2025-10-22T08:45:22","guid":{"rendered":"https:\/\/www.europesays.com\/pt\/121460\/"},"modified":"2025-10-22T08:45:22","modified_gmt":"2025-10-22T08:45:22","slug":"ricardo-ameaca-jaques-e-sofre-acidente","status":"publish","type":"post","link":"https:\/\/www.europesays.com\/pt\/121460\/","title":{"rendered":"Ricardo amea\u00e7a Jaques e sofre acidente"},"content":{"rendered":"<p>Nos pr\u00f3ximos cap\u00edtulos de Dona de Mim, Ricardo (Marcos Pasquim) \u00e9 demitido da Boaz, amea\u00e7a Jaques (Marcello Novaes) e sofre um acidente. O vil\u00e3o, ent\u00e3o, descobre que Patr\u00edcia (Juliana Martins) tem c\u00f3pia do v\u00eddeo em que ele aparece sabotando o carro de Abel (Tony Ramos).<\/p>\n<p><a href=\"https:\/\/natelinha.uol.com.br\/novelas\/2025\/10\/14\/dona-de-mim-samuel-toma-decisao-e-compromete-namoro-com-leona-232568.php\" rel=\"nofollow noopener\" target=\"_blank\">Eleito presidente da f\u00e1brica, Samuel<\/a> (Juan Paiva) demitiu o tio e mant\u00e9m o advogado no cargo s\u00f3 at\u00e9 o novo funcion\u00e1rio estiver mais integrado aos neg\u00f3cios da f\u00e1brica.<\/p>\n<p>Nesse per\u00edodo, apesar de ser c\u00famplice de todas as falcatruas de <a href=\"https:\/\/natelinha.uol.com.br\/novelas\/dona-de-mim\/personagem\/jaques\" rel=\"nofollow noopener\" target=\"_blank\">Jaques<\/a>, <a href=\"https:\/\/natelinha.uol.com.br\/novelas\/dona-de-mim\/personagem\/ricardo\" rel=\"nofollow noopener\" target=\"_blank\">Ricardo<\/a> passa a admirar o trabalho do irm\u00e3o de Ayla (Bel Lima) como presidente da Boaz, provocando a ira do vil\u00e3o.<\/p>\n<p>continua depois da publicidade<\/p>\n<p>Nisso, Filipa (Cl\u00e1udia Abreu) ganha a guarda de Sofia (Elis Cabral), passando a responder pelos 25% das a\u00e7\u00f5es da menina, <a href=\"https:\/\/natelinha.uol.com.br\/novelas\/2025\/09\/17\/dona-de-mim-a-maldade-de-jaques-para-dominar-filipa-231381.php\" rel=\"nofollow noopener\" target=\"_blank\">O m\u00fasico marca uma reuni\u00e3o para eleger<\/a> o novo presidente e perde de novo para o sobrinho. Samuel demite Ricardo, o advogado amea\u00e7a o irm\u00e3o de Abel e sofre um acidente. Saiba mais!<\/p>\n<p>Em Dona de Mim, Irm\u00e3 de Ricardo sabe que Jaques matou Abel<\/p>\n<p><img decoding=\"async\" loading=\"lazy\" class=\"horizontal\" src=\"https:\/\/www.europesays.com\/pt\/wp-content\/uploads\/2025\/10\/tv-globo-dona-de-mim-ricardo-e-patricia_1116.jpeg\" width=\"1280\" height=\"719\" alt=\"Dona de Mim: Ricardo amea\u00e7a Jaques e sofre acidente\"\/><\/p>\n<p>Nos pr\u00f3ximos cap\u00edtulos de <a href=\"https:\/\/natelinha.uol.com.br\/novelas\/dona-de-mim\" rel=\"nofollow noopener\" target=\"_blank\">Dona de Mim<\/a>, Ricardo \u00e9 demitido da Boaz, amea\u00e7a Jaques e acaba sofrendo um acidente. O vil\u00e3o, por\u00e9m, descobre que a irm\u00e3 do advogado tem c\u00f3pia do v\u00eddeo em que ele aparece sabotando o carro de Abel.<\/p>\n<p>A rela\u00e7\u00e3o do m\u00fasico com o advogado \u00e9 toda baseada no interesse. Foi na base da chantagem que o irm\u00e3o de Patr\u00edcia conseguiu manter seu trabalho na f\u00e1brica e, ainda, se tornar um dos acionistas.<\/p>\n<p>continua depois da publicidade<\/p>\n<p>Como atual presidente da Boaz, Samuel j\u00e1 percebeu que tem algo de estranho entre eles dois. Principalmente, quando mesmo tendo flagrado o amigo aos beijos com com T\u00e2nia (Aline Borges), quando ainda estava casado com a vil\u00e3, ele n\u00e3o demitiu o advogado.<\/p>\n<p><a href=\"https:\/\/natelinha.uol.com.br\/novelas\/2025\/10\/09\/dona-de-mim-jaques-atende-ao-ultimo-desejo-de-rosa-232381.php\" rel=\"nofollow noopener\" target=\"_blank\">+ Dona de Mim: Jaques atende ao \u00faltimo pedido de Rosa<\/a><\/p>\n<p>O filho de Abel vem planejando uma transi\u00e7\u00e3o dentro da f\u00e1brica, substituindo pessoas que ele n\u00e3o confia por outros profissionais. Depois do pr\u00f3prio Jaques, o mant\u00e9m Danilo (Felipe Simas) e Ricardo s\u00f3 at\u00e9 que cada um deles passe as fun\u00e7\u00f5es aos futuros profissionais da \u00e1rea.<\/p>\n<p>Enquanto isso, o advogado entrou com recurso no caso da curatela de Rosa, a pedido do m\u00fasico. Mas como o processo est\u00e1 demorando, o irm\u00e3o de Abel vai tentar retomar a presid\u00eancia atrav\u00e9s de Filipa, que ganhou a guarda de Sofia e passa a responder por 25% das a\u00e7\u00f5es da f\u00e1brica.<\/p>\n<p>continua depois da publicidade<\/p>\n<p>Para a surpresa do cr\u00e1pula, a m\u00e3e de Nina (Flora Camolese) mant\u00e9m o enteado no cargo. Samuel, ent\u00e3o, demite Ricardo logo em seguida. Revoltado, o advogado volta a ame\u00e7ar Jaques com o v\u00eddeo em que ele aparece sabotando o carro do irm\u00e3o.<\/p>\n<p>A fim de colocar ainda mais press\u00e3o, o irm\u00e3o de Patr\u00edcia liga para o neto de Rosa, provocando desconfian\u00e7as no irm\u00e3o de Davi. Logo ap\u00f3s o epis\u00f3dio, por\u00e9m, o ex-amante de T\u00e2nia ser\u00e1 atropelado.<\/p>\n<p><a href=\"https:\/\/natelinha.uol.com.br\/novelas\/2025\/10\/02\/dona-de-mim-davi-aparta-briga-entre-jaques-e-abel-entenda-232073.php\" rel=\"nofollow noopener\" target=\"_blank\">+ Dona de Mim: Davi aparta briga entre Jaques e Abel; entenda<\/a><\/p>\n<p>Jaques chega a pensar que se livrou pra sempre das chantagens do advogado, mas para a sua surpresa, o namorado de Filipa descobre que Patr\u00edcia tem uma c\u00f3pia do v\u00eddeo que o incrimina pela morte de Abel.<\/p>\n<p>continua depois da publicidade<\/p>\n<p>A cena est\u00e1 prevista para ir ao ar no cap\u00edtulo do dia 30 de outubro.<\/p>\n<p>O\u00a0<strong>NaTelinha<\/strong>\u00a0divulga todos os dias os\u00a0<a href=\"https:\/\/natelinha.uol.com.br\/novelas\" rel=\"nofollow noopener\" target=\"_blank\"><strong>resumos dos cap\u00edtulos<\/strong><\/a>, detalhes dos personagens, entrevistas exclusivas com o elenco e spoiler da novela Dona de Mim.\u00a0<\/p>\n<p><strong>Assista ao\u00a0v\u00eddeo de abertura da novela das sete:\u00a0\u00a0<\/strong><\/p>\n<p>                                <img decoding=\"async\" loading=\"lazy\" class=\"horizontal\" alt=\"Imagem da thumbnail do v\u00eddeo!\" src=\"https:\/\/www.europesays.com\/pt\/wp-content\/uploads\/2025\/09\/1757761575_881_hqdefault.jpg\"\/><\/p>\n<p>\u00a0<\/p>\n<p>\u00a0<\/p>\n","protected":false},"excerpt":{"rendered":"Nos pr\u00f3ximos cap\u00edtulos de Dona de Mim, Ricardo (Marcos Pasquim) \u00e9 demitido da Boaz, amea\u00e7a Jaques (Marcello Novaes)&hellip;\n","protected":false},"author":2,"featured_media":121461,"comment_status":"","ping_status":"","sticky":false,"template":"","format":"standard","meta":{"footnotes":""},"categories":[142],"tags":[1718,114,115,4904,32,33,28094,151],"class_list":{"0":"post-121460","1":"post","2":"type-post","3":"status-publish","4":"format-standard","5":"has-post-thumbnail","7":"category-tv","8":"tag-dona-de-mim","9":"tag-entertainment","10":"tag-entretenimento","11":"tag-jaques-dona-de-mim","12":"tag-portugal","13":"tag-pt","14":"tag-ricardo-dona-de-mim","15":"tag-tv"},"share_on_mastodon":{"url":"https:\/\/pubeurope.com\/@pt\/115416945480849248","error":""},"_links":{"self":[{"href":"https:\/\/www.europesays.com\/pt\/wp-json\/wp\/v2\/posts\/121460","targetHints":{"allow":["GET"]}}],"collection":[{"href":"https:\/\/www.europesays.com\/pt\/wp-json\/wp\/v2\/posts"}],"about":[{"href":"https:\/\/www.europesays.com\/pt\/wp-json\/wp\/v2\/types\/post"}],"author":[{"embeddable":true,"href":"https:\/\/www.europesays.com\/pt\/wp-json\/wp\/v2\/users\/2"}],"replies":[{"embeddable":true,"href":"https:\/\/www.europesays.com\/pt\/wp-json\/wp\/v2\/comments?post=121460"}],"version-history":[{"count":0,"href":"https:\/\/www.europesays.com\/pt\/wp-json\/wp\/v2\/posts\/121460\/revisions"}],"wp:featuredmedia":[{"embeddable":true,"href":"https:\/\/www.europesays.com\/pt\/wp-json\/wp\/v2\/media\/121461"}],"wp:attachment":[{"href":"https:\/\/www.europesays.com\/pt\/wp-json\/wp\/v2\/media?parent=121460"}],"wp:term":[{"taxonomy":"category","embeddable":true,"href":"https:\/\/www.europesays.com\/pt\/wp-json\/wp\/v2\/categories?post=121460"},{"taxonomy":"post_tag","embeddable":true,"href":"https:\/\/www.europesays.com\/pt\/wp-json\/wp\/v2\/tags?post=121460"}],"curies":[{"name":"wp","href":"https:\/\/api.w.org\/{rel}","templated":true}]}}