{"id":121470,"date":"2025-10-22T08:56:10","date_gmt":"2025-10-22T08:56:10","guid":{"rendered":"https:\/\/www.europesays.com\/pt\/121470\/"},"modified":"2025-10-22T08:56:10","modified_gmt":"2025-10-22T08:56:10","slug":"roupa-de-trato-no-lugar-que-eu-durmo-record","status":"publish","type":"post","link":"https:\/\/www.europesays.com\/pt\/121470\/","title":{"rendered":"\u2018Roupa de trato no lugar que eu durmo?\u2019 \u2013 Record"},"content":{"rendered":"<p><img decoding=\"async\" data-chromatic=\"ignore\" alt=\"\" class=\"c-image\" loading=\"lazy\" src=\"https:\/\/www.europesays.com\/pt\/wp-content\/uploads\/2025\/10\/GXWXKRLTDBHENKTZKJ27RAVZ3U.png\"  width=\"677\" height=\"339\"\/>Martina ficou indignada com a falta de higiene do pe\u00e3o Reprodu\u00e7\u00e3o\/RECORD <\/p>\n<p class=\"jarvics:base-text-neutral-high-400 base-text-[calc(theme(fontSize.xs)_*_var(--font-size,_1))] base-font-normal base-font-primary base-text-neutral-low-500 base-text-left\">Apesar de ser especialista nas estrat\u00e9gias de jogo, <a href=\"https:\/\/record.r7.com\/a-fazenda\/a-fazenda-17\/peoes\/dudu-camargo\" target=\"_self\" rel=\"nofollow noopener\" title=\"https:\/\/record.r7.com\/a-fazenda\/a-fazenda-17\/peoes\/dudu-camargo\"><b>Dudu Camargo<\/b><\/a> ainda tem muito a aprender quando o assunto \u00e9 higiene pessoal. Pelo visto, o jornalista se dedica tanto em garantir o entretenimento de <a href=\"https:\/\/record.r7.com\/a-fazenda\/a-fazenda-17\/\" target=\"_self\" rel=\"nofollow noopener\" title=\"https:\/\/record.r7.com\/a-fazenda\/a-fazenda-17\/\"><b>A Fazenda 17<\/b><\/a> que est\u00e1 deixando de lado a sua rela\u00e7\u00e3o com o chuveiro.<\/p>\n<p class=\"jarvics:base-text-neutral-high-400 base-text-[calc(theme(fontSize.xs)_*_var(--font-size,_1))] base-font-normal base-font-primary base-text-neutral-low-500 base-text-left\">Desde o in\u00edcio do reality rural, o pe\u00e3o nunca foi muito <a href=\"https:\/\/record.r7.com\/a-fazenda\/a-fazenda-17\/novidades\/em-paz-com-o-chuveiro-dudu-camargo-volta-a-tomar-banho-apos-quatro-dias-e-peoes-comemoram-19092025\/\" target=\"_self\" rel=\"nofollow noopener\" title=\"https:\/\/record.r7.com\/a-fazenda\/a-fazenda-17\/novidades\/em-paz-com-o-chuveiro-dudu-camargo-volta-a-tomar-banho-apos-quatro-dias-e-peoes-comemoram-19092025\/\"><b>chegado a banho<\/b><\/a> e j\u00e1 teve at\u00e9 ex-colega de quarto dele <a href=\"https:\/\/record.r7.com\/a-fazenda\/a-fazenda-17\/fora-do-cercado\/jornalista-que-morou-com-dudu-camargo-revela-que-peao-ja-ficou-nove-dias-sem-banho-nao-sei-por-que-29092025\/\" target=\"_self\" rel=\"nofollow noopener\" title=\"https:\/\/record.r7.com\/a-fazenda\/a-fazenda-17\/fora-do-cercado\/jornalista-que-morou-com-dudu-camargo-revela-que-peao-ja-ficou-nove-dias-sem-banho-nao-sei-por-que-29092025\/\"><b>confirmando a teoria<\/b><\/a> na cidade grande. No confinamento, os h\u00e1bitos de limpeza do jornalista, ou a falta deles, vem incomodando alguns pe\u00f5es e nesta te\u00e7a (21), Dudu levou um esporro ao deitar na cama de <a href=\"https:\/\/record.r7.com\/a-fazenda\/a-fazenda-17\/peoes\/martina-sanzi\" target=\"_self\" rel=\"nofollow noopener\" title=\"https:\/\/record.r7.com\/a-fazenda\/a-fazenda-17\/peoes\/martina-sanzi\"><b>Martina Sanzi<\/b><\/a>. <\/p>\n<p class=\"jarvics:base-text-neutral-high-400 base-text-[calc(theme(fontSize.xs)_*_var(--font-size,_1))] base-font-normal base-font-primary base-text-neutral-low-500 base-text-left\">Ao entrar no quarto e ver o pe\u00e3o no conforto do seu colch\u00e3o, a influenciadora ficou indignada e colocou ele para correr. <\/p>\n<p class=\"jarvics:base-text-neutral-high-400 base-text-[calc(theme(fontSize.xs)_*_var(--font-size,_1))] base-font-normal base-font-primary base-text-neutral-low-500 base-text-left\">Isso porque Dudu estava com as mesmas vestes que usou durante o dia todo na \u00e1rea dos animais. E, pelo visto, ele n\u00e3o pretendia se trocar. <\/p>\n<ul class=\"b-article-body__list-unordered\">\n<li><b>Quer ficar por dentro de tudo que est\u00e1 acontecendo em\u00a0<\/b><b>A Fazenda 17<\/b><b>?\u00a0<\/b><a href=\"https:\/\/www.whatsapp.com\/channel\/0029Va2cJIR1noz2ahzX0D1N\" target=\"_blank\" rel=\"noreferrer nofollow noopener\" title=\"https:\/\/www.whatsapp.com\/channel\/0029Va2cJIR1noz2ahzX0D1N\"><b>Clique aqui<\/b><\/a><b>\u00a0e fa\u00e7a parte do nosso canal no WhatsApp!<\/b><\/li>\n<\/ul>\n<p class=\"jarvics:base-text-neutral-high-400 base-text-[calc(theme(fontSize.xs)_*_var(--font-size,_1))] base-font-normal base-font-primary base-text-neutral-low-500 base-text-left\">Quando Martina se deparou com a cena, logo indagou: \u201cRoupa de trato no lugar que eu durmo? A\u00ed me complica. Roupa suja \u00e9 f**a, limpinho, tudo bem\u201d. <\/p>\n<p class=\"jarvics:base-text-neutral-high-400 base-text-[calc(theme(fontSize.xs)_*_var(--font-size,_1))] base-font-normal base-font-primary base-text-neutral-low-500 base-text-left\">De imediato, Dudu tentou se defender: \u201cA culpa \u00e9 da <a href=\"https:\/\/record.r7.com\/a-fazenda\/a-fazenda-17\/peoes\/duda-wendling\" target=\"_self\" rel=\"nofollow noopener\" title=\"https:\/\/record.r7.com\/a-fazenda\/a-fazenda-17\/peoes\/duda-wendling\"><b>Duda<\/b><\/a> [<a href=\"https:\/\/record.r7.com\/a-fazenda\/a-fazenda-17\/peoes\/duda-wendling\" target=\"_self\" rel=\"nofollow noopener\" title=\"https:\/\/record.r7.com\/a-fazenda\/a-fazenda-17\/peoes\/duda-wendling\"><b>Wendling<\/b><\/a>], que me chamou\u201d. Mas em seguida ele logo levantou e at\u00e9 saiu do quarto. Ser\u00e1 que limpeza corporal \u00e9 um t\u00f3pico sens\u00edvel para o jornalista?<\/p>\n<p class=\"jarvics:base-text-neutral-high-400 base-text-[calc(theme(fontSize.xs)_*_var(--font-size,_1))] base-font-normal base-font-primary base-text-neutral-low-500 base-text-left\"><a href=\"https:\/\/record.r7.com\/a-fazenda\/a-fazenda-17\/peoes\/luiz-mesquita\" target=\"_self\" rel=\"nofollow noopener\" title=\"https:\/\/record.r7.com\/a-fazenda\/a-fazenda-17\/peoes\/luiz-mesquita\"><b>Luiz Mesquita<\/b><\/a> estava presente no momento e depois do ocorrido ele repercutiu o assunto com <a href=\"https:\/\/record.r7.com\/a-fazenda\/a-fazenda-17\/peoes\/michelle-barros\" target=\"_self\" rel=\"nofollow noopener\" title=\"https:\/\/record.r7.com\/a-fazenda\/a-fazenda-17\/peoes\/michelle-barros\"><b>Michelle Barros<\/b><\/a> fora da sede. <\/p>\n<p class=\"jarvics:base-text-neutral-high-400 base-text-[calc(theme(fontSize.xs)_*_var(--font-size,_1))] base-font-normal base-font-primary base-text-neutral-low-500 base-text-left\">\u201c[Dudu] tomou banho nenhum, pelo menos nesses dois dias\u201d, observou a jornalista. Impressionado, o atleta comentou: \u201cO p\u00e9 dele est\u00e1 todo preto, cheio de sujeira\u201d. <\/p>\n<p class=\"jarvics:base-text-neutral-high-400 base-text-[calc(theme(fontSize.xs)_*_var(--font-size,_1))] base-font-normal base-font-primary base-text-neutral-low-500 base-text-left\">Eita, parece que a situa\u00e7\u00e3o da higiene do jornalista s\u00f3 est\u00e1 piorando. Como ser\u00e1 que os pe\u00f5es v\u00e3o lidar com isso daqui para frente?<\/p>\n<p class=\"jarvics:base-text-neutral-high-400 base-text-[calc(theme(fontSize.xs)_*_var(--font-size,_1))] base-font-normal base-font-primary base-text-neutral-low-500 base-text-left\">Fique ligado! <a href=\"https:\/\/record.r7.com\/a-fazenda\/a-fazenda-17\/\" rel=\"nofollow noopener\" title=\"https:\/\/record.r7.com\/a-fazenda\/a-fazenda-17\/\" target=\"_blank\"><b>A Fazenda 17<\/b><\/a> vai ao ar de segunda a domingo, \u00e0s 22h30, na tela da <a href=\"https:\/\/record.r7.com\/\" rel=\"nofollow noopener\" target=\"_blank\"><b>RECORD<\/b><\/a>. Assine o <a href=\"https:\/\/www.recordplus.com\/home\" rel=\"nofollow noopener\" title=\"https:\/\/www.recordplus.com\/home\" target=\"_blank\"><b>RecordPlus<\/b><\/a> e tenha acesso \u00e0s c\u00e2meras 24 horas.<\/p>\n<p><b>Entre tapa e quase beijo! Entenda a din\u00e2mica mais ca\u00f3tica de <\/b><b>A Fazenda 17<\/b><\/p>\n<p class=\"jarvics:base-text-neutral-high-400 base-text-[calc(theme(fontSize.xxs)_*_var(--font-size,_1))] base-font-semibold base-font-primary base-text-neutral-low-500 base-text-left\">Tapa na cara, tens\u00e3o e romance! Na din\u00e2mica de apontamento, os pe\u00f5es precisaram entregar um convite para quem acreditavam ainda n\u00e3o ter entrado de verdade no jogo. Ap\u00f3s muitos desabafos e cr\u00edticas, os pe\u00f5es viveram uma das noites mais pol\u00eamicas da edi\u00e7\u00e3o. Veja tudo que aconteceu<\/p>\n","protected":false},"excerpt":{"rendered":"Martina ficou indignada com a falta de higiene do pe\u00e3o Reprodu\u00e7\u00e3o\/RECORD Apesar de ser especialista nas estrat\u00e9gias de&hellip;\n","protected":false},"author":2,"featured_media":121471,"comment_status":"","ping_status":"","sticky":false,"template":"","format":"standard","meta":{"footnotes":""},"categories":[145],"tags":[657,211,210,20035,114,115,24774,32,33],"class_list":{"0":"post-121470","1":"post","2":"type-post","3":"status-publish","4":"format-standard","5":"has-post-thumbnail","7":"category-celebridades","8":"tag-a-fazenda","9":"tag-celebridades","10":"tag-celebrities","11":"tag-dudu-camargo","12":"tag-entertainment","13":"tag-entretenimento","14":"tag-martina-sanzi","15":"tag-portugal","16":"tag-pt"},"share_on_mastodon":{"url":"https:\/\/pubeurope.com\/@pt\/115416989256225303","error":""},"_links":{"self":[{"href":"https:\/\/www.europesays.com\/pt\/wp-json\/wp\/v2\/posts\/121470","targetHints":{"allow":["GET"]}}],"collection":[{"href":"https:\/\/www.europesays.com\/pt\/wp-json\/wp\/v2\/posts"}],"about":[{"href":"https:\/\/www.europesays.com\/pt\/wp-json\/wp\/v2\/types\/post"}],"author":[{"embeddable":true,"href":"https:\/\/www.europesays.com\/pt\/wp-json\/wp\/v2\/users\/2"}],"replies":[{"embeddable":true,"href":"https:\/\/www.europesays.com\/pt\/wp-json\/wp\/v2\/comments?post=121470"}],"version-history":[{"count":0,"href":"https:\/\/www.europesays.com\/pt\/wp-json\/wp\/v2\/posts\/121470\/revisions"}],"wp:featuredmedia":[{"embeddable":true,"href":"https:\/\/www.europesays.com\/pt\/wp-json\/wp\/v2\/media\/121471"}],"wp:attachment":[{"href":"https:\/\/www.europesays.com\/pt\/wp-json\/wp\/v2\/media?parent=121470"}],"wp:term":[{"taxonomy":"category","embeddable":true,"href":"https:\/\/www.europesays.com\/pt\/wp-json\/wp\/v2\/categories?post=121470"},{"taxonomy":"post_tag","embeddable":true,"href":"https:\/\/www.europesays.com\/pt\/wp-json\/wp\/v2\/tags?post=121470"}],"curies":[{"name":"wp","href":"https:\/\/api.w.org\/{rel}","templated":true}]}}