{"id":121472,"date":"2025-10-22T08:57:08","date_gmt":"2025-10-22T08:57:08","guid":{"rendered":"https:\/\/www.europesays.com\/pt\/121472\/"},"modified":"2025-10-22T08:57:08","modified_gmt":"2025-10-22T08:57:08","slug":"como-fotografa-registrou-o-unico-grupo-de-leoes-marinhos-do-mundo-na-africa-veja-imagens-r7-entretenimento","status":"publish","type":"post","link":"https:\/\/www.europesays.com\/pt\/121472\/","title":{"rendered":"Como fot\u00f3grafa registrou o \u2018\u00fanico grupo de le\u00f5es marinhos\u2019 do mundo na \u00c1frica; veja imagens \u2013 R7 Entretenimento"},"content":{"rendered":"<p>LEIA AQUI O RESUMO DA NOT\u00cdCIA<\/p>\n<ul class=\"b-article-body-custom-embed-brief-news__list\" style=\"margin: 0; padding-left: 20px; list-style-type: disc;\">\n<li>Fot\u00f3grafa belga Griet Van Malderen documenta grupo de le\u00f5es marinhos na Nam\u00edbia desde 2017.<\/li>\n<li>Grupo se deslocou para o litoral em busca de alimento ap\u00f3s seca devastadora em 2015.<\/li>\n<li>Atualmente, cerca de 80 le\u00f5es se adaptam ao ambiente costeiro e mudaram sua dieta.<\/li>\n<li>Fotografia do le\u00e3o Gamma ao lado de uma foca foi premiada em concurso de vida selvagem.<\/li>\n<\/ul>\n<p style=\"font-size: 0.8em; font-style: italic; text-align: right; margin-top: 15px; padding-bottom: 5px; margin-bottom: 0;\">Produzido pela Ri7a &#8211; a Intelig\u00eancia Artificial do R7<\/p>\n<p><img decoding=\"async\" data-chromatic=\"ignore\" alt=\"Fot&#xF3;grafa belga Griet Van Malderen registra os le&#xF5;es desde que eles come&#xE7;aram a abandonar o deserto\" class=\"c-image\" loading=\"lazy\" src=\"https:\/\/www.europesays.com\/pt\/wp-content\/uploads\/2025\/10\/USTAFVU2RREHXJ3GALCYVCVUQE.png\"  width=\"888\" height=\"540\"\/>Fot\u00f3grafa belga Griet Van Malderen registra os le\u00f5es desde que eles come\u00e7aram a abandonar o deserto Reprodu\u00e7\u00e3o\/Instagram &#8211; @grietvanm <\/p>\n<p class=\"jarvics:base-text-neutral-high-400 base-text-[calc(theme(fontSize.xs)_*_var(--font-size,_1))] base-font-normal base-font-primary base-text-neutral-low-500 base-text-left\">Um grupo de le\u00f5es que trocou a savana pelo litoral da Nam\u00edbia se tornou o foco do trabalho da fot\u00f3grafa belga Griet Van Malderen. Desde 2017, ela acompanha a adapta\u00e7\u00e3o desses felinos que vivem \u00e0s margens do <a href=\"https:\/\/record.r7.com\/fala-brasil\/video\/boa-noticia-descoberta-de-agua-doce-sob-o-atlantico-pode-transformar-futuro-hidrico-12092025\/\" target=\"_blank\" rel=\"noreferrer nofollow noopener\" title=\"https:\/\/record.r7.com\/fala-brasil\/video\/boa-noticia-descoberta-de-agua-doce-sob-o-atlantico-pode-transformar-futuro-hidrico-12092025\/\">Oceano Atl\u00e2ntico<\/a> e s\u00e3o considerados o \u00fanico grupo de \u201cle\u00f5es marinhos\u201d conhecido no mundo.<\/p>\n<p class=\"jarvics:base-text-neutral-high-400 base-text-[calc(theme(fontSize.xs)_*_var(--font-size,_1))] base-font-normal base-font-primary base-text-neutral-low-500 base-text-left\">A migra\u00e7\u00e3o come\u00e7ou depois de uma longa seca em 2015, que devastou popula\u00e7\u00f5es de <a href=\"https:\/\/record.r7.com\/balanco-geral\/video\/conheca-a-historia-de-edi-zebra-que-fugiu-de-uma-fazenda-e-foi-resgatada-de-helicoptero-nos-eua-12062025\/\" target=\"_blank\" rel=\"noreferrer nofollow noopener\" title=\"https:\/\/record.r7.com\/balanco-geral\/video\/conheca-a-historia-de-edi-zebra-que-fugiu-de-uma-fazenda-e-foi-resgatada-de-helicoptero-nos-eua-12062025\/\">zebras<\/a>, ant\u00edlopes-de-leque e avestruzes, base da alimenta\u00e7\u00e3o dos le\u00f5es. Sem presas suficientes, um grupo de 12 animais se deslocou pelo deserto da <a href=\"https:\/\/noticias.r7.com\/prisma\/luiz-fara-monteiro\/namibia-sao-tome-e-principe-e-maputo-tres-destinos-africanos-pouco-conhecidos-que-surpreendem-30082025\/\" target=\"_blank\" rel=\"noreferrer nofollow noopener\" title=\"https:\/\/noticias.r7.com\/prisma\/luiz-fara-monteiro\/namibia-sao-tome-e-principe-e-maputo-tres-destinos-africanos-pouco-conhecidos-que-surpreendem-30082025\/\">Nam\u00edbia <\/a>em dire\u00e7\u00e3o ao oeste. L\u00e1, encontrou uma nova fonte de alimento na costa. Segundo a BBC, essa mudan\u00e7a foi motivada pela busca por comida e, hoje, a comunidade costeira j\u00e1 re\u00fane cerca de 80 le\u00f5es.<\/p>\n<p class=\"jarvics:base-text-neutral-high-400 base-text-[calc(theme(fontSize.xs)_*_var(--font-size,_1))] base-font-normal base-font-primary base-text-neutral-low-500 base-text-left\">A fot\u00f3grafa, que segue o grupo desde o in\u00edcio da migra\u00e7\u00e3o, busca entender como os felinos est\u00e3o se adaptando ao ambiente marinho. Em uma das imagens mais conhecidas, Van Malderen registrou o le\u00e3o Gamma ao lado da carca\u00e7a de uma foca, presa que substituiu os antigos animais do deserto na dieta dos le\u00f5es. Ela contou ter esperado v\u00e1rios dias para capturar o momento.<\/p>\n<p class=\"jarvics:base-text-neutral-high-400 base-text-[calc(theme(fontSize.xs)_*_var(--font-size,_1))] base-font-normal base-font-primary base-text-neutral-low-500 base-text-left\">A fotografia de Gamma foi premiada no concurso Fot\u00f3grafo de Vida Selvagem do Ano, que reconhece registros da natureza em seu \u201cestado mais puro\u201d. <\/p>\n<p><video controls=\"\" class=\"video-js\" preload=\"metadata\" poster=\"https:\/\/d22yf0mxeu0gma.cloudfront.net\/09-11-2025\/t_545b42258ad049e78c632e8794581048_name_file_960x540_1600_v4_.jpg\" title=\"Le&#xE3;o passa por resson&#xE2;ncia magn&#xE9;tica e cl&#xED;nica mobiliza 12 profissionais de sa&#xFA;de em Curitiba (PR)\" data-sprite-url=\"\" data-metadata=\"{&quot;title&quot;:&quot;Le&#xE3;o passa por resson&#xE2;ncia magn&#xE9;tica e cl&#xED;nica mobiliza 12 profissionais de sa&#xFA;de em Curitiba (PR)&quot;,&quot;sectionName&quot;:&quot;R7&quot;,&quot;mainSection&quot;:&quot;Bichos&quot;,&quot;subSection&quot;:&quot;&quot;,&quot;views&quot;:&quot;&quot;,&quot;createdDate&quot;:&quot;2025-09-11T18:18:06Z&quot;,&quot;mainSectionUrl&quot;:&quot;https:\/\/record.r7.com\/balanco-geral\/video\/leao-passa-por-ressonancia-magnetica-e-clinica-mobiliza-12-profissionais-de-saude-em-curitiba-pr-11092025\/&quot;,&quot;sectionPath&quot;:&quot;https:\/\/record.r7.com\/balanco-geral&quot;,&quot;ageRating&quot;:&quot;&quot;,&quot;ageRatingDescription&quot;:&quot;&quot;,&quot;duration&quot;:134784,&quot;playerUrl&quot;:&quot;https:\/\/record.r7.com\/player\/394bf41e-2747-49fc-a6a9-877b8fcd3b3b\/&quot;}\" data-player-params=\"{&quot;p&quot;:&quot;true&quot;,&quot;autoPlay&quot;:&quot;false&quot;,&quot;logo&quot;:&quot;true&quot;,&quot;playlistId&quot;:&quot;false&quot;,&quot;calhau&quot;:&quot;false&quot;,&quot;share&quot;:&quot;true&quot;,&quot;sz&quot;:&quot;false&quot;,&quot;full&quot;:&quot;true&quot;,&quot;customAdHash&quot;:&quot;\/7542\/R7entretenimento\/viva-a-vida&quot;,&quot;referrerUrl&quot;:&quot;&quot;,&quot;externalLinks&quot;:&quot;true&quot;,&quot;debug&quot;:&quot;false&quot;,&quot;debugHash&quot;:&quot;false&quot;,&quot;debugRelated&quot;:&quot;false&quot;,&quot;timerRelated&quot;:&quot;true&quot;,&quot;logoRecord&quot;:&quot;false&quot;,&quot;contextModal&quot;:&quot;false&quot;,&quot;parentUrl&quot;:&quot;https:\/\/record.r7.com\/&quot;,&quot;t&quot;:&quot;0&quot;,&quot;noTitle&quot;:false,&quot;endBehavior&quot;:&quot;default&quot;}\" data-related-videos=\"[{&quot;title&quot;:&quot;Caso Ruy Ferraz: oitavo suspeito da morte do ex-delegado &#xE9; preso em Itanha&#xE9;m (SP)&quot;,&quot;thumb&quot;:&quot;https:\/\/d22yf0mxeu0gma.cloudfront.net\/10-21-2025\/t_09c2a6964f224fc49341bf2c29ef5414_name_file_960x540_1600_v4_.jpg&quot;,&quot;url&quot;:&quot;https:\/\/record.r7.com\/balanco-geral\/video\/caso-ruy-ferraz-oitavo-suspeito-da-morte-do-ex-delegado-e-preso-em-itanhaem-sp-21102025\/&quot;,&quot;embedUrl&quot;:&quot;https:\/\/record.r7.com\/player\/f8891c79-820c-41d7-bf35-8b65615d72fd\/&quot;},{&quot;title&quot;:&quot;Criminosos que balearam motoboy na rua 25 de Mar&#xE7;o fazem parte de quadrilha em SP&quot;,&quot;thumb&quot;:&quot;https:\/\/d22yf0mxeu0gma.cloudfront.net\/10-21-2025\/t_3c5a7794703f4266b611540382abbcff_name_file_960x540_1600_v4_.jpg&quot;,&quot;url&quot;:&quot;https:\/\/record.r7.com\/balanco-geral\/video\/criminosos-que-balearam-motoboy-na-rua-25-de-marco-fazem-parte-de-quadrilha-em-sp-21102025\/&quot;,&quot;embedUrl&quot;:&quot;https:\/\/record.r7.com\/player\/9f84fcd6-4879-4a00-938d-732bcbaad706\/&quot;},{&quot;title&quot;:&quot;Obras invis&#xED;veis e conceituais movimentam o mundo da arte contempor&#xE2;nea&quot;,&quot;thumb&quot;:&quot;https:\/\/d22yf0mxeu0gma.cloudfront.net\/10-21-2025\/t_a67945cde07a4841b48fbfbec4cc7b64_name_file_960x540_1600_v4_.jpg&quot;,&quot;url&quot;:&quot;https:\/\/record.r7.com\/balanco-geral\/video\/obras-invisiveis-e-conceituais-movimentam-o-mundo-da-arte-contemporanea-21102025\/&quot;,&quot;embedUrl&quot;:&quot;https:\/\/record.r7.com\/player\/650bb77a-f6a9-4c70-be3f-04bd299c654d\/&quot;}]\" data-player-url=\"https:\/\/record.r7.com\/player\/394bf41e-2747-49fc-a6a9-877b8fcd3b3b\/\" data-arc-video=\"\" data-arc-id=\"394bf41e-2747-49fc-a6a9-877b8fcd3b3b\" data-short=\"false\" style=\"visibility:hidden\"><\/video><\/p>\n","protected":false},"excerpt":{"rendered":"LEIA AQUI O RESUMO DA NOT\u00cdCIA Fot\u00f3grafa belga Griet Van Malderen documenta grupo de le\u00f5es marinhos na Nam\u00edbia&hellip;\n","protected":false},"author":2,"featured_media":121473,"comment_status":"","ping_status":"","sticky":false,"template":"","format":"standard","meta":{"footnotes":""},"categories":[144],"tags":[2713,1353,28096,207,205,206,203,201,202,204,114,115,32,33],"class_list":{"0":"post-121472","1":"post","2":"type-post","3":"status-publish","4":"format-standard","5":"has-post-thumbnail","7":"category-arte-e-design","8":"tag-africa","9":"tag-animais","10":"tag-animal-silvestre","11":"tag-arte","12":"tag-arte-e-design","13":"tag-artedesign","14":"tag-arts","15":"tag-arts-and-design","16":"tag-artsanddesign","17":"tag-design","18":"tag-entertainment","19":"tag-entretenimento","20":"tag-portugal","21":"tag-pt"},"share_on_mastodon":{"url":"https:\/\/pubeurope.com\/@pt\/115416992609465801","error":""},"_links":{"self":[{"href":"https:\/\/www.europesays.com\/pt\/wp-json\/wp\/v2\/posts\/121472","targetHints":{"allow":["GET"]}}],"collection":[{"href":"https:\/\/www.europesays.com\/pt\/wp-json\/wp\/v2\/posts"}],"about":[{"href":"https:\/\/www.europesays.com\/pt\/wp-json\/wp\/v2\/types\/post"}],"author":[{"embeddable":true,"href":"https:\/\/www.europesays.com\/pt\/wp-json\/wp\/v2\/users\/2"}],"replies":[{"embeddable":true,"href":"https:\/\/www.europesays.com\/pt\/wp-json\/wp\/v2\/comments?post=121472"}],"version-history":[{"count":0,"href":"https:\/\/www.europesays.com\/pt\/wp-json\/wp\/v2\/posts\/121472\/revisions"}],"wp:featuredmedia":[{"embeddable":true,"href":"https:\/\/www.europesays.com\/pt\/wp-json\/wp\/v2\/media\/121473"}],"wp:attachment":[{"href":"https:\/\/www.europesays.com\/pt\/wp-json\/wp\/v2\/media?parent=121472"}],"wp:term":[{"taxonomy":"category","embeddable":true,"href":"https:\/\/www.europesays.com\/pt\/wp-json\/wp\/v2\/categories?post=121472"},{"taxonomy":"post_tag","embeddable":true,"href":"https:\/\/www.europesays.com\/pt\/wp-json\/wp\/v2\/tags?post=121472"}],"curies":[{"name":"wp","href":"https:\/\/api.w.org\/{rel}","templated":true}]}}