{"id":121474,"date":"2025-10-22T08:58:10","date_gmt":"2025-10-22T08:58:10","guid":{"rendered":"https:\/\/www.europesays.com\/pt\/121474\/"},"modified":"2025-10-22T08:58:10","modified_gmt":"2025-10-22T08:58:10","slug":"que-livros-de-forte-carga-simbolica-levou-nicolas-sarkozy-para-a-prisao","status":"publish","type":"post","link":"https:\/\/www.europesays.com\/pt\/121474\/","title":{"rendered":"Que livros de forte carga simb\u00f3lica levou Nicolas Sarkozy para a pris\u00e3o?"},"content":{"rendered":"<p>\n         Publicado a<br \/>\n            22\/10\/2025 &#8211; 9:30 GMT+2\n            <\/p>\n<p>O antigo presidente franc\u00eas Nicolas Sarkozy come\u00e7ou na ter\u00e7a-feira a cumprir uma pena de cinco anos na pris\u00e3o de La Sant\u00e9, em Paris.<\/p>\n<p>Sarkozy, que liderou o pa\u00eds entre 2007 e 2012, foi <a href=\"https:\/\/pt.euronews.com\/my-europe\/2025\/09\/25\/nicolas-sarkozy-considerado-culpado-de-associacao-criminosa-em-caso-de-financiamento-ilega\" rel=\"nofollow noopener\" target=\"_blank\"><strong>condenado no final de setembro<\/strong><\/a> por conspira\u00e7\u00e3o criminosa num plano para o j\u00e1 falecido ditador l\u00edbio Muamar Kadhafi financiar a sua campanha eleitoral. Torna-se o primeiro antigo l\u00edder franc\u00eas a ser preso desde o marechal Philippe P\u00e9tain, colaboracionista nazi, ap\u00f3s a Segunda Guerra Mundial.<\/p>\n<p>&#8220;Um homem inocente est\u00e1 a ser encarcerado&#8221;, disse a caminho de La Sant\u00e9.<\/p>\n<p>Ao abrigo da decis\u00e3o, Sarkozy, de 70 anos, s\u00f3 poder\u00e1 apresentar um pedido de liberta\u00e7\u00e3o ao tribunal de recurso depois de estar recluso; os ju\u00edzes ter\u00e3o depois at\u00e9 dois meses para o apreciar.<\/p>\n<p>Entretanto, o ex-presidente ter\u00e1 de passar o tempo na sua cela de 11 metros quadrados, com uma placa el\u00e9trica para cozinhar, uma pequena secret\u00e1ria e duche e sanita. Ter\u00e1 acesso a televis\u00e3o (mediante uma mensalidade de 14 euros), biblioteca e gin\u00e1sio.<\/p>\n<p>Sarkozy referiu planos para escrever um novo livro durante o tempo na pris\u00e3o e levou consigo tr\u00eas livros \u2014 o m\u00e1ximo permitido aos reclusos.<\/p>\n<p>Disse ao jornal franc\u00eas Le Figaro que leva \u201cO Conde de Monte Cristo\u201d, de Alexandre Dumas (em dois volumes), e uma biografia de Jesus Cristo.<\/p>\n<p>O primeiro, publicado em 1846, \u00e9 altamente simb\u00f3lico, j\u00e1 que o her\u00f3i, Edmond Dant\u00e8s, \u00e9 injustamente preso durante 14 anos e prepara a vingan\u00e7a ap\u00f3s escapar no final do primeiro volume. <\/p>\n<p>N\u00e3o se sabe se Sarkozy se identifica com Dant\u00e8s, mas a escolha parece longe de ser casual, tendo em conta que o ex-presidente nunca deixou de proclamar a sua inoc\u00eancia. Al\u00e9m disso, o her\u00f3i do livro \u00e9 o mais famoso inocente injustamente condenado da literatura francesa.<\/p>\n<p>Uma op\u00e7\u00e3o carregada de simbolismo. <\/p>\n<p>Quanto ao segundo livro, \u201cJ\u00e9sus\u201d, de Jean-Christian Petitfils \u2014 publicado em 2011 \u2014, oferece um olhar bem documentado sobre a vida de Cristo. Petitfils recorre a fontes hist\u00f3ricas e investiga\u00e7\u00e3o para tra\u00e7ar um retrato afastado de narrativas estritamente religiosas.<\/p>\n<p>Uma escolha que contrasta com o tema da vingan\u00e7a associado a Edmond Dant\u00e8s&#8230; <\/p>\n","protected":false},"excerpt":{"rendered":"Publicado a 22\/10\/2025 &#8211; 9:30 GMT+2 O antigo presidente franc\u00eas Nicolas Sarkozy come\u00e7ou na ter\u00e7a-feira a cumprir uma&hellip;\n","protected":false},"author":2,"featured_media":121475,"comment_status":"","ping_status":"","sticky":false,"template":"","format":"standard","meta":{"footnotes":""},"categories":[143],"tags":[169,114,115,208,864,170,21757,32,694,33],"class_list":{"0":"post-121474","1":"post","2":"type-post","3":"status-publish","4":"format-standard","5":"has-post-thumbnail","7":"category-livros","8":"tag-books","9":"tag-entertainment","10":"tag-entretenimento","11":"tag-franca","12":"tag-literatura","13":"tag-livros","14":"tag-nicolas-sarkozy","15":"tag-portugal","16":"tag-prisao","17":"tag-pt"},"share_on_mastodon":{"url":"https:\/\/pubeurope.com\/@pt\/115416996553547413","error":""},"_links":{"self":[{"href":"https:\/\/www.europesays.com\/pt\/wp-json\/wp\/v2\/posts\/121474","targetHints":{"allow":["GET"]}}],"collection":[{"href":"https:\/\/www.europesays.com\/pt\/wp-json\/wp\/v2\/posts"}],"about":[{"href":"https:\/\/www.europesays.com\/pt\/wp-json\/wp\/v2\/types\/post"}],"author":[{"embeddable":true,"href":"https:\/\/www.europesays.com\/pt\/wp-json\/wp\/v2\/users\/2"}],"replies":[{"embeddable":true,"href":"https:\/\/www.europesays.com\/pt\/wp-json\/wp\/v2\/comments?post=121474"}],"version-history":[{"count":0,"href":"https:\/\/www.europesays.com\/pt\/wp-json\/wp\/v2\/posts\/121474\/revisions"}],"wp:featuredmedia":[{"embeddable":true,"href":"https:\/\/www.europesays.com\/pt\/wp-json\/wp\/v2\/media\/121475"}],"wp:attachment":[{"href":"https:\/\/www.europesays.com\/pt\/wp-json\/wp\/v2\/media?parent=121474"}],"wp:term":[{"taxonomy":"category","embeddable":true,"href":"https:\/\/www.europesays.com\/pt\/wp-json\/wp\/v2\/categories?post=121474"},{"taxonomy":"post_tag","embeddable":true,"href":"https:\/\/www.europesays.com\/pt\/wp-json\/wp\/v2\/tags?post=121474"}],"curies":[{"name":"wp","href":"https:\/\/api.w.org\/{rel}","templated":true}]}}