{"id":121476,"date":"2025-10-22T08:59:12","date_gmt":"2025-10-22T08:59:12","guid":{"rendered":"https:\/\/www.europesays.com\/pt\/121476\/"},"modified":"2025-10-22T08:59:12","modified_gmt":"2025-10-22T08:59:12","slug":"pedro-jorge-mete-se-com-ana-sente-o-meu-perfume-e-vem-ter-comigo-secret-story","status":"publish","type":"post","link":"https:\/\/www.europesays.com\/pt\/121476\/","title":{"rendered":"Pedro Jorge &#8216;mete-se&#8217; com Ana: \u00abSente o meu perfume e vem ter comigo\u00bb &#8211; Secret Story"},"content":{"rendered":"<p>No Secret Story 9, a madrugada passada foi marcada por fortes discuss\u00f5es e alian\u00e7as em risco. Ana e Leandro entram em confronto direto e o motivo \u00e9 Pedro. Mais tarde, Leandro desabafa com Marisa e a concorrente &#8216;rasga&#8217; o pr\u00f3prio marido. Na cozinha, Marisa Susana mostra-se convicta do segredo de Pedro e atira \u00abs\u00e3o um casal verdadeiro\u00bb, referindo-se a Pedro e Ana.<\/p>\n<p>J\u00e1 pode votar para salvar o seu concorrente favorito:<\/p>\n<p><strong>BRUNO \u2013 761 20 20 04<\/strong><\/p>\n<p><strong>IN\u00caS \u2013 761 20 20 10<\/strong><\/p>\n<p><strong>LILIANA \u2013 761 20 20 14<\/strong><\/p>\n<p><strong>MARIANA \u2013 761 20 20 15<\/strong><\/p>\n<p><strong>RUI \u2013 761 20 20 19<\/strong><\/p>\n<p><a href=\"https:\/\/tvi.iol.pt\/secretstory\/aominuto\" wbo-id=\"32\" rel=\"nofollow noopener\" target=\"_blank\"><strong>Acompanhe, ao minuto, tudo o que acontece na casa mais vigiada do Pa\u00eds.\u00a0<\/strong><\/a><\/p>\n","protected":false},"excerpt":{"rendered":"No Secret Story 9, a madrugada passada foi marcada por fortes discuss\u00f5es e alian\u00e7as em risco. Ana e&hellip;\n","protected":false},"author":2,"featured_media":121477,"comment_status":"","ping_status":"","sticky":false,"template":"","format":"standard","meta":{"footnotes":""},"categories":[142],"tags":[114,115,19033,19034,32,33,151,19032],"class_list":{"0":"post-121476","1":"post","2":"type-post","3":"status-publish","4":"format-standard","5":"has-post-thumbnail","7":"category-tv","8":"tag-entertainment","9":"tag-entretenimento","10":"tag-galas-em-video","11":"tag-melhores-momentos-casa-dos-segredos","12":"tag-portugal","13":"tag-pt","14":"tag-tv","15":"tag-videos-secret-story-tvi"},"share_on_mastodon":{"url":"https:\/\/pubeurope.com\/@pt\/115417000286932151","error":""},"_links":{"self":[{"href":"https:\/\/www.europesays.com\/pt\/wp-json\/wp\/v2\/posts\/121476","targetHints":{"allow":["GET"]}}],"collection":[{"href":"https:\/\/www.europesays.com\/pt\/wp-json\/wp\/v2\/posts"}],"about":[{"href":"https:\/\/www.europesays.com\/pt\/wp-json\/wp\/v2\/types\/post"}],"author":[{"embeddable":true,"href":"https:\/\/www.europesays.com\/pt\/wp-json\/wp\/v2\/users\/2"}],"replies":[{"embeddable":true,"href":"https:\/\/www.europesays.com\/pt\/wp-json\/wp\/v2\/comments?post=121476"}],"version-history":[{"count":0,"href":"https:\/\/www.europesays.com\/pt\/wp-json\/wp\/v2\/posts\/121476\/revisions"}],"wp:featuredmedia":[{"embeddable":true,"href":"https:\/\/www.europesays.com\/pt\/wp-json\/wp\/v2\/media\/121477"}],"wp:attachment":[{"href":"https:\/\/www.europesays.com\/pt\/wp-json\/wp\/v2\/media?parent=121476"}],"wp:term":[{"taxonomy":"category","embeddable":true,"href":"https:\/\/www.europesays.com\/pt\/wp-json\/wp\/v2\/categories?post=121476"},{"taxonomy":"post_tag","embeddable":true,"href":"https:\/\/www.europesays.com\/pt\/wp-json\/wp\/v2\/tags?post=121476"}],"curies":[{"name":"wp","href":"https:\/\/api.w.org\/{rel}","templated":true}]}}