{"id":121478,"date":"2025-10-22T09:02:14","date_gmt":"2025-10-22T09:02:14","guid":{"rendered":"https:\/\/www.europesays.com\/pt\/121478\/"},"modified":"2025-10-22T09:02:14","modified_gmt":"2025-10-22T09:02:14","slug":"era-uma-situacao-impossivel-para-o-benfica-de-controlar","status":"publish","type":"post","link":"https:\/\/www.europesays.com\/pt\/121478\/","title":{"rendered":"\u00abEra uma situa\u00e7\u00e3o imposs\u00edvel para o Benfica de controlar\u00bb"},"content":{"rendered":"<p>&#8211; Advertisement &#8211;<\/p>\n<p>Jos\u00e9 Mourinho comentou a derrota do Benfica frente ao Newcastle United por <a href=\"https:\/\/bolanarede.pt\/especial-bola-na-rede\/atualidade\/newcastle-united-derrota-benfica-e-aguias-so-sabem-perder-para-a-champions-league\/\" target=\"_blank\" rel=\"noreferrer noopener nofollow\">3-0<\/a>. O treinador portugu\u00eas comentou que gostaria de contar com Kerem Akturkoglu no plantel dos encarnados, mas assumiu que compreende a sa\u00edda do extremo para o seu antigo clube:<\/p>\n<p>\u00abFalar do plantel \u00e9 uma posi\u00e7\u00e3o dif\u00edcil para mim. Prefiro manter-me coerente com o que disse quando joguei contra o Benfica, tamb\u00e9m para lhes meter responsabilidade. H\u00e1 um jogador de quem eu gostava muito, mas acho que a sua sa\u00edda tinha que acontecer, da maneira como o meu antigo clube se meteu, tinha que acontecer. O Benfica n\u00e3o tinha condi\u00e7\u00f5es, o Kerem Akturkoglu ganhava X e ia ganhar cinco vezes X e em casa. Era uma situa\u00e7\u00e3o imposs\u00edvel para o Benfica de controlar. Era um jogador que nos faz falta\u00bb.<\/p>\n","protected":false},"excerpt":{"rendered":"&#8211; Advertisement &#8211; Jos\u00e9 Mourinho comentou a derrota do Benfica frente ao Newcastle United por 3-0. O treinador&hellip;\n","protected":false},"author":2,"featured_media":121479,"comment_status":"","ping_status":"","sticky":false,"template":"","format":"standard","meta":{"footnotes":""},"categories":[87],"tags":[260,51,135,1385,2231,32,479,33,134],"class_list":{"0":"post-121478","1":"post","2":"type-post","3":"status-publish","4":"format-standard","5":"has-post-thumbnail","7":"category-desporto","8":"tag-atualidade","9":"tag-benfica","10":"tag-desporto","11":"tag-jose-mourinho","12":"tag-kerem-akturkoglu","13":"tag-portugal","14":"tag-primeira-liga","15":"tag-pt","16":"tag-sports"},"share_on_mastodon":{"url":"https:\/\/pubeurope.com\/@pt\/115417012155917632","error":""},"_links":{"self":[{"href":"https:\/\/www.europesays.com\/pt\/wp-json\/wp\/v2\/posts\/121478","targetHints":{"allow":["GET"]}}],"collection":[{"href":"https:\/\/www.europesays.com\/pt\/wp-json\/wp\/v2\/posts"}],"about":[{"href":"https:\/\/www.europesays.com\/pt\/wp-json\/wp\/v2\/types\/post"}],"author":[{"embeddable":true,"href":"https:\/\/www.europesays.com\/pt\/wp-json\/wp\/v2\/users\/2"}],"replies":[{"embeddable":true,"href":"https:\/\/www.europesays.com\/pt\/wp-json\/wp\/v2\/comments?post=121478"}],"version-history":[{"count":0,"href":"https:\/\/www.europesays.com\/pt\/wp-json\/wp\/v2\/posts\/121478\/revisions"}],"wp:featuredmedia":[{"embeddable":true,"href":"https:\/\/www.europesays.com\/pt\/wp-json\/wp\/v2\/media\/121479"}],"wp:attachment":[{"href":"https:\/\/www.europesays.com\/pt\/wp-json\/wp\/v2\/media?parent=121478"}],"wp:term":[{"taxonomy":"category","embeddable":true,"href":"https:\/\/www.europesays.com\/pt\/wp-json\/wp\/v2\/categories?post=121478"},{"taxonomy":"post_tag","embeddable":true,"href":"https:\/\/www.europesays.com\/pt\/wp-json\/wp\/v2\/tags?post=121478"}],"curies":[{"name":"wp","href":"https:\/\/api.w.org\/{rel}","templated":true}]}}