{"id":121480,"date":"2025-10-22T09:04:12","date_gmt":"2025-10-22T09:04:12","guid":{"rendered":"https:\/\/www.europesays.com\/pt\/121480\/"},"modified":"2025-10-22T09:04:12","modified_gmt":"2025-10-22T09:04:12","slug":"este-foi-o-melhor-presente","status":"publish","type":"post","link":"https:\/\/www.europesays.com\/pt\/121480\/","title":{"rendered":"Este foi o melhor presente&#8230;"},"content":{"rendered":"<p>Isabel Figueira celebra esta ter\u00e7a-feira, 21 de outubro, o seu anivers\u00e1rio. Assim, e de forma a festejar a data, a atriz foi convidada a estar presente no programa da TVI \u2018Dois \u00e0s 10\u2019, onde recordou o seu percurso de vida.<\/p>\n<p>\u00c0 conversa com Cristina Ferreira e Cl\u00e1udio Ramos, Isabel Figueira emocionou-se por diversas ao lembrar o que j\u00e1 viveu e ainda ao deparar-se com as surpresas preparadas pela produ\u00e7\u00e3o, uma delas a visita do filho mais velho, Rodrigo, de 19 anos.<\/p>\n<p>O jovem adulto entrou em est\u00fadio com uma caixa de rosas para a m\u00e3e, que n\u00e3o conteve a emo\u00e7\u00e3o ao ver e abra\u00e7ar o primog\u00e9nito, que falou da boa rela\u00e7\u00e3o com a m\u00e3e e com toda a fam\u00edlia.<strong>\u00a0\u201cEstou muito feliz que ele esteja aqui hoje\u201d<\/strong>, come\u00e7ou por dizer Isabel Figueira. <strong>\u201cEu vou-vos dizer uma coisa: este foi o melhor presente que voc\u00eas me podiam ter dado\u201d<\/strong>, referiu ainda, lavada em l\u00e1grimas.<\/p>\n<p><a href=\"https:\/\/tvi.iol.pt\/doisas10\/video\/filho-de-isabel-figueira-e-cesar-peixoto-surpreende-a-mae\/68f755720cf29d28d8297913\" target=\"_blank\" rel=\"noopener nofollow\">Veja aqui o momento.<\/a><\/p>\n<blockquote class=\"instagram-media\" style=\"background: #FFF; border: 0; border-radius: 3px; box-shadow: 0 0 1px 0 rgba(0,0,0,0.5),0 1px 10px 0 rgba(0,0,0,0.15); margin: 1px; max-width: 540px; min-width: 326px; padding: 0; width: calc(100% - 2px);\" data-instgrm-captioned=\"\" data-instgrm-permalink=\"https:\/\/www.instagram.com\/reel\/DQERt2yiIUN\/?utm_source=ig_embed&amp;utm_campaign=loading\" data-instgrm-version=\"14\">\n<\/blockquote>\n<p>\t\t\t\t\t\t\t\t\t\t\t\t\t\t\t\t\t\t\t\t\t\t\t\t\t\t\t<script async src=\"\/\/www.instagram.com\/embed.js\"><\/script><\/p>\n","protected":false},"excerpt":{"rendered":"Isabel Figueira celebra esta ter\u00e7a-feira, 21 de outubro, o seu anivers\u00e1rio. Assim, e de forma a festejar a&hellip;\n","protected":false},"author":2,"featured_media":121481,"comment_status":"","ping_status":"","sticky":false,"template":"","format":"standard","meta":{"footnotes":""},"categories":[85],"tags":[114,115,3435,23132,32,33,14016],"class_list":{"0":"post-121480","1":"post","2":"type-post","3":"status-publish","4":"format-standard","5":"has-post-thumbnail","7":"category-entretenimento","8":"tag-entertainment","9":"tag-entretenimento","10":"tag-filho","11":"tag-isabel-figueira","12":"tag-portugal","13":"tag-pt","14":"tag-rodrigo"},"share_on_mastodon":{"url":"https:\/\/pubeurope.com\/@pt\/115417020073267230","error":""},"_links":{"self":[{"href":"https:\/\/www.europesays.com\/pt\/wp-json\/wp\/v2\/posts\/121480","targetHints":{"allow":["GET"]}}],"collection":[{"href":"https:\/\/www.europesays.com\/pt\/wp-json\/wp\/v2\/posts"}],"about":[{"href":"https:\/\/www.europesays.com\/pt\/wp-json\/wp\/v2\/types\/post"}],"author":[{"embeddable":true,"href":"https:\/\/www.europesays.com\/pt\/wp-json\/wp\/v2\/users\/2"}],"replies":[{"embeddable":true,"href":"https:\/\/www.europesays.com\/pt\/wp-json\/wp\/v2\/comments?post=121480"}],"version-history":[{"count":0,"href":"https:\/\/www.europesays.com\/pt\/wp-json\/wp\/v2\/posts\/121480\/revisions"}],"wp:featuredmedia":[{"embeddable":true,"href":"https:\/\/www.europesays.com\/pt\/wp-json\/wp\/v2\/media\/121481"}],"wp:attachment":[{"href":"https:\/\/www.europesays.com\/pt\/wp-json\/wp\/v2\/media?parent=121480"}],"wp:term":[{"taxonomy":"category","embeddable":true,"href":"https:\/\/www.europesays.com\/pt\/wp-json\/wp\/v2\/categories?post=121480"},{"taxonomy":"post_tag","embeddable":true,"href":"https:\/\/www.europesays.com\/pt\/wp-json\/wp\/v2\/tags?post=121480"}],"curies":[{"name":"wp","href":"https:\/\/api.w.org\/{rel}","templated":true}]}}