{"id":121484,"date":"2025-10-22T09:08:24","date_gmt":"2025-10-22T09:08:24","guid":{"rendered":"https:\/\/www.europesays.com\/pt\/121484\/"},"modified":"2025-10-22T09:08:24","modified_gmt":"2025-10-22T09:08:24","slug":"ue-pressiona-primeiro-ministro-eslovaco-para-que-levante-veto-as-sancoes-contra-a-russia","status":"publish","type":"post","link":"https:\/\/www.europesays.com\/pt\/121484\/","title":{"rendered":"UE pressiona primeiro-ministro eslovaco para que levante veto \u00e0s san\u00e7\u00f5es contra a R\u00fassia"},"content":{"rendered":"<p>A Uni\u00e3o Europeia come\u00e7ou a fazer aberturas ao primeiro-ministro eslovaco Robert Fico antes de uma cimeira de alto risco na quinta-feira para pression\u00e1-lo a levantar o veto que imp\u00f4s a uma nova rodada de san\u00e7\u00f5es contra a R\u00fassia.<\/p>\n<p>Fico n\u00e3o tem obje\u00e7\u00f5es ao pacote em si, que visa o g\u00e1s natural liquefeito russo (GNL), as infraestruturas petrol\u00edferas, a &#8220;frota sombra&#8221; e as plataformas de criptomoeda, bem como os movimentos de diplomatas russos em todo o bloco, mas levantou uma s\u00e9rie de queixas n\u00e3o relacionadas com os pre\u00e7os da energia, o setor autom\u00f3vel e a competitividade.<\/p>\n<p>Afirmou mesmo que estas quest\u00f5es deveriam ser discutidas &#8220;substancialmente&#8221; a n\u00edvel dos l\u00edderes da UE, como condi\u00e7\u00e3o para levantar o seu veto.<\/p>\n<p>&#8220;N\u00e3o estou interessado em tratar de novos pacotes de san\u00e7\u00f5es contra a R\u00fassia enquanto n\u00e3o vir, nas conclus\u00f5es da cimeira, instru\u00e7\u00f5es pol\u00edticas para a Comiss\u00e3o Europeia sobre a forma de resolver a crise na ind\u00fastria autom\u00f3vel e os elevados pre\u00e7os da energia que est\u00e3o a tornar a economia europeia completamente n\u00e3o competitiva&#8221;, disse Fico na semana passada.<\/p>\n<p>&#8220;Recuso-me a permitir que quest\u00f5es t\u00e3o graves sejam &#8216;tratadas&#8217; nas conclus\u00f5es com frases gen\u00e9ricas, enquanto decis\u00f5es e posi\u00e7\u00f5es pormenorizadas s\u00e3o dedicadas \u00e0 ajuda \u00e0 Ucr\u00e2nia&#8221;.<\/p>\n<p>Na segunda-feira, a presidente da Comiss\u00e3o Europeia, Ursula von der Leyen, pareceu dar ouvidos ao apelo.<\/p>\n<p>Numa carta de seis p\u00e1ginas dirigida aos 27 l\u00edderes, a chefe do executivo da UE comprometeu-se a acelerar a revis\u00e3o planeada de uma lei do Pacto Ecol\u00f3gico que proibiria efetivamente a venda de carros novos com motores de combust\u00e3o at\u00e9 2035. A revis\u00e3o estava inicialmente prevista para 2026. Agora, os primeiros resultados s\u00e3o esperados em dezembro.<\/p>\n<p>&#8220;Decidi acelerar a revis\u00e3o do regulamento relativo \u00e0s normas de emiss\u00e3o de CO2 para autom\u00f3veis e carrinhas. A revis\u00e3o est\u00e1 agora prevista para o final deste ano&#8221;, escreveu von der Leyen.<\/p>\n<p>A proibi\u00e7\u00e3o de 2035, acordada no anterior mandato, <a href=\"https:\/\/pt.euronews.com\/my-europe\/2025\/09\/10\/pacto-ecologico-europeu-e-industria-automovel-luta-ate-a-morte\" rel=\"nofollow noopener\" target=\"_blank\"><strong>galvanizou<\/strong><\/a> os pol\u00edticos conservadores, como o chanceler alem\u00e3o Friedrich Merz, a primeira-ministra italiana Giorgia Meloni e o primeiro-ministro polaco Donald Tusk.<\/p>\n<p>Fico, cuja ind\u00fastria autom\u00f3vel est\u00e1 intimamente ligada \u00e0 da Alemanha, \u00e9 outro dos cr\u00edticos.<\/p>\n<p>Entre as suas exig\u00eancias est\u00e1 a autoriza\u00e7\u00e3o para utilizar combust\u00edveis sint\u00e9ticos que podem substituir o diesel e a gasolina tradicionais e prolongar a vida do motor de combust\u00e3o. Os combust\u00edveis sint\u00e9ticos s\u00e3o <a href=\"https:\/\/pt.euronews.com\/my-europe\/2023\/03\/08\/serao-os-combustiveis-sinteticos-alternativa-para-motores-de-combustao\" rel=\"nofollow noopener\" target=\"_blank\"><strong>controversos<\/strong> <\/a>porque o seu fabrico e queima libertam emiss\u00f5es de CO2.<\/p>\n<p>&#8220;Ao preparar a revis\u00e3o, estamos tamb\u00e9m a avaliar o papel dos combust\u00edveis com zero e baixas emiss\u00f5es de carbono na transi\u00e7\u00e3o para o transporte rodovi\u00e1rio com emiss\u00f5es zero para al\u00e9m de 2030, como os combust\u00edveis sint\u00e9ticos&#8221;, afirmou von der Leyen na sua carta, fazendo eco das exig\u00eancias.<\/p>\n<p>Von der Leyen tamb\u00e9m anunciou um pacote de &#8220;simplifica\u00e7\u00e3o&#8221; para o setor autom\u00f3vel e v\u00e1rios ajustamentos \u00e0 regulamenta\u00e7\u00e3o ambiental.<\/p>\n<p>Quanto aos pre\u00e7os da energia, von der Leyen reconheceu que as faturas das fam\u00edlias e da ind\u00fastria continuam a ser teimosamente elevadas e variam &#8220;significativamente&#8221; de pa\u00eds para pa\u00eds, o que prejudica a capacidade do bloco de competir com os Estados Unidos e a China, onde os custos da energia s\u00e3o muito mais baixos.<\/p>\n<p>Para colmatar esta lacuna, prometeu apresentar novas propostas &#8220;o mais rapidamente poss\u00edvel&#8221;.<\/p>\n<p>&#8220;Precisamos de estudar medidas eficazes a curto prazo para reduzir os pre\u00e7os da energia na Uni\u00e3o Europeia, salvaguardando ao mesmo tempo a igualdade de condi\u00e7\u00f5es internas&#8221;, escreveu.<\/p>\n<p>Qual \u00e9 o objetivo da reuni\u00e3o?<\/p>\n<p>A carta de Von der Leyen surge no momento em que os embaixadores se apressam a afinar as conclus\u00f5es da cimeira de quinta-feira, que devem ser aprovadas por consenso.<\/p>\n<p>O \u00faltimo projeto, datado de 17 de outubro e visto pela Euronews, alargou a linguagem sobre as duas quest\u00f5es levantadas por Fico.<\/p>\n<p>O projeto de conclus\u00f5es para a cimeira de quinta-feira, que tem de ser acordada por consenso, foi aprovado por unanimidade. O texto lamenta o &#8220;impacto negativo&#8221; na competitividade e insta a Comiss\u00e3o a &#8220;acelerar os trabalhos sobre propostas concretas destinadas a baixar os pre\u00e7os da energia e a apoiar a produ\u00e7\u00e3o de energia sustent\u00e1vel&#8221;.<\/p>\n<p>Nenhuma destas duas frases constava da vers\u00e3o anterior das conclus\u00f5es.<\/p>\n<p>A reda\u00e7\u00e3o dever\u00e1 prosseguir nos pr\u00f3ximos dias. Os embaixadores est\u00e3o ansiosos por fechar o texto antes de os chefes de Estado e de Governo se sentarem \u00e0 mesa.<\/p>\n<p>Fico, no entanto, poder\u00e1 optar por surpreender os seus colegas l\u00edderes com as suas pr\u00f3prias ideias, o que poder\u00e1 for\u00e7ar a reabertura do texto durante a cimeira.<\/p>\n<p>&#8220;Se deixarmos a ind\u00fastria autom\u00f3vel sem aten\u00e7\u00e3o, sabendo a crise em que nos encontramos, e se n\u00e3o formos capazes de dizer nada de concreto na pr\u00f3xima reuni\u00e3o do Conselho Europeu, ent\u00e3o pergunto qual \u00e9 o objetivo da reuni\u00e3o? A Ucr\u00e2nia outra vez?&#8221;, disse Fico na semana passada.<\/p>\n<p>&#8220;Temos tantos problemas aqui na UE que exigem toda a nossa aten\u00e7\u00e3o&#8221;.<\/p>\n<p>Ainda n\u00e3o \u00e9 claro se von der Leyen vai escrever uma carta personalizada a Fico, como <a href=\"https:\/\/pt.euronews.com\/my-europe\/2025\/07\/15\/eslovaquia-exige-isencao-para-retirar-o-veto-as-sancoes-da-ue-contra-a-russia\" rel=\"nofollow noopener\" target=\"_blank\"><strong>fez no ver\u00e3o,<\/strong><\/a> quando o l\u00edder eslovaco vetou o anterior pacote de san\u00e7\u00f5es da UE.<\/p>\n<p>Nessa altura, von der Leyen ofereceu garantias para a elimina\u00e7\u00e3o progressiva dos combust\u00edveis f\u00f3sseis russos, a que Fico se tem oposto repetidamente. A elimina\u00e7\u00e3o progressiva recebeu<a href=\"https:\/\/www.euronews.com\/my-europe\/2025\/10\/20\/eu-energy-ministers-back-russian-energy-ban-from-2028\" rel=\"nofollow noopener\" target=\"_blank\"><a href=\"https:\/\/pt.euronews.com\/my-europe\/2025\/10\/20\/ministros-da-energia-da-ue-apoiam-proibicao-da-energia-russa-a-partir-de-2028\" rel=\"nofollow noopener\" target=\"_blank\"><strong>a aprova\u00e7\u00e3o preliminar<\/strong><\/a> dos Estados-membros, com um trav\u00e3o de emerg\u00eancia para a Eslov\u00e1quia e a Hungria.<\/p>\n<p>&#8220;A presidente est\u00e1 em contacto regular com os l\u00edderes, tamb\u00e9m no contexto de qualquer pacote de san\u00e7\u00f5es. Os contactos s\u00e3o muito estreitos&#8221;, afirmou um porta-voz da Comiss\u00e3o na segunda-feira.<\/p>\n<p>&#8220;Isto mostra o sentido de urg\u00eancia que a presidente von der Leyen atribui a esta quest\u00e3o (da proibi\u00e7\u00e3o de 2035) e \u00e0 situa\u00e7\u00e3o da ind\u00fastria autom\u00f3vel&#8221;.<\/p>\n<p>Fico \u00e9 o \u00faltimo obst\u00e1culo que resta \u00e0 aprova\u00e7\u00e3o do 19\u00ba pacote de san\u00e7\u00f5es da UE, depois de a \u00c1ustria ter retirado as suas reservas no fim de semana. Viena tinha tentado compensar o Raiffeisen Bank International (RBI) descongelando os ativos de uma empresa russa, mas o plano pol\u00e9mico n\u00e3o recebeu o apoio das outras capitais.<\/p>\n","protected":false},"excerpt":{"rendered":"A Uni\u00e3o Europeia come\u00e7ou a fazer aberturas ao primeiro-ministro eslovaco Robert Fico antes de uma cimeira de alto&hellip;\n","protected":false},"author":2,"featured_media":121485,"comment_status":"","ping_status":"","sticky":false,"template":"","format":"standard","meta":{"footnotes":""},"categories":[50],"tags":[27,28,28097,28098,12225,15,16,14,25,26,21,22,62,12,13,19,20,23,24,15912,839,17,18,29,30,31,1153,63,64,65],"class_list":{"0":"post-121484","1":"post","2":"type-post","3":"status-publish","4":"format-standard","5":"has-post-thumbnail","7":"category-mundo","8":"tag-breaking-news","9":"tag-breakingnews","10":"tag-cimeira-europeia","11":"tag-energias","12":"tag-eslovaquia","13":"tag-featured-news","14":"tag-featurednews","15":"tag-headlines","16":"tag-latest-news","17":"tag-latestnews","18":"tag-main-news","19":"tag-mainnews","20":"tag-mundo","21":"tag-news","22":"tag-noticias","23":"tag-noticias-principais","24":"tag-noticiasprincipais","25":"tag-principais-noticias","26":"tag-principaisnoticias","27":"tag-robert-fico","28":"tag-russia","29":"tag-top-stories","30":"tag-topstories","31":"tag-ultimas","32":"tag-ultimas-noticias","33":"tag-ultimasnoticias","34":"tag-ursula-von-der-leyen","35":"tag-world","36":"tag-world-news","37":"tag-worldnews"},"share_on_mastodon":{"url":"https:\/\/pubeurope.com\/@pt\/115417035787476288","error":""},"_links":{"self":[{"href":"https:\/\/www.europesays.com\/pt\/wp-json\/wp\/v2\/posts\/121484","targetHints":{"allow":["GET"]}}],"collection":[{"href":"https:\/\/www.europesays.com\/pt\/wp-json\/wp\/v2\/posts"}],"about":[{"href":"https:\/\/www.europesays.com\/pt\/wp-json\/wp\/v2\/types\/post"}],"author":[{"embeddable":true,"href":"https:\/\/www.europesays.com\/pt\/wp-json\/wp\/v2\/users\/2"}],"replies":[{"embeddable":true,"href":"https:\/\/www.europesays.com\/pt\/wp-json\/wp\/v2\/comments?post=121484"}],"version-history":[{"count":0,"href":"https:\/\/www.europesays.com\/pt\/wp-json\/wp\/v2\/posts\/121484\/revisions"}],"wp:featuredmedia":[{"embeddable":true,"href":"https:\/\/www.europesays.com\/pt\/wp-json\/wp\/v2\/media\/121485"}],"wp:attachment":[{"href":"https:\/\/www.europesays.com\/pt\/wp-json\/wp\/v2\/media?parent=121484"}],"wp:term":[{"taxonomy":"category","embeddable":true,"href":"https:\/\/www.europesays.com\/pt\/wp-json\/wp\/v2\/categories?post=121484"},{"taxonomy":"post_tag","embeddable":true,"href":"https:\/\/www.europesays.com\/pt\/wp-json\/wp\/v2\/tags?post=121484"}],"curies":[{"name":"wp","href":"https:\/\/api.w.org\/{rel}","templated":true}]}}