{"id":121486,"date":"2025-10-22T09:11:13","date_gmt":"2025-10-22T09:11:13","guid":{"rendered":"https:\/\/www.europesays.com\/pt\/121486\/"},"modified":"2025-10-22T09:11:13","modified_gmt":"2025-10-22T09:11:13","slug":"angelica-abre-o-jogo-sobre-casamento-e-possivel-termino","status":"publish","type":"post","link":"https:\/\/www.europesays.com\/pt\/121486\/","title":{"rendered":"Ang\u00e9lica abre o jogo sobre casamento e poss\u00edvel t\u00e9rmino"},"content":{"rendered":"<p>                            <img width=\"944\" height=\"531\" src=\"https:\/\/www.europesays.com\/pt\/wp-content\/uploads\/2025\/10\/ANGELICA-1-944x531.jpg\" class=\"attachment-custom-large size-custom-large article-featured-image\" alt=\"\" fetchpriority=\"high\" decoding=\"async\"  \/><\/p>\n<p>Ang\u00e9lica abriu o cora\u00e7\u00e3o sobre casamento com Luciano Huck e revela segredos da rela\u00e7\u00e3o. (Foto: Redes sociais\/Reprodu\u00e7\u00e3o)<\/p>\n<p>Ang\u00e9lica abriu o cora\u00e7\u00e3o sobre o casamento com o apresentador Luciano Huck durante uma conversa sincera no \u201cMais Voc\u00ea\u201d da \u00faltima ter\u00e7a-feira (21). O casal est\u00e1 junto desde 2003, mas oficializou a uni\u00e3o em 2004.<\/p>\n<p>Continua depois da publicidade<\/p>\n<p>Ela destacou que o amor passa por fases, mas o casal aprendeu a lidar com os altos e baixos sem deixar de lado a parceria:<\/p>\n<p>\u2014 Como qualquer rela\u00e7\u00e3o, voc\u00ea tem que ter admira\u00e7\u00e3o m\u00fatua e a parceria de decidir estar junto. Quer\u00edamos construir uma fam\u00edlia e t\u00ednhamos objetivos muito parecidos um com o outro. E muita resili\u00eancia tamb\u00e9m \u2014 afirmou durante o \u201cCaf\u00e9 com Ang\u00e9lica\u201d.<\/p>\n<p>Apresentadora retornou a tv recentemente1<\/p>\n<p>VoltarAvan\u00e7ar<\/p>\n<p><img loading=\"lazy\" decoding=\"async\" width=\"1200\" height=\"675\" data-id=\"7676431\" src=\"https:\/\/www.europesays.com\/pt\/wp-content\/uploads\/2025\/10\/Angelica.jpg\" alt=\"\" class=\"wp-image-7676431\"  \/><\/p>\n<p>Ang\u00e9lica est\u00e1 de volta \u00e0 TV com o \u2018Ang\u00e9lica Ao Vivo\u2019, que ser\u00e1 exibido no GNT (Foto: Instagram, Reprodu\u00e7\u00e3o)<\/p>\n<p><img loading=\"lazy\" decoding=\"async\" width=\"1200\" height=\"675\" data-id=\"7676430\" src=\"https:\/\/www.europesays.com\/pt\/wp-content\/uploads\/2025\/10\/Angelica-5.jpg\" alt=\"\" class=\"wp-image-7676430\"  \/><\/p>\n<p>\u201cAng\u00e9lica ao vivo\u201d tamb\u00e9m estar\u00e1 dispon\u00edvel para ser assistido atrav\u00e9s do Globoplay (Foto: Instagram, Reprodu\u00e7\u00e3o)<\/p>\n<p><img loading=\"lazy\" decoding=\"async\" width=\"1200\" height=\"675\" data-id=\"7676427\" src=\"https:\/\/www.europesays.com\/pt\/wp-content\/uploads\/2025\/10\/Angelica-3.jpg\" alt=\"\" class=\"wp-image-7676427\"  \/><\/p>\n<p>(Foto: Instagram, Reprodu\u00e7\u00e3o)<\/p>\n<p><img loading=\"lazy\" decoding=\"async\" width=\"1200\" height=\"675\" data-id=\"7676426\" src=\"https:\/\/www.europesays.com\/pt\/wp-content\/uploads\/2025\/10\/Angelica-2.jpg\" alt=\"\" class=\"wp-image-7676426\"  \/><\/p>\n<p>O programa tem exibi\u00e7\u00e3o prevista para as 22h30 no GNT. (Foto: Instagram, Reprodu\u00e7\u00e3o)<\/p>\n<p><a href=\"https:\/\/cbntotal.com.br\/cotidiano\/angelica-abre-o-jogo-sobre-casamento-com-luciano-huck-e-revela-segredos-da-relacao\/\" rel=\"nofollow noopener\" target=\"_blank\"><strong>Leia a reportagem completa em CBN Total. <\/strong><\/a><\/p>\n<p>Continua depois da publicidade<\/p>\n","protected":false},"excerpt":{"rendered":"Ang\u00e9lica abriu o cora\u00e7\u00e3o sobre casamento com Luciano Huck e revela segredos da rela\u00e7\u00e3o. (Foto: Redes sociais\/Reprodu\u00e7\u00e3o) Ang\u00e9lica&hellip;\n","protected":false},"author":2,"featured_media":121487,"comment_status":"","ping_status":"","sticky":false,"template":"","format":"standard","meta":{"footnotes":""},"categories":[145],"tags":[211,210,829,114,115,32,33],"class_list":{"0":"post-121486","1":"post","2":"type-post","3":"status-publish","4":"format-standard","5":"has-post-thumbnail","7":"category-celebridades","8":"tag-celebridades","9":"tag-celebrities","10":"tag-conteudo-liberado","11":"tag-entertainment","12":"tag-entretenimento","13":"tag-portugal","14":"tag-pt"},"share_on_mastodon":{"url":"https:\/\/pubeurope.com\/@pt\/115417047761880233","error":""},"_links":{"self":[{"href":"https:\/\/www.europesays.com\/pt\/wp-json\/wp\/v2\/posts\/121486","targetHints":{"allow":["GET"]}}],"collection":[{"href":"https:\/\/www.europesays.com\/pt\/wp-json\/wp\/v2\/posts"}],"about":[{"href":"https:\/\/www.europesays.com\/pt\/wp-json\/wp\/v2\/types\/post"}],"author":[{"embeddable":true,"href":"https:\/\/www.europesays.com\/pt\/wp-json\/wp\/v2\/users\/2"}],"replies":[{"embeddable":true,"href":"https:\/\/www.europesays.com\/pt\/wp-json\/wp\/v2\/comments?post=121486"}],"version-history":[{"count":0,"href":"https:\/\/www.europesays.com\/pt\/wp-json\/wp\/v2\/posts\/121486\/revisions"}],"wp:featuredmedia":[{"embeddable":true,"href":"https:\/\/www.europesays.com\/pt\/wp-json\/wp\/v2\/media\/121487"}],"wp:attachment":[{"href":"https:\/\/www.europesays.com\/pt\/wp-json\/wp\/v2\/media?parent=121486"}],"wp:term":[{"taxonomy":"category","embeddable":true,"href":"https:\/\/www.europesays.com\/pt\/wp-json\/wp\/v2\/categories?post=121486"},{"taxonomy":"post_tag","embeddable":true,"href":"https:\/\/www.europesays.com\/pt\/wp-json\/wp\/v2\/tags?post=121486"}],"curies":[{"name":"wp","href":"https:\/\/api.w.org\/{rel}","templated":true}]}}