{"id":121488,"date":"2025-10-22T09:13:11","date_gmt":"2025-10-22T09:13:11","guid":{"rendered":"https:\/\/www.europesays.com\/pt\/121488\/"},"modified":"2025-10-22T09:13:11","modified_gmt":"2025-10-22T09:13:11","slug":"a-biografia-de-ozzy-osbourne-chega-a-portugal-em-novembro-nit","status":"publish","type":"post","link":"https:\/\/www.europesays.com\/pt\/121488\/","title":{"rendered":"a biografia de Ozzy Osbourne chega a Portugal em novembro \u2014 NiT"},"content":{"rendered":"<p>O mundo despediu-se de Ozzy Osbourne a 22 de julho deste ano. No entanto, o Pr\u00edncipe das Trevas ainda tinha muito para contar, e f\u00e1-lo no livro \u201c\u00daltima Confiss\u00e3o\u201d, que chega a Portugal a 5 de novembro.<\/p>\n<p>Nesta obra, o lend\u00e1rio m\u00fasico de 76 anos recorda a sua longa carreira, a vida p\u00fablica marcada por excessos e os graves problemas de sa\u00fade que come\u00e7aram h\u00e1 sete anos. O livro tem sido descrito como \u201cchocante, amargamente hilariante e surpreendentemente inspirador\u201d.<\/p>\n<p>O vocalista dos Black Sabbath relembra, por exemplo, a medi\u00e1tica digress\u00e3o de despedida em 2018, altura em que contraiu uma infe\u00e7\u00e3o no polegar. O problema parecia inofensivo, mas acabou por ser ofuscado por uma \u201cquase paralisia total do pesco\u00e7o para baixo\u201d. Foi for\u00e7ado a cancelar a tour e, no ano seguinte, foi-lhe diagnosticado Parkinson.<\/p>\n<p>A partir da\u00ed, come\u00e7ou aquilo que descreve como uma \u201cdescida ao inferno\u201d, marcada por isolamento e depress\u00e3o. Ainda assim, garante que n\u00e3o tem arrependimentos.<\/p>\n<p>\u201cAs pessoas perguntam-me: se pudesses fazer tudo de novo, sabendo o que sabes agora, mudarias alguma coisa? Eu digo: nem pensar\u201d, escreve o cantor no livro. \u201cSe tivesse vivido limpo e s\u00f3brio, n\u00e3o seria o Ozzy. Se tivesse feito coisas normais e sensatas, n\u00e3o seria o Ozzy\u201d, acrescenta.<\/p>\n<p><img decoding=\"async\" loading=\"lazy\" class=\" wp-image-1523127 aligncenter\" src=\"https:\/\/www.europesays.com\/pt\/wp-content\/uploads\/2025\/10\/717f946c2fbe4db23507f9625d0a76ab.jpg\" alt=\"\" width=\"351\" height=\"527\"\/><\/p>\n<p>\u201cOlha, se tudo acabasse amanh\u00e3, n\u00e3o me podia queixar. Corri o mundo inteiro. Vi muita coisa. Fiz o bem e fiz o mal. Mas, neste momento, ainda n\u00e3o estou pronto para ir a lado nenhum.\u201d<\/p>\n<p>Al\u00e9m das hist\u00f3rias mais conhecidas, o livro inclui tamb\u00e9m reflex\u00f5es sobre a sua vida pessoal e o regresso dos Black Sabbath, bem como as amizades com Slash, Zakk Wylde e Lemmy Kilmister.<\/p>\n<p>A morte de Osbourne aconteceu poucas semanas depois da emotiva <a href=\"https:\/\/www.nit.pt\/cultura\/musica\/ozzy-osbourne-e-black-sabbath-dao-o-maior-concerto-de-heavy-metal-do-mundo\" rel=\"nofollow noopener\" target=\"_blank\">despedida<\/a> do grupo que fundou nos anos 60. O concerto foi a 5 de julho, em Birmingham, Inglaterra, e contou com v\u00e1rios artistas convidados, numa celebra\u00e7\u00e3o de mais de 50 anos de carreira.<\/p>\n<p>\u201c\u00daltima Confiss\u00e3o\u201d j\u00e1 est\u00e1 <a href=\"https:\/\/www.fnac.pt\/Ultima-Confissao-Ozzy-Osbourne\/a13297669\" target=\"_blank\" rel=\"nofollow noopener\">dispon\u00edvel<\/a> em pr\u00e9-venda e custa atualmente 17,91\u20ac, gra\u00e7as a uma promo\u00e7\u00e3o de 10 por cento.<\/p>\n<p>Carregue na galeria para conhecer alguns dos livros que chegam \u00e0s livrarias em outubro.<\/p>\n","protected":false},"excerpt":{"rendered":"O mundo despediu-se de Ozzy Osbourne a 22 de julho deste ano. No entanto, o Pr\u00edncipe das Trevas&hellip;\n","protected":false},"author":2,"featured_media":121489,"comment_status":"","ping_status":"","sticky":false,"template":"","format":"standard","meta":{"footnotes":""},"categories":[143],"tags":[169,114,115,170,32,33],"class_list":{"0":"post-121488","1":"post","2":"type-post","3":"status-publish","4":"format-standard","5":"has-post-thumbnail","7":"category-livros","8":"tag-books","9":"tag-entertainment","10":"tag-entretenimento","11":"tag-livros","12":"tag-portugal","13":"tag-pt"},"share_on_mastodon":{"url":"https:\/\/pubeurope.com\/@pt\/115417055537788710","error":""},"_links":{"self":[{"href":"https:\/\/www.europesays.com\/pt\/wp-json\/wp\/v2\/posts\/121488","targetHints":{"allow":["GET"]}}],"collection":[{"href":"https:\/\/www.europesays.com\/pt\/wp-json\/wp\/v2\/posts"}],"about":[{"href":"https:\/\/www.europesays.com\/pt\/wp-json\/wp\/v2\/types\/post"}],"author":[{"embeddable":true,"href":"https:\/\/www.europesays.com\/pt\/wp-json\/wp\/v2\/users\/2"}],"replies":[{"embeddable":true,"href":"https:\/\/www.europesays.com\/pt\/wp-json\/wp\/v2\/comments?post=121488"}],"version-history":[{"count":0,"href":"https:\/\/www.europesays.com\/pt\/wp-json\/wp\/v2\/posts\/121488\/revisions"}],"wp:featuredmedia":[{"embeddable":true,"href":"https:\/\/www.europesays.com\/pt\/wp-json\/wp\/v2\/media\/121489"}],"wp:attachment":[{"href":"https:\/\/www.europesays.com\/pt\/wp-json\/wp\/v2\/media?parent=121488"}],"wp:term":[{"taxonomy":"category","embeddable":true,"href":"https:\/\/www.europesays.com\/pt\/wp-json\/wp\/v2\/categories?post=121488"},{"taxonomy":"post_tag","embeddable":true,"href":"https:\/\/www.europesays.com\/pt\/wp-json\/wp\/v2\/tags?post=121488"}],"curies":[{"name":"wp","href":"https:\/\/api.w.org\/{rel}","templated":true}]}}