{"id":121492,"date":"2025-10-22T09:17:16","date_gmt":"2025-10-22T09:17:16","guid":{"rendered":"https:\/\/www.europesays.com\/pt\/121492\/"},"modified":"2025-10-22T09:17:16","modified_gmt":"2025-10-22T09:17:16","slug":"champions-escandalo-em-eindhoven-e-fabio-silva-marca-na-vitoria-do-dortmund","status":"publish","type":"post","link":"https:\/\/www.europesays.com\/pt\/121492\/","title":{"rendered":"Champions: esc\u00e2ndalo em Eindhoven e F\u00e1bio Silva marca na vit\u00f3ria do Dortmund"},"content":{"rendered":"<p style=\"margin-bottom:11px\">Esc\u00e2ndalo nos Pa\u00edses Baixos, onde o campe\u00e3o italiano, N\u00e1poles, foi goleado pelo PSV por 6-2, na maior surpresa desta noite na Champions.<\/p>\n<p>Um desfecho por poucos esperado, menos ainda depois de McTominay, \u00e0 passagem da meia hora, ter adiantado os napolitanos no marcador. Por\u00e9m, os neerlandeses deram a volta ainda na primeira parte, com um autogolo de Buongiorno e um golo de Saibari, que surgiram entre os minutos 35 e 38.<\/p>\n<p>No in\u00edcio do segundo tempo, Dennis Man fez o 3-1, ele que bisaria \u00e0 entrada dos derradeiros 10 minutos do tempo regulamentar, pouco depois da expuls\u00e3o infantil de Lorenzo Lucca no N\u00e1poles, que viu o vermelho direto por protestos.<\/p>\n<p>McTominay ainda reduziu para os italianos aos 86 minutos, antes de Pepi e Driouech constru\u00edrem mais dois golos para o PSV, fechando as contas do jogo num, \u00e0 partida, impens\u00e1vel 6-2.<\/p>\n<p>Numa ter\u00e7a-feira recheada de golos, o Inter venceu, na B\u00e9lgica, o Union Saint-Gilloise por 4-0, com golos de Dumfries, Lautaro Mart\u00ednez, Hakan \u00c7alhanoglu e Esposito, enquanto o Borussia Dortmund derrotou o Copenhaga, na Dinamarca, por 4-2.<\/p>\n<p>O portugu\u00eas F\u00e1bio Silva marcou o quarto golo dos alem\u00e3es, depois do bis de Felix Nmecha e de um pen\u00e1lti convertido por Bensebaini. Os n\u00f3rdicos encurtaram dist\u00e2ncias com um autogolo de Anton e um tento de Dadason, um em cada parte.<\/p>\n<p><strong>J\u00e1 segue o\u00a0<a href=\"http:\/\/whatsapp.com\/channel\/0029Va9lGKPGOj9nW79Pd117\" title=\"http:\/\/whatsapp.com\/channel\/0029Va9lGKPGOj9nW79Pd117\" rel=\"nofollow noopener\" target=\"_blank\">canal de Whatsapp do Maisfutebol<\/a>?<\/strong><\/p>\n","protected":false},"excerpt":{"rendered":"Esc\u00e2ndalo nos Pa\u00edses Baixos, onde o campe\u00e3o italiano, N\u00e1poles, foi goleado pelo PSV por 6-2, na maior surpresa&hellip;\n","protected":false},"author":2,"featured_media":121493,"comment_status":"","ping_status":"","sticky":false,"template":"","format":"standard","meta":{"footnotes":""},"categories":[87],"tags":[3443,14840,135,7164,3015,82,5433,7706,1356,46,2100,32,5840,33,47,5434,5920,134,2586],"class_list":{"0":"post-121492","1":"post","2":"type-post","3":"status-publish","4":"format-standard","5":"has-post-thumbnail","7":"category-desporto","8":"tag-borussia-dortmund","9":"tag-copenhaga","10":"tag-desporto","11":"tag-fabio-silva","12":"tag-inter","13":"tag-internacional","14":"tag-jogos-hoje","15":"tag-liga-campeoes","16":"tag-mais-futebol","17":"tag-maisfutebol","18":"tag-napoles","19":"tag-portugal","20":"tag-psv","21":"tag-pt","22":"tag-pura-paixao","23":"tag-resultados-hoje","24":"tag-resultados-maisfutebol","25":"tag-sports","26":"tag-union-saint-gilloise"},"share_on_mastodon":{"url":"https:\/\/pubeurope.com\/@pt\/115417071499986510","error":""},"_links":{"self":[{"href":"https:\/\/www.europesays.com\/pt\/wp-json\/wp\/v2\/posts\/121492","targetHints":{"allow":["GET"]}}],"collection":[{"href":"https:\/\/www.europesays.com\/pt\/wp-json\/wp\/v2\/posts"}],"about":[{"href":"https:\/\/www.europesays.com\/pt\/wp-json\/wp\/v2\/types\/post"}],"author":[{"embeddable":true,"href":"https:\/\/www.europesays.com\/pt\/wp-json\/wp\/v2\/users\/2"}],"replies":[{"embeddable":true,"href":"https:\/\/www.europesays.com\/pt\/wp-json\/wp\/v2\/comments?post=121492"}],"version-history":[{"count":0,"href":"https:\/\/www.europesays.com\/pt\/wp-json\/wp\/v2\/posts\/121492\/revisions"}],"wp:featuredmedia":[{"embeddable":true,"href":"https:\/\/www.europesays.com\/pt\/wp-json\/wp\/v2\/media\/121493"}],"wp:attachment":[{"href":"https:\/\/www.europesays.com\/pt\/wp-json\/wp\/v2\/media?parent=121492"}],"wp:term":[{"taxonomy":"category","embeddable":true,"href":"https:\/\/www.europesays.com\/pt\/wp-json\/wp\/v2\/categories?post=121492"},{"taxonomy":"post_tag","embeddable":true,"href":"https:\/\/www.europesays.com\/pt\/wp-json\/wp\/v2\/tags?post=121492"}],"curies":[{"name":"wp","href":"https:\/\/api.w.org\/{rel}","templated":true}]}}