{"id":121510,"date":"2025-10-22T09:28:11","date_gmt":"2025-10-22T09:28:11","guid":{"rendered":"https:\/\/www.europesays.com\/pt\/121510\/"},"modified":"2025-10-22T09:28:11","modified_gmt":"2025-10-22T09:28:11","slug":"a-protegida-margarida-recebe-carta-de-amor-assinada-por-rui-mas-nao-foi-ele-que-a-escreveu-novelas","status":"publish","type":"post","link":"https:\/\/www.europesays.com\/pt\/121510\/","title":{"rendered":"A Protegida: Margarida recebe carta de amor assinada por Rui\u2026 mas n\u00e3o foi ele que a escreveu &#8211; Novelas"},"content":{"rendered":"<p>Em \u00abA Protegida\u00bb, Margarida (In\u00eas Her\u00e9dia) e Rui (Daniel Viana) chegam a casa. Margarida vem a ler uma carta sem remetente que estava no correio, mas que vem assinada por Rui. Margarida pergunta-lhe se foi ele que escreveu a carta e Rui diz que sim. Margarida fica confusa e Rui diz que a ama. Rui volta a ler a carta e questiona-se sobre quem a ter\u00e1 escrito. Aruna (Noua Wang) j\u00e1 sabe da carta apaixonada que Sanjay escreveu a Margarida, mas onde se fez passar por Rui. Aruna acha que o irm\u00e3o est\u00e1 maluco ao fazer aquilo e n\u00e3o percebe porque est\u00e1 a entregar a mulher que ama, de bandeja a outro homem. Sanjay diz que o fez por Paz (Aline Neves), pois ela merece ter a fam\u00edlia unida. Aruna n\u00e3o consegue compreender.<\/p>\n","protected":false},"excerpt":{"rendered":"Em \u00abA Protegida\u00bb, Margarida (In\u00eas Her\u00e9dia) e Rui (Daniel Viana) chegam a casa. Margarida vem a ler uma&hellip;\n","protected":false},"author":2,"featured_media":121511,"comment_status":"","ping_status":"","sticky":false,"template":"","format":"standard","meta":{"footnotes":""},"categories":[142],"tags":[168,160,166,114,115,157,167,164,2931,161,158,165,159,32,33,156,163,151,162],"class_list":{"0":"post-121510","1":"post","2":"type-post","3":"status-publish","4":"format-standard","5":"has-post-thumbnail","7":"category-tv","8":"tag-a-protegida","9":"tag-ana-guiomar","10":"tag-cristina-ferreira","11":"tag-entertainment","12":"tag-entretenimento","13":"tag-festa-e-festa","14":"tag-ficcao","15":"tag-jose-fidalgo","16":"tag-novela","17":"tag-novelas","18":"tag-para-sempre","19":"tag-pedro-sousa","20":"tag-pedro-teixeira","21":"tag-portugal","22":"tag-pt","23":"tag-queridos-papas","24":"tag-tiago-teotonio-pereira","25":"tag-tv","26":"tag-tvi"},"share_on_mastodon":{"url":"https:\/\/pubeurope.com\/@pt\/115417114424257901","error":""},"_links":{"self":[{"href":"https:\/\/www.europesays.com\/pt\/wp-json\/wp\/v2\/posts\/121510","targetHints":{"allow":["GET"]}}],"collection":[{"href":"https:\/\/www.europesays.com\/pt\/wp-json\/wp\/v2\/posts"}],"about":[{"href":"https:\/\/www.europesays.com\/pt\/wp-json\/wp\/v2\/types\/post"}],"author":[{"embeddable":true,"href":"https:\/\/www.europesays.com\/pt\/wp-json\/wp\/v2\/users\/2"}],"replies":[{"embeddable":true,"href":"https:\/\/www.europesays.com\/pt\/wp-json\/wp\/v2\/comments?post=121510"}],"version-history":[{"count":0,"href":"https:\/\/www.europesays.com\/pt\/wp-json\/wp\/v2\/posts\/121510\/revisions"}],"wp:featuredmedia":[{"embeddable":true,"href":"https:\/\/www.europesays.com\/pt\/wp-json\/wp\/v2\/media\/121511"}],"wp:attachment":[{"href":"https:\/\/www.europesays.com\/pt\/wp-json\/wp\/v2\/media?parent=121510"}],"wp:term":[{"taxonomy":"category","embeddable":true,"href":"https:\/\/www.europesays.com\/pt\/wp-json\/wp\/v2\/categories?post=121510"},{"taxonomy":"post_tag","embeddable":true,"href":"https:\/\/www.europesays.com\/pt\/wp-json\/wp\/v2\/tags?post=121510"}],"curies":[{"name":"wp","href":"https:\/\/api.w.org\/{rel}","templated":true}]}}