{"id":121512,"date":"2025-10-22T09:31:08","date_gmt":"2025-10-22T09:31:08","guid":{"rendered":"https:\/\/www.europesays.com\/pt\/121512\/"},"modified":"2025-10-22T09:31:08","modified_gmt":"2025-10-22T09:31:08","slug":"glasgow-rangers-goncalo-feio-perde-corrida-para-danny-rohl-no-photo-finish","status":"publish","type":"post","link":"https:\/\/www.europesays.com\/pt\/121512\/","title":{"rendered":"Glasgow Rangers: Gon\u00e7alo Feio perde corrida para Danny Rohl no \u00abphoto finish\u00bb"},"content":{"rendered":"<p>O portugu\u00eas Gon\u00e7alo Feio esteve at\u00e9 ao fim na luta para entrar no banco do Glasgow Rangers, mas acabou por perder a corrida para o alem\u00e3o\u00a0Danny Rohl.<\/p>\n<p>O jovem t\u00e9cnico germ\u00e2nico, de 36 anos, que nas duas \u00faltimas temporadas orientou o Sheffield Wednesday, era o preferido dos donos do Rangers, o que acabou por ser decisivo.<\/p>\n<p>Antes disso, por\u00e9m, houve outras prioridades.<\/p>\n<p>A n\u00famero um era o ingl\u00eas Steven Gerrard, que j\u00e1 orientou o clube durante tr\u00eas \u00e9pocas e meia. O t\u00e9cnico, que na \u00e9poca passada esteve ao servi\u00e7o dos sauditas do Al Ettifaq, recusou por\u00e9m regressar aos \u00abprotestantes\u00bb de Glasgow.<\/p>\n<p>Da mesma forma, tamb\u00e9m o australiano\u00a0Kevin Muscat, que atualmente orienta os chineses do Shangai Port, recusou a oferta do Rangers, ele que era a segunda op\u00e7\u00e3o do clube escoc\u00eas.<\/p>\n<p>A verdade \u00e9 que o\u00a0Glasgow Rangers est\u00e1 a ter um in\u00edcio de \u00e9poca desastroso (afastado no play-off da Champions e 6.\u00ba classificado na Liga Escocesa), o que afastou alguns t\u00e9cnicos.<\/p>\n<p>Dessa forma, sobraram Gon\u00e7alo Feio, que \u00e9 representado por Jorge Mendes e era o preferido do diretor desportivo Kevin Thelwell, e o alem\u00e3o Danny Rohl, que j\u00e1 foi anunciado esta ter\u00e7a-feira como treinador do Rangers, em substitui\u00e7\u00e3o de Russel Martin.<\/p>\n<p>Recorde-se que\u00a0Gon\u00e7alo Feio, que desenvolveu quase toda a carreira no futebol polaco, venceu na \u00e9poca passada a Ta\u00e7a da Pol\u00f3nia pelo Legia Vars\u00f3via e levou a equipa at\u00e9 aos quartos-de-final da Liga Confer\u00eancia.<\/p>\n<p>No in\u00edcio desta temporada assumiu o Dunkerke, clube no qual substituiu Lu\u00eds Castro (agora no Nantes). Contudo, deixou o clube franc\u00eas ap\u00f3s 23 dias, em desacordo com o diretor desportivo Demba Ba, que n\u00e3o estaria a cumprir as promessas feitas.<\/p>\n","protected":false},"excerpt":{"rendered":"O portugu\u00eas Gon\u00e7alo Feio esteve at\u00e9 ao fim na luta para entrar no banco do Glasgow Rangers, mas&hellip;\n","protected":false},"author":2,"featured_media":121513,"comment_status":"","ping_status":"","sticky":false,"template":"","format":"standard","meta":{"footnotes":""},"categories":[87],"tags":[28103,135,28100,28102,46,40,42,41,32,33,47,28101,134,35,2710],"class_list":{"0":"post-121512","1":"post","2":"type-post","3":"status-publish","4":"format-standard","5":"has-post-thumbnail","7":"category-desporto","8":"tag-danny-rohl","9":"tag-desporto","10":"tag-glasgow-rangers","11":"tag-goncalo-feio","12":"tag-maisfutebol","13":"tag-maistransferencias","14":"tag-mercado","15":"tag-mercado-de-transferencias","16":"tag-portugal","17":"tag-pt","18":"tag-pura-paixao","19":"tag-rangers","20":"tag-sports","21":"tag-transferencias","22":"tag-treinador"},"share_on_mastodon":{"url":"https:\/\/pubeurope.com\/@pt\/115417126666321079","error":""},"_links":{"self":[{"href":"https:\/\/www.europesays.com\/pt\/wp-json\/wp\/v2\/posts\/121512","targetHints":{"allow":["GET"]}}],"collection":[{"href":"https:\/\/www.europesays.com\/pt\/wp-json\/wp\/v2\/posts"}],"about":[{"href":"https:\/\/www.europesays.com\/pt\/wp-json\/wp\/v2\/types\/post"}],"author":[{"embeddable":true,"href":"https:\/\/www.europesays.com\/pt\/wp-json\/wp\/v2\/users\/2"}],"replies":[{"embeddable":true,"href":"https:\/\/www.europesays.com\/pt\/wp-json\/wp\/v2\/comments?post=121512"}],"version-history":[{"count":0,"href":"https:\/\/www.europesays.com\/pt\/wp-json\/wp\/v2\/posts\/121512\/revisions"}],"wp:featuredmedia":[{"embeddable":true,"href":"https:\/\/www.europesays.com\/pt\/wp-json\/wp\/v2\/media\/121513"}],"wp:attachment":[{"href":"https:\/\/www.europesays.com\/pt\/wp-json\/wp\/v2\/media?parent=121512"}],"wp:term":[{"taxonomy":"category","embeddable":true,"href":"https:\/\/www.europesays.com\/pt\/wp-json\/wp\/v2\/categories?post=121512"},{"taxonomy":"post_tag","embeddable":true,"href":"https:\/\/www.europesays.com\/pt\/wp-json\/wp\/v2\/tags?post=121512"}],"curies":[{"name":"wp","href":"https:\/\/api.w.org\/{rel}","templated":true}]}}