{"id":121514,"date":"2025-10-22T09:32:12","date_gmt":"2025-10-22T09:32:12","guid":{"rendered":"https:\/\/www.europesays.com\/pt\/121514\/"},"modified":"2025-10-22T09:32:12","modified_gmt":"2025-10-22T09:32:12","slug":"cientistas-ja-sabem-como-e-que-os-esquizofrenicos-ouvem-vozes","status":"publish","type":"post","link":"https:\/\/www.europesays.com\/pt\/121514\/","title":{"rendered":"Cientistas j\u00e1 sabem como \u00e9 que os esquizofr\u00e9nicos ouvem vozes"},"content":{"rendered":"<p class=\"wp-caption-text top\"><a href=\"https:\/\/depositphotos.com\/photo\/closeup-desperate-young-caucasian-man-his-hands-his-head-black-229471208.html\" rel=\"nofollow noopener noreferrer\" data-wpel-link=\"exclude\" target=\"_blank\">nito103\/DepositPhotos<\/a><\/p>\n<p><img decoding=\"async\" loading=\"lazy\" class=\"wp-image-707250 size-kopa-image-size-3\" src=\"https:\/\/www.europesays.com\/pt\/wp-content\/uploads\/2025\/10\/0511eabb99e2e18523821268f86866a2-783x450.jpg\" alt=\"\" width=\"700\" height=\"402\"  \/><\/p>\n<p><strong>Novo estudo confirma teoria de 50 anos. C\u00e9rebro de quem sofre de esquizofrenia confunde vozes interiores com exteriores.<br \/><\/strong><\/p>\n<p>Uma teoria antiga que procura explicar porque \u00e9 que as pessoas com esquizofrenia ouvem vozes foi finalmente confirmada.<\/p>\n<p>Investigadores da Universidade de New South Wales demonstraram que as alucina\u00e7\u00f5es auditivas ocorrem quando o <strong>c\u00e9rebro interpreta erradamente<\/strong> o discurso interior como se viesse de uma fonte externa.<\/p>\n<p>A ideia, proposta h\u00e1 cinco d\u00e9cadas, era dif\u00edcil de comprovar porque o discurso interior \u00e9 um processo, obviamente, privado, imposs\u00edvel de analisar diretamente. Mas sob a lideran\u00e7a do psic\u00f3logo Thomas Whitford, a equipa utilizou eletroencefalografia (EEG) para monitorizar a atividade cerebral e examinar a forma como pessoas com esquizofrenia processam sons internos e externos.<\/p>\n<p>Normalmente, quando uma pessoa fala em voz alta ou apenas mentalmente o c\u00e9rebro reduz a atividade nas zonas respons\u00e1veis por processar sons externos, antecipando o som da pr\u00f3pria voz. Mas o estudo de Whitford revelou que, nos indiv\u00edduos que sofrem de alucina\u00e7\u00f5es auditivas, esse mecanismo de previs\u00e3o falha. Em vez disso, o c\u00e9rebro reage ao discurso interior como se este fosse produzido por outra pessoa.<\/p>\n<p>O estudo envolveu <strong>142 participantes divididos em tr\u00eas grupos<\/strong>: pessoas com esquizofrenia que tiveram alucina\u00e7\u00f5es recentes, pessoas com esquizofrenia sem alucina\u00e7\u00f5es recentes e um grupo de controlo sem hist\u00f3rico da doen\u00e7a. Os participantes ouviram s\u00edlabas gravadas (\u201cbah\u201d ou \u201cbih\u201d) enquanto repetiam mentalmente uma dessas mesmas s\u00edlabas. As medi\u00e7\u00f5es de EEG mostraram que aqueles com alucina\u00e7\u00f5es recentes apresentavam rea\u00e7\u00f5es cerebrais significativamente mais fortes quando o discurso interior coincidia com o som ouvido.<\/p>\n<p>Segundo Whitford, esta resposta cerebral an\u00f3mala pode explicar porque \u00e9 que as vozes alucinadas parecem t\u00e3o reais.<\/p>\n<p>As conclus\u00f5es da investiga\u00e7\u00e3o <a href=\"https:\/\/academic.oup.com\/schizophreniabulletin\/advance-article\/doi\/10.1093\/schbul\/sbaf167\/8293244?login=false\" data-wpel-link=\"external\" target=\"_blank\" rel=\"nofollow external noopener noreferrer\" class=\"ext-link\">publicada<\/a> esta ter\u00e7a-feira na Schizophrenia Bulletin n\u00e3o s\u00f3 validam uma hip\u00f3tese de longa data, como tamb\u00e9m abrem caminho a novos, inovadores benef\u00edcios cl\u00ednicos: identificar marcadores neurol\u00f3gicos precoces de psicose poder\u00e1 permitir detetar e tratar a esquizofrenia antes de surgirem sintomas graves.<\/p>\n<p>    <a href=\"https:\/\/zap.aeiou.pt\/subscrever-newsletter\" data-wpel-link=\"internal\" rel=\"nofollow noopener\" target=\"_blank\">&#13;<br \/>\n        <img loading=\"lazy\" decoding=\"async\" class=\"aligncenter size-full wp-image-575475\" src=\"https:\/\/www.europesays.com\/pt\/wp-content\/uploads\/2025\/10\/1759862234_971_2d51fe4a0ba54894421ead1809309ed9-1-450x140.jpg\" alt=\"Subscreva a Newsletter ZAP\" width=\"450\" height=\"140\"\/>&#13;<br \/>\n    <\/a><\/p>\n<p>                <a href=\"https:\/\/whatsapp.com\/channel\/0029VaIC4EE2f3EJZPPSbR34\" data-wpel-link=\"external\" target=\"_blank\" rel=\"nofollow external noopener noreferrer\" class=\"ext-link\">&#13;<br \/>\n                    <img loading=\"lazy\" decoding=\"async\" class=\"aligncenter size-full wp-image-575475\" src=\"https:\/\/www.europesays.com\/pt\/wp-content\/uploads\/2025\/10\/1759862234_512_c68c559d956d4ca20f435ed74a6e71e6.png\" alt=\"Siga-nos no WhatsApp\" width=\"175\" height=\"64\"\/>&#13;<br \/>\n                <\/a><\/p>\n<p>                <a href=\"https:\/\/news.google.com\/publications\/CAAiEHRwZondIV71PDjWNoqMduEqFAgKIhB0cGaJ3SFe9Tw41jaKjHbh?hl=en-US&amp;gl=US&amp;ceid=US%3Aen\" data-wpel-link=\"external\" target=\"_blank\" rel=\"nofollow external noopener noreferrer\" class=\"ext-link\">&#13;<br \/>\n                    <img loading=\"lazy\" decoding=\"async\" class=\"aligncenter size-full wp-image-575475\" src=\"https:\/\/www.europesays.com\/pt\/wp-content\/uploads\/2025\/10\/1759862235_242_5123dd8b087b644fdb8f8603acd1bad4.png\" alt=\"Siga-nos no Google News\" width=\"176\" height=\"64\"\/>&#13;<br \/>\n                <\/a><\/p>\n","protected":false},"excerpt":{"rendered":"nito103\/DepositPhotos Novo estudo confirma teoria de 50 anos. C\u00e9rebro de quem sofre de esquizofrenia confunde vozes interiores com&hellip;\n","protected":false},"author":2,"featured_media":121515,"comment_status":"","ping_status":"","sticky":false,"template":"","format":"standard","meta":{"footnotes":""},"categories":[86],"tags":[13178,116,6780,7654,32,4740,33,117,1030],"class_list":{"0":"post-121514","1":"post","2":"type-post","3":"status-publish","4":"format-standard","5":"has-post-thumbnail","7":"category-saude","8":"tag-esquizofrenia","9":"tag-health","10":"tag-neurociencia","11":"tag-neurologia","12":"tag-portugal","13":"tag-psicologia","14":"tag-pt","15":"tag-saude","16":"tag-saude-mental"},"share_on_mastodon":{"url":"https:\/\/pubeurope.com\/@pt\/115417130465166544","error":""},"_links":{"self":[{"href":"https:\/\/www.europesays.com\/pt\/wp-json\/wp\/v2\/posts\/121514","targetHints":{"allow":["GET"]}}],"collection":[{"href":"https:\/\/www.europesays.com\/pt\/wp-json\/wp\/v2\/posts"}],"about":[{"href":"https:\/\/www.europesays.com\/pt\/wp-json\/wp\/v2\/types\/post"}],"author":[{"embeddable":true,"href":"https:\/\/www.europesays.com\/pt\/wp-json\/wp\/v2\/users\/2"}],"replies":[{"embeddable":true,"href":"https:\/\/www.europesays.com\/pt\/wp-json\/wp\/v2\/comments?post=121514"}],"version-history":[{"count":0,"href":"https:\/\/www.europesays.com\/pt\/wp-json\/wp\/v2\/posts\/121514\/revisions"}],"wp:featuredmedia":[{"embeddable":true,"href":"https:\/\/www.europesays.com\/pt\/wp-json\/wp\/v2\/media\/121515"}],"wp:attachment":[{"href":"https:\/\/www.europesays.com\/pt\/wp-json\/wp\/v2\/media?parent=121514"}],"wp:term":[{"taxonomy":"category","embeddable":true,"href":"https:\/\/www.europesays.com\/pt\/wp-json\/wp\/v2\/categories?post=121514"},{"taxonomy":"post_tag","embeddable":true,"href":"https:\/\/www.europesays.com\/pt\/wp-json\/wp\/v2\/tags?post=121514"}],"curies":[{"name":"wp","href":"https:\/\/api.w.org\/{rel}","templated":true}]}}