{"id":121522,"date":"2025-10-22T09:42:09","date_gmt":"2025-10-22T09:42:09","guid":{"rendered":"https:\/\/www.europesays.com\/pt\/121522\/"},"modified":"2025-10-22T09:42:09","modified_gmt":"2025-10-22T09:42:09","slug":"alunos-do-colegio-candido-jose-de-godoi-irao-autografar-obra-na-feira-do-livro","status":"publish","type":"post","link":"https:\/\/www.europesays.com\/pt\/121522\/","title":{"rendered":"Alunos do Col\u00e9gio C\u00e2ndido Jos\u00e9 de God\u00f3i ir\u00e3o autografar obra na Feira do Livro"},"content":{"rendered":"<p>No dia 1\u00ba de novembro, a Feira do Livro de Porto Alegre recebe um evento especial com uma das escolas da zona norte da Capital atingidas pela enchente de 2024: uma sess\u00e3o de aut\u00f3grafos com os alunos do Col\u00e9gio Estadual C\u00e2ndido Jos\u00e9 de God\u00f3i, autores de contos presentes no livro \u201cContando nossas hist\u00f3rias\u201d. Ao todo, foram dez estudantes que participaram da constru\u00e7\u00e3o da publica\u00e7\u00e3o com textos originais, sob tutela do escritor M\u00e1rio Pool, que organizou a obra.<\/p>\n<p><strong>Leia mais:<br \/><\/strong><a href=\"https:\/\/sul21.com.br\/noticias\/educacao\/2024\/06\/um-mes-submersa-e-outro-coberta-de-lama-escola-na-zona-norte-retrata-drama-da-rede-publica\/\" rel=\"nofollow noopener\" target=\"_blank\">Um m\u00eas submersa e outro coberta de lama, escola na zona norte retrata drama da rede p\u00fablica<\/a><br \/><a href=\"https:\/\/sul21.com.br\/noticias\/educacao\/2024\/08\/euforia-e-trauma-volta-as-aulas-e-misto-de-emocoes-em-escola-atingida-pela-enchente-na-capital\/\" rel=\"nofollow noopener\" target=\"_blank\">Euforia e trauma: volta \u00e0s aulas \u00e9 misto de emo\u00e7\u00f5es em escola atingida pela enchente na Capital<\/a><\/p>\n<p>\u201cNo final de 2023, n\u00f3s fizemos, em parceria com a Secretaria de Educa\u00e7\u00e3o, um projeto de leitura em que vai um escritor na escola para fazer um debate. Quando terminou esse projeto, eu convidei o escritor M\u00e1rio Pool para fazer um trabalho com a escola\u201d, conta a vice-diretora do turno da tarde da escola, Maria Luiza de Castro. Foi quando surgiu a ideia de produzir um livro.<\/p>\n<p>\u201cDivulguei na escola e consegui uma lista de uns 14 alunos. Marcamos para maio a nossa primeira reuni\u00e3o. S\u00f3 que dia 2 de maio a escola j\u00e1 estava debaixo d\u2019\u00e1gua. E eu n\u00e3o tinha passado a lista para o celular. At\u00e9 isso a chuva levou\u201d, relembra Maria Luiza.<\/p>\n<p>O col\u00e9gio foi severamente atingido atingido pela enchente hist\u00f3rica que inundou Porto Alegre em maio de 2024.\u00a0A institui\u00e7\u00e3o ficou um m\u00eas com toda a \u00e1rea t\u00e9rrea embaixo d\u2019\u00e1gua e, depois, mais um m\u00eas coberta de lama \u00e0 espera da limpeza. Constru\u00eddo em dois pisos, o andar t\u00e9rreo do edif\u00edcio, onde funciona toda a parte administrativa, al\u00e9m do refeit\u00f3rio, ficou completamente devastado. O col\u00e9gio voltou ao normal apenas no dia 1\u00ba de agosto daquele ano.<\/p>\n<p><img fetchpriority=\"high\" decoding=\"async\" class=\"wp-image-277406\" src=\"https:\/\/www.europesays.com\/pt\/wp-content\/uploads\/2025\/10\/Imagem-do-WhatsApp-de-2025-10-21-as-17.39.52_a1ea4c8a-647x1024.jpg\" alt=\"\" width=\"272\" height=\"430\"  \/>Capa do livro \u201cContando nossas hist\u00f3rias\u201d. Foto: Maria Luiza de Castro<\/p>\n<p>O projeto do livro, por\u00e9m, retomou suas atividades no m\u00eas anterior, com menor n\u00famero de participantes devido \u00e0 trag\u00e9dia. Uma vez por semana, os participantes se reuniam remotamente aos s\u00e1bados por uma hora e meia para discutir suas cria\u00e7\u00f5es. \u201cN\u00f3s nos reun\u00edamos nos s\u00e1bados, l\u00edamos os contos e faz\u00edamos coment\u00e1rios. Em dezembro est\u00e1vamos lan\u00e7ando o livro\u201d, comenta a vice-diretora.<\/p>\n<p>O lan\u00e7amento do \u201cContando nossas hist\u00f3rias\u201d, em dezembro de 2024, esgotou na mesma noite a primeira tiragem da obra, com 150 c\u00f3pias dispon\u00edveis. Para a Feira do Livro, ser\u00e1 disponibilizada uma nova tiragem com a segunda edi\u00e7\u00e3o da obra.<\/p>\n<p>Curiosamente, apesar do momento hist\u00f3rico em que foram escritos, nenhum conto foi sobre o tema central que afligia o Rio Grande do Sul naquela \u00e9poca. \u201cOs contos n\u00e3o foram sobre a enchente. As pessoas n\u00e3o queriam escrever sobre a enchente. Tinha ali duas pessoas que foram bem atingidas e que tiveram que sair de casa, mas n\u00e3o escreveram sobre a enchente\u201d, comenta Maria Luiza.<\/p>\n<p>Para este ano, o projeto continua, com um novo livro com textos de seis estudantes do Col\u00e9gio Estadual C\u00e2ndido Jos\u00e9 de God\u00f3i. O lan\u00e7amento deve ocorrer entre o final de novembro e o come\u00e7o de dezembro. \u201c\u00c9 impressionante, n\u00e9? \u00c9 um projeto que abarca v\u00e1rios elementos, como a leitura, a escrita, a responsabilidade, a autoestima. Ent\u00e3o, pra n\u00f3s, \u00e9 uma iniciativa que pedagogicamente trabalha com v\u00e1rios elementos\u201d, destaca Maria Luiza.<\/p>\n<p>\u201cPara n\u00f3s tamb\u00e9m \u00e9 importante divulgar o nome da nossa escola. A gente n\u00e3o quer que ela fique com aquela peste. Faz parte da nossa hist\u00f3ria ser atingida pela enchente. Mas \u00e9 uma escola de 65 anos e n\u00f3s queremos que a escola continue aparecendo e trazendo jovens\u201d, observa Maria Luiza de Castro.<\/p>\n","protected":false},"excerpt":{"rendered":"No dia 1\u00ba de novembro, a Feira do Livro de Porto Alegre recebe um evento especial com uma&hellip;\n","protected":false},"author":2,"featured_media":121523,"comment_status":"","ping_status":"","sticky":false,"template":"","format":"standard","meta":{"footnotes":""},"categories":[143],"tags":[169,28104,315,539,28105,114,115,28106,864,170,4677,32,33],"class_list":{"0":"post-121522","1":"post","2":"type-post","3":"status-publish","4":"format-standard","5":"has-post-thumbnail","7":"category-livros","8":"tag-books","9":"tag-colegio-candido-jose-godoi","10":"tag-cultura","11":"tag-educacao","12":"tag-enchente","13":"tag-entertainment","14":"tag-entretenimento","15":"tag-feira-do-livro-de-porto-alegre","16":"tag-literatura","17":"tag-livros","18":"tag-porto-alegre","19":"tag-portugal","20":"tag-pt"},"share_on_mastodon":{"url":"https:\/\/pubeurope.com\/@pt\/115417169679205719","error":""},"_links":{"self":[{"href":"https:\/\/www.europesays.com\/pt\/wp-json\/wp\/v2\/posts\/121522","targetHints":{"allow":["GET"]}}],"collection":[{"href":"https:\/\/www.europesays.com\/pt\/wp-json\/wp\/v2\/posts"}],"about":[{"href":"https:\/\/www.europesays.com\/pt\/wp-json\/wp\/v2\/types\/post"}],"author":[{"embeddable":true,"href":"https:\/\/www.europesays.com\/pt\/wp-json\/wp\/v2\/users\/2"}],"replies":[{"embeddable":true,"href":"https:\/\/www.europesays.com\/pt\/wp-json\/wp\/v2\/comments?post=121522"}],"version-history":[{"count":0,"href":"https:\/\/www.europesays.com\/pt\/wp-json\/wp\/v2\/posts\/121522\/revisions"}],"wp:featuredmedia":[{"embeddable":true,"href":"https:\/\/www.europesays.com\/pt\/wp-json\/wp\/v2\/media\/121523"}],"wp:attachment":[{"href":"https:\/\/www.europesays.com\/pt\/wp-json\/wp\/v2\/media?parent=121522"}],"wp:term":[{"taxonomy":"category","embeddable":true,"href":"https:\/\/www.europesays.com\/pt\/wp-json\/wp\/v2\/categories?post=121522"},{"taxonomy":"post_tag","embeddable":true,"href":"https:\/\/www.europesays.com\/pt\/wp-json\/wp\/v2\/tags?post=121522"}],"curies":[{"name":"wp","href":"https:\/\/api.w.org\/{rel}","templated":true}]}}