{"id":121530,"date":"2025-10-22T09:54:59","date_gmt":"2025-10-22T09:54:59","guid":{"rendered":"https:\/\/www.europesays.com\/pt\/121530\/"},"modified":"2025-10-22T09:54:59","modified_gmt":"2025-10-22T09:54:59","slug":"antonio-costa-envolve-se-diretamente-em-mais-uma-crise-a-da-habitacao","status":"publish","type":"post","link":"https:\/\/www.europesays.com\/pt\/121530\/","title":{"rendered":"Ant\u00f3nio Costa envolve-se diretamente em mais uma crise: a da habita\u00e7\u00e3o"},"content":{"rendered":"<p>A crise da habita\u00e7\u00e3o na Uni\u00e3o Europeia (UE) est\u00e1 a assumir propor\u00e7\u00f5es graves pelo que Ant\u00f3nio Costa, o presidente do Conselho Europeu, vai envolver-se diretamente no problema, na tentativa de o resolver.<\/p>\n<p>&#8220;A capacidade financeira para ter uma casa e o acesso \u00e0 habita\u00e7\u00e3o est\u00e3o entre as preocupa\u00e7\u00f5es mais urgentes dos europeus, de Lisboa a Copenhaga, de Dublin a Atenas&#8221;, declarou, esta ter\u00e7a-feira o l\u00edder do Conselho.<\/p>\n<p>Costa foi autarca de Lisboa entre 2007 e 2015 e primeiro-ministro de Portugal entre 2015 e 2024, justamente os dois per\u00edodos (quase 17 anos) em que a crise habitacional na capital e no pa\u00eds mais cresceu e se agudizou.<\/p>\n<p>Na agenda do presidente do Conselho, onde constam crises graves como as da guerra da <strong>Ucr\u00e2nia<\/strong> ou o &#8220;desastre humanit\u00e1rio&#8221; em <strong>Gaza<\/strong>, vem somar-se agora uma crise interna europeia, que continua a crescer.<\/p>\n<p>Para Costa, a quest\u00e3o da habita\u00e7\u00e3o &#8220;necessita de ser abordada a todos os n\u00edveis: local, regional e nacional&#8221; e &#8220;precisamos tamb\u00e9m de refletir sobre a melhor forma de a UE ajudar nestes esfor\u00e7os e ter um impacto concreto no combate a esta crise&#8221;.<\/p>\n<p>O pontap\u00e9 de partida de Costa acontece esta quarta-feira, 22 de outubro. O presidente Costa &#8220;reunir\u00e1 com a presidente do Comit\u00e9 das Regi\u00f5es, Kata T\u00fctt\u0151, com o presidente cessante do Comit\u00e9 Econ\u00f3mico e Social, Oliver R\u00f6pke, e com o sucessor, S\u00e9amus Boland&#8221;, explica fonte oficial, numa nota enviada \u00e0s reda\u00e7\u00f5es.<\/p>\n<p>&#8220;A reuni\u00e3o centrar-se-\u00e1 na forma de abordar a crise da habita\u00e7\u00e3o em toda a UE e realiza-se antes da Cimeira Social Tripartida e do debate do Conselho Europeu sobre a habita\u00e7\u00e3o.&#8221;<\/p>\n<p>Em maio deste ano, a abordagem mais geral foi lan\u00e7ada pelo <strong>Comit\u00e9 das Regi\u00f5es<\/strong> quando apresentou um estudo sobre \u201co papel das cidades e regi\u00f5es no Plano Europeu para a Habita\u00e7\u00e3o Acess\u00edvel\u201d, no qual destacou &#8220;a necessidade de subsidiariedade ativa e de governa\u00e7\u00e3o a v\u00e1rios n\u00edveis para permitir uma abordagem de base local&#8221;.<\/p>\n<p>Depois disso, em setembro passado, o <strong>Comit\u00e9 Econ\u00f3mico e Social Europeu<\/strong> apresentou o seu parecer sobre esse plano onde pede uma uma &#8220;abordagem coordenada&#8221; da UE e dos pa\u00edses da uni\u00e3o &#8220;para fazer face \u00e0 escassez de habita\u00e7\u00e3o acess\u00edvel&#8221;.<\/p>\n","protected":false},"excerpt":{"rendered":"A crise da habita\u00e7\u00e3o na Uni\u00e3o Europeia (UE) est\u00e1 a assumir propor\u00e7\u00f5es graves pelo que Ant\u00f3nio Costa, o&hellip;\n","protected":false},"author":2,"featured_media":121531,"comment_status":"","ping_status":"","sticky":false,"template":"","format":"standard","meta":{"footnotes":""},"categories":[8],"tags":[6953,27,28,7962,15,16,456,14,25,26,21,22,12,13,19,20,32,23,24,33,17,18,29,30,31],"class_list":{"0":"post-121530","1":"post","2":"type-post","3":"status-publish","4":"format-standard","5":"has-post-thumbnail","7":"category-principais-noticias","8":"tag-antonio-costa","9":"tag-breaking-news","10":"tag-breakingnews","11":"tag-conselho-europeu","12":"tag-featured-news","13":"tag-featurednews","14":"tag-habitacao","15":"tag-headlines","16":"tag-latest-news","17":"tag-latestnews","18":"tag-main-news","19":"tag-mainnews","20":"tag-news","21":"tag-noticias","22":"tag-noticias-principais","23":"tag-noticiasprincipais","24":"tag-portugal","25":"tag-principais-noticias","26":"tag-principaisnoticias","27":"tag-pt","28":"tag-top-stories","29":"tag-topstories","30":"tag-ultimas","31":"tag-ultimas-noticias","32":"tag-ultimasnoticias"},"share_on_mastodon":{"url":"https:\/\/pubeurope.com\/@pt\/115417221604259637","error":""},"_links":{"self":[{"href":"https:\/\/www.europesays.com\/pt\/wp-json\/wp\/v2\/posts\/121530","targetHints":{"allow":["GET"]}}],"collection":[{"href":"https:\/\/www.europesays.com\/pt\/wp-json\/wp\/v2\/posts"}],"about":[{"href":"https:\/\/www.europesays.com\/pt\/wp-json\/wp\/v2\/types\/post"}],"author":[{"embeddable":true,"href":"https:\/\/www.europesays.com\/pt\/wp-json\/wp\/v2\/users\/2"}],"replies":[{"embeddable":true,"href":"https:\/\/www.europesays.com\/pt\/wp-json\/wp\/v2\/comments?post=121530"}],"version-history":[{"count":0,"href":"https:\/\/www.europesays.com\/pt\/wp-json\/wp\/v2\/posts\/121530\/revisions"}],"wp:featuredmedia":[{"embeddable":true,"href":"https:\/\/www.europesays.com\/pt\/wp-json\/wp\/v2\/media\/121531"}],"wp:attachment":[{"href":"https:\/\/www.europesays.com\/pt\/wp-json\/wp\/v2\/media?parent=121530"}],"wp:term":[{"taxonomy":"category","embeddable":true,"href":"https:\/\/www.europesays.com\/pt\/wp-json\/wp\/v2\/categories?post=121530"},{"taxonomy":"post_tag","embeddable":true,"href":"https:\/\/www.europesays.com\/pt\/wp-json\/wp\/v2\/tags?post=121530"}],"curies":[{"name":"wp","href":"https:\/\/api.w.org\/{rel}","templated":true}]}}