{"id":121532,"date":"2025-10-22T09:56:13","date_gmt":"2025-10-22T09:56:13","guid":{"rendered":"https:\/\/www.europesays.com\/pt\/121532\/"},"modified":"2025-10-22T09:56:13","modified_gmt":"2025-10-22T09:56:13","slug":"fica-enchendo-o-saco-dos-outros-robozao-frigobar-record-2","status":"publish","type":"post","link":"https:\/\/www.europesays.com\/pt\/121532\/","title":{"rendered":"\u2018Fica enchendo o saco dos outros, roboz\u00e3o, frigobar\u2019 \u2013 Record"},"content":{"rendered":"<p><img decoding=\"async\" data-chromatic=\"ignore\" alt=\"\" class=\"c-image\" loading=\"lazy\" src=\"https:\/\/www.europesays.com\/pt\/wp-content\/uploads\/2025\/10\/1761126973_95_FKRZZQRFGVEPJE2IIZDJMYI4MU.png\"  width=\"2116\" height=\"1153\"\/>Maria est\u00e1 de saco cheio da ex-amiga Reprodu\u00e7\u00e3o\/RecordPlus <\/p>\n<p class=\"jarvics:base-text-neutral-high-400 base-text-[calc(theme(fontSize.xs)_*_var(--font-size,_1))] base-font-normal base-font-primary base-text-neutral-low-500 base-text-left\">O ran\u00e7ometro de <a href=\"https:\/\/record.r7.com\/a-fazenda\/a-fazenda-17\/peoes\/maria-caporusso\" target=\"_self\" title=\"Maria Caporusso\" rel=\"nofollow noopener\"><b>Maria Caporusso<\/b><\/a> explodiu para<b> <\/b><a href=\"https:\/\/record.r7.com\/a-fazenda\/a-fazenda-17\/peoes\/saory-cardoso\" target=\"_self\" title=\"Saory Cardoso\" rel=\"nofollow noopener\"><b>Saory Cardoso<\/b><\/a> em <a href=\"https:\/\/record.r7.com\/a-fazenda\/a-fazenda-17\/\" target=\"_self\" rel=\"nofollow noopener\" title=\"https:\/\/record.r7.com\/a-fazenda\/a-fazenda-17\/\"><b>A Fazenda 17<\/b><\/a>! Em conversa com os amigos na tarde desta ter\u00e7a (21), a influenciadora xingou a ex-amiga de diversos apelidos nada carinhosos, e rendeu risadas dos aliados. Se liga!<\/p>\n<ul class=\"b-article-body__list-unordered\">\n<li><b>Quer ficar por dentro de tudo que est\u00e1 acontecendo em\u00a0<\/b><b>A Fazenda 17<\/b><b>?\u00a0<\/b><a href=\"https:\/\/www.whatsapp.com\/channel\/0029Va2cJIR1noz2ahzX0D1N\" target=\"_blank\" rel=\"noreferrer nofollow noopener\" title=\"https:\/\/www.whatsapp.com\/channel\/0029Va2cJIR1noz2ahzX0D1N\"><b>Clique aqui<\/b><\/a><b>\u00a0e fa\u00e7a parte do nosso canal no WhatsApp!<\/b><\/li>\n<\/ul>\n<p class=\"jarvics:base-text-neutral-high-400 base-text-[calc(theme(fontSize.xs)_*_var(--font-size,_1))] base-font-normal base-font-primary base-text-neutral-low-500 base-text-left\">Quem lembra do in\u00edcio do jogo, sabe que Maria e Saory come\u00e7aram a jornada como melhores amigas na sede e at\u00e9 dividiam a mesma cama. O caldo entornou em duas semanas, quando <a href=\"https:\/\/record.r7.com\/a-fazenda\/a-fazenda-17\/novidades\/maria-caporusso-abre-o-jogo-com-saory-cardoso-meu-coracao-estava-cheio-de-raiva-28092025\/\" target=\"_self\" rel=\"nofollow noopener\" title=\"https:\/\/record.r7.com\/a-fazenda\/a-fazenda-17\/novidades\/maria-caporusso-abre-o-jogo-com-saory-cardoso-meu-coracao-estava-cheio-de-raiva-28092025\/\"><b>elas se estranharam ap\u00f3s uma brincadeira sobre shipp<\/b><\/a>, elas foram de amigas a inimigas, e seguiram cada uma em um grupo diferente.<\/p>\n<p class=\"jarvics:base-text-neutral-high-400 base-text-[calc(theme(fontSize.xs)_*_var(--font-size,_1))] base-font-normal base-font-primary base-text-neutral-low-500 base-text-left\">A rela\u00e7\u00e3o ficou at\u00e9 tranquila, com algumas trocas de votos e apontamentos em din\u00e2micas, mas sem tretas. Nos \u00faltimos dias a rivalidade acordou. Saory se envolveu na pol\u00eamica de salvar<b> <\/b><a href=\"https:\/\/record.r7.com\/a-fazenda\/a-fazenda-17\/peoes\/tamires-assis\" target=\"_self\" title=\"T&#xE0;mires Ass&#xEE;s\" rel=\"nofollow noopener\"><b>T\u00e0mires Ass\u00ees<\/b><\/a> ao inv\u00e9s de <a href=\"https:\/\/record.r7.com\/a-fazenda\/a-fazenda-17\/peoes\/matheus-martins\" target=\"_self\" title=\"Matheus Martins\" rel=\"nofollow noopener\"><b>Matheus Martins<\/b><\/a> no Resta Um da quarta vota\u00e7\u00e3o. Maria se compadeceu com o sofrimento do modelo, <a href=\"https:\/\/record.r7.com\/a-fazenda\/a-fazenda-17\/novidades\/saory-cardoso-vira-alvo-facil-no-rancho-do-fazendeiro-veja-quem-mais-esta-na-mira-19102025\/\" target=\"_self\" rel=\"nofollow noopener\" title=\"https:\/\/record.r7.com\/a-fazenda\/a-fazenda-17\/novidades\/saory-cardoso-vira-alvo-facil-no-rancho-do-fazendeiro-veja-quem-mais-esta-na-mira-19102025\/\"><b>passou a jogar com ele<\/b><\/a> e detonou a ex-amiga em conversas.<\/p>\n<p class=\"jarvics:base-text-neutral-high-400 base-text-[calc(theme(fontSize.xs)_*_var(--font-size,_1))] base-font-normal base-font-primary base-text-neutral-low-500 base-text-left\">Nesta ter\u00e7a (21), ela estava na Casa da \u00c1rvore com<b> <\/b><a href=\"https:\/\/record.r7.com\/a-fazenda\/a-fazenda-17\/peoes\/martina-sanzi\" target=\"_self\" title=\"Martina Sanzi\" rel=\"nofollow noopener\"><b>Martina Sanzi<\/b><\/a>, <a href=\"https:\/\/record.r7.com\/a-fazenda\/a-fazenda-17\/peoes\/rayane-figliuzzi\" target=\"_self\" title=\"Rayane Figliuzzi\" rel=\"nofollow noopener\"><b>Rayane Figliuzzi<\/b><\/a> e <a href=\"https:\/\/record.r7.com\/a-fazenda\/a-fazenda-17\/peoes\/walerio-araujo\" target=\"_self\" title=\"Wal&#xE9;rio Ara&#xFA;jo\" rel=\"nofollow noopener\"><b>Wal\u00e9rio Ara\u00fajo<\/b><\/a>, quando Saory virou tema da conversa. Ela soltou que a dentista n\u00e3o sabe sequer fazer um macarr\u00e3o e disparou: \u201cParece um Max Steel! Fica enchendo o saco dos outros, roboz\u00e3o, frigobar do [palavr\u00e3o]. Rosto t\u00e3o bonito, sonsa!\u201d<\/p>\n<p class=\"jarvics:base-text-neutral-high-400 base-text-[calc(theme(fontSize.xs)_*_var(--font-size,_1))] base-font-normal base-font-primary base-text-neutral-low-500 base-text-left\">Ray alegou que a rival \u00e9 bonita por fora e podre por dentro, Maria adicionou: \u201cMenina que eu achava a mais bonita aqui, parece uma boneca. Vai conhecendo, a bicha vai at\u00e9 enfeiando, parece um frigobarz\u00e3o. E nem \u00e9 o meu duvidoso, porque meu frigobar duvidoso consegue ser mais delicado que ela. A\u00ed na hora de falar, fala as maiores atrocidades no volume menos dois. Tenha a santa paci\u00eancia!\u201d<\/p>\n<p class=\"jarvics:base-text-neutral-high-400 base-text-[calc(theme(fontSize.xs)_*_var(--font-size,_1))] base-font-normal base-font-primary base-text-neutral-low-500 base-text-left\">A galera caiu na risada, pois normalmente Maria \u00e9 delicada com as palavras, mas estava bastante revoltada: \u201cFala de agressividade, chora com o depoimento da <a href=\"https:\/\/record.r7.com\/a-fazenda\/a-fazenda-17\/peoes\/gaby-spanic\" target=\"_self\" rel=\"nofollow noopener\" title=\"https:\/\/record.r7.com\/a-fazenda\/a-fazenda-17\/peoes\/gaby-spanic\"><b>Gaby Spanic<\/b><\/a>, mas quebrar a cara da minha amiga l\u00e1 fora porque faz luta, pode n\u00e9? A\u00ed n\u00e3o \u00e9 agressivo! Porque \u00e9 l\u00e1 fora! Entendi a conta. O Max Steel pode quebrar l\u00e1 fora, mas aqui dentro tem que falar baixo\u201d, disparou.<\/p>\n<p class=\"jarvics:base-text-neutral-high-400 base-text-[calc(theme(fontSize.xs)_*_var(--font-size,_1))] base-font-normal base-font-primary base-text-neutral-low-500 base-text-left\">O ran\u00e7o elevou a conversa para outros temas, como a revela\u00e7\u00e3o de <a href=\"https:\/\/record.r7.com\/a-fazenda\/a-fazenda-17\/peoes\/wallas-arrais\" target=\"_self\" title=\"Wallas Arrais\" rel=\"nofollow noopener\"><b>Wallas Arrais<\/b><\/a> sobre dormir com Saory: \u201cGosta do 60 mais, mas aqui dentro \u00e9 um novinho que dorme no peito, n\u00e9?\u201d.<\/p>\n<p class=\"jarvics:base-text-neutral-high-400 base-text-[calc(theme(fontSize.xs)_*_var(--font-size,_1))] base-font-normal base-font-primary base-text-neutral-low-500 base-text-left\">Ser\u00e1 que as ofensas v\u00e3o chegar aos ouvidos de Saory?<\/p>\n<p><b>Confira:<\/b><video controls=\"\" class=\"video-js\" preload=\"metadata\" poster=\"https:\/\/d22yf0mxeu0gma.cloudfront.net\/10-21-2025\/t_7d753064337a4ee0a3bdb9b264a89976_name_file_960x540_1600_v4_.jpg\" title=\"'Gosta dos 60+, mas aqui dorme no peito de um novinho', dispara Maria sobre Saory | A Fazenda 17\" data-sprite-url=\"\" data-metadata=\"{&quot;title&quot;:&quot;'Gosta dos 60+, mas aqui dorme no peito de um novinho', dispara Maria sobre Saory | A Fazenda 17&quot;,&quot;sectionName&quot;:&quot;R7&quot;,&quot;mainSection&quot;:&quot;Novidades&quot;,&quot;subSection&quot;:&quot;&quot;,&quot;views&quot;:&quot;&quot;,&quot;disableAdv&quot;:&quot;false&quot;,&quot;createdDate&quot;:&quot;2025-10-21T17:05:55Z&quot;,&quot;mainSectionUrl&quot;:&quot;https:\/\/record.r7.com\/a-fazenda\/a-fazenda-17\/24-horas\/video\/gosta-dos-60-mas-aqui-dorme-no-peito-de-um-novinho-dispara-maria-sobre-saory-a-fazenda-17-21102025\/&quot;,&quot;sectionPath&quot;:&quot;https:\/\/record.r7.com\/a-fazenda\/a-fazenda-17\/24-horas&quot;,&quot;ageRating&quot;:&quot;&quot;,&quot;ageRatingDescription&quot;:&quot;&quot;,&quot;duration&quot;:243050,&quot;playerUrl&quot;:&quot;https:\/\/record.r7.com\/player\/6a78d614-2d4c-4c7f-921f-ef3e5541322a\/&quot;}\" data-player-params=\"{&quot;p&quot;:&quot;true&quot;,&quot;autoPlay&quot;:&quot;false&quot;,&quot;logo&quot;:&quot;true&quot;,&quot;playlistId&quot;:&quot;false&quot;,&quot;calhau&quot;:&quot;false&quot;,&quot;share&quot;:&quot;true&quot;,&quot;sz&quot;:&quot;false&quot;,&quot;full&quot;:&quot;true&quot;,&quot;customAdHash&quot;:&quot;\/7542\/recordtv\/afazenda&quot;,&quot;referrerUrl&quot;:&quot;&quot;,&quot;externalLinks&quot;:&quot;true&quot;,&quot;debug&quot;:&quot;false&quot;,&quot;debugHash&quot;:&quot;false&quot;,&quot;debugRelated&quot;:&quot;false&quot;,&quot;timerRelated&quot;:&quot;true&quot;,&quot;logoRecord&quot;:&quot;false&quot;,&quot;contextModal&quot;:&quot;false&quot;,&quot;parentUrl&quot;:&quot;https:\/\/record.r7.com\/&quot;,&quot;t&quot;:&quot;0&quot;,&quot;noTitle&quot;:false,&quot;endBehavior&quot;:&quot;default&quot;}\" data-related-videos=\"[{&quot;title&quot;:&quot;T&#xE0;mires sobe o tom ap&#xF3;s Carol provoc&#xE1;-la: 'Vem aqui com a Miss Bumbum' | A Fazenda 17&quot;,&quot;thumb&quot;:&quot;https:\/\/d22yf0mxeu0gma.cloudfront.net\/10-22-2025\/t_bff87d639af444a0a588f8f81b130371_name_file_960x540_1600_v4_.jpg&quot;,&quot;url&quot;:&quot;https:\/\/record.r7.com\/a-fazenda\/a-fazenda-17\/24-horas\/video\/tamires-sobe-o-tom-apos-carol-provoca-la-vem-aqui-com-a-miss-bumbum-a-fazenda-17-22102025\/&quot;,&quot;embedUrl&quot;:&quot;https:\/\/record.r7.com\/player\/86997777-5861-47f5-bd62-e54849bba847\/&quot;},{&quot;title&quot;:&quot;&#x2018;A T&#xE0;mires &#xE9; certeza absoluta que volta&#x2019;, afirma Dudu em conversa | A Fazenda 17&quot;,&quot;thumb&quot;:&quot;https:\/\/d22yf0mxeu0gma.cloudfront.net\/10-22-2025\/t_b2c1033f374a4e138d931f99cad0c460_name_file_960x540_1600_v4_.jpg&quot;,&quot;url&quot;:&quot;https:\/\/record.r7.com\/a-fazenda\/a-fazenda-17\/24-horas\/video\/a-tamires-e-certeza-absoluta-que-volta-afirma-dudu-em-conversa-a-fazenda-17-22102025\/&quot;,&quot;embedUrl&quot;:&quot;https:\/\/record.r7.com\/player\/ff71cf9a-49d8-42ad-bd28-49216b23da5d\/&quot;},{&quot;title&quot;:&quot;Rayane e Yon&#xE1; protagonizam barraco na Sede ap&#xF3;s a forma&#xE7;&#xE3;o da Ro&#xE7;a | A Fazenda 17&quot;,&quot;thumb&quot;:&quot;https:\/\/d22yf0mxeu0gma.cloudfront.net\/10-22-2025\/t_ab9f0a64ac8845968031bdb53ad302a2_name_file_960x540_1600_v4_.jpg&quot;,&quot;url&quot;:&quot;https:\/\/record.r7.com\/a-fazenda\/a-fazenda-17\/24-horas\/video\/rayane-e-yona-protagonizam-barraco-na-sede-apos-a-formacao-da-roca-a-fazenda-17-22102025\/&quot;,&quot;embedUrl&quot;:&quot;https:\/\/record.r7.com\/player\/ead45f05-8ef3-4b5b-b328-bf113db0fea6\/&quot;}]\" data-player-url=\"https:\/\/record.r7.com\/player\/6a78d614-2d4c-4c7f-921f-ef3e5541322a\/\" data-arc-video=\"\" data-arc-id=\"6a78d614-2d4c-4c7f-921f-ef3e5541322a\" data-short=\"false\" style=\"visibility:hidden\"><\/video><\/p>\n<p class=\"jarvics:base-text-neutral-high-400 base-text-[calc(theme(fontSize.xs)_*_var(--font-size,_1))] base-font-normal base-font-primary base-text-neutral-low-500 base-text-left\">Fique ligado! <a href=\"https:\/\/record.r7.com\/a-fazenda\/a-fazenda-17\/\" rel=\"nofollow noopener\" title=\"https:\/\/record.r7.com\/a-fazenda\/a-fazenda-17\/\" target=\"_blank\"><b>A Fazenda 17<\/b><\/a> vai ao ar de segunda a domingo, \u00e0s 22h30, na tela da <a href=\"https:\/\/record.r7.com\/\" rel=\"nofollow noopener\" target=\"_blank\"><b>RECORD<\/b><\/a>. Assine o <a href=\"https:\/\/www.recordplus.com\/home\" rel=\"nofollow noopener\" title=\"https:\/\/www.recordplus.com\/home\" target=\"_blank\"><b>RecordPlus<\/b><\/a> e tenha acesso \u00e0s c\u00e2meras 24 horas.<\/p>\n<p><b>Belo em <\/b><b>A Fazenda<\/b><b>? Relembre as vezes que o nome do cantor esteve na boca da pe\u00e3ozada<\/b><\/p>\n<p class=\"jarvics:base-text-neutral-high-400 base-text-[calc(theme(fontSize.xxs)_*_var(--font-size,_1))] base-font-semibold base-font-primary base-text-neutral-low-500 base-text-left\">Al\u00e9m de empres\u00e1ria, Rayane Figliuzzi \u00e9 namorada de Belo e faz parte do elenco bomb\u00e1stico de A Fazenda 17. A peoa est\u00e1 dando o que falar no game e o nome do artista corre solto pela sede. Seja em embates ou desabafos, o cantor j\u00e1 esteve presente na boca da pe\u00e3ozada diversas vezes; se liga!<\/p>\n","protected":false},"excerpt":{"rendered":"Maria est\u00e1 de saco cheio da ex-amiga Reprodu\u00e7\u00e3o\/RecordPlus O ran\u00e7ometro de Maria Caporusso explodiu para Saory Cardoso em&hellip;\n","protected":false},"author":2,"featured_media":121119,"comment_status":"","ping_status":"","sticky":false,"template":"","format":"standard","meta":{"footnotes":""},"categories":[145],"tags":[657,211,210,114,115,21257,32,33,21259],"class_list":{"0":"post-121532","1":"post","2":"type-post","3":"status-publish","4":"format-standard","5":"has-post-thumbnail","7":"category-celebridades","8":"tag-a-fazenda","9":"tag-celebridades","10":"tag-celebrities","11":"tag-entertainment","12":"tag-entretenimento","13":"tag-maria-caporusso","14":"tag-portugal","15":"tag-pt","16":"tag-saory-cardoso"},"share_on_mastodon":{"url":"https:\/\/pubeurope.com\/@pt\/115417224700537245","error":""},"_links":{"self":[{"href":"https:\/\/www.europesays.com\/pt\/wp-json\/wp\/v2\/posts\/121532","targetHints":{"allow":["GET"]}}],"collection":[{"href":"https:\/\/www.europesays.com\/pt\/wp-json\/wp\/v2\/posts"}],"about":[{"href":"https:\/\/www.europesays.com\/pt\/wp-json\/wp\/v2\/types\/post"}],"author":[{"embeddable":true,"href":"https:\/\/www.europesays.com\/pt\/wp-json\/wp\/v2\/users\/2"}],"replies":[{"embeddable":true,"href":"https:\/\/www.europesays.com\/pt\/wp-json\/wp\/v2\/comments?post=121532"}],"version-history":[{"count":0,"href":"https:\/\/www.europesays.com\/pt\/wp-json\/wp\/v2\/posts\/121532\/revisions"}],"wp:featuredmedia":[{"embeddable":true,"href":"https:\/\/www.europesays.com\/pt\/wp-json\/wp\/v2\/media\/121119"}],"wp:attachment":[{"href":"https:\/\/www.europesays.com\/pt\/wp-json\/wp\/v2\/media?parent=121532"}],"wp:term":[{"taxonomy":"category","embeddable":true,"href":"https:\/\/www.europesays.com\/pt\/wp-json\/wp\/v2\/categories?post=121532"},{"taxonomy":"post_tag","embeddable":true,"href":"https:\/\/www.europesays.com\/pt\/wp-json\/wp\/v2\/tags?post=121532"}],"curies":[{"name":"wp","href":"https:\/\/api.w.org\/{rel}","templated":true}]}}