{"id":121533,"date":"2025-10-22T09:58:10","date_gmt":"2025-10-22T09:58:10","guid":{"rendered":"https:\/\/www.europesays.com\/pt\/121533\/"},"modified":"2025-10-22T09:58:10","modified_gmt":"2025-10-22T09:58:10","slug":"livros-da-intrinseca-para-o-halloween","status":"publish","type":"post","link":"https:\/\/www.europesays.com\/pt\/121533\/","title":{"rendered":"Livros da Intr\u00ednseca para o Halloween"},"content":{"rendered":"<p class=\"post-meta meta-main-img\"> &#13;<br \/>\n                21 de outubro de 2025 &#13;<br \/>\n                Cultura&#13;<br \/>\n                                Foto: Divulga\u00e7\u00e3o\/ Freepik &#13;<br \/>\n                 &#13;\n              <\/p>\n<blockquote class=\"quote_content lfina\"><p>&#13;<br \/>\n              De casas misteriosas a mundos sombrios, novos livros prometem mist\u00e9rio, medo e aventuras eletrizantes&#13;\n              <\/p><\/blockquote>\n<p>O terror e o suspense dominam 2025 com lan\u00e7amentos que exploram mist\u00e9rios, crimes e fen\u00f4menos sobrenaturais. Uketsu estreia com Casas Estranhas e sua sequ\u00eancia O Mist\u00e9rio das Onze Plantas Baixas, revelando segredos macabros em resid\u00eancias aparentemente comuns de T\u00f3quio.<\/p>\n<p>Riley Sager, em O Massacre da Fam\u00edlia Hope, acompanha Kit McDeere na mans\u00e3o marcada por<img loading=\"lazy\" decoding=\"async\" class=\"wp-image-78789 alignright\" src=\"https:\/\/tvjaguari.com.br\/wp-content\/uploads\/2025\/10\/b757e55d-2a9e-46a4-bdc6-09f2bffeccbf.avif\" alt=\"\" width=\"100\" height=\"150\"\/> assassinatos, enquanto Marcus Kliewer, em N\u00f3s J\u00e1 Moramos Aqui, apresenta uma casa antiga e visitantes misteriosos que desafiam a realidade.<\/p>\n<p><img loading=\"lazy\" decoding=\"async\" class=\" wp-image-78790 alignleft\" src=\"https:\/\/tvjaguari.com.br\/wp-content\/uploads\/2025\/10\/eba0ef35-134f-46a4-a825-a38cf9212dfa.avif\" alt=\"\" width=\"101\" height=\"152\"\/>Jeneva Rose, com O Assassinato no Ver\u00e3o de 1999, mostra irm\u00e3os frente a um passado sangrento; Mariana Enriquez, em Os Perigos de Fumar na Cama, mergulha nos abismos da alma humana e no terror cotidiano.<\/p>\n<p>Em fantasia sombria, Alchemised, de SenLinYu, acompanha Helena Marino presa em um mundo de necromancia, enquanto C.J. Tudor (O Homem de Giz) e Gwenda Bond (Stranger Things: Ra\u00edzes do Mal) exploram mist\u00e9rios do passado que retornam de forma aterrorizante.<img loading=\"lazy\" decoding=\"async\" class=\" wp-image-78791 alignright\" src=\"https:\/\/www.europesays.com\/pt\/wp-content\/uploads\/2025\/10\/be1900c5-3ef5-4acc-949c-db53b44fd426-340x532.webp.webp\" alt=\"\" width=\"100\" height=\"156\"\/><\/p>\n<p>Josh Malerman (Caixa de P\u00e1ssaros), Jason Rekulak (Desenhos Ocultos), Grady Hendrix (Manual das Donas de Casa Ca\u00e7adoras de Vampiros) e Scott Cawthon com Elley Cooper (Mergulho na Escurid\u00e3o) completam a lista com hist\u00f3rias que unem medo, mist\u00e9rio e <img loading=\"lazy\" decoding=\"async\" class=\"wp-image-78792 alignleft\" src=\"https:\/\/www.europesays.com\/pt\/wp-content\/uploads\/2025\/10\/69cfad6c-eb31-48bd-9567-4430e1caae35-340x520.webp.webp\" alt=\"\" width=\"101\" height=\"154\"\/>emo\u00e7\u00e3o, garantindo leituras intensas do in\u00edcio ao fim.<\/p>\n","protected":false},"excerpt":{"rendered":"&#13; 21 de outubro de 2025 &#13; Cultura&#13; Foto: Divulga\u00e7\u00e3o\/ Freepik &#13; &#13; &#13; De casas misteriosas a&hellip;\n","protected":false},"author":2,"featured_media":121534,"comment_status":"","ping_status":"","sticky":false,"template":"","format":"standard","meta":{"footnotes":""},"categories":[143],"tags":[169,114,115,170,32,33],"class_list":{"0":"post-121533","1":"post","2":"type-post","3":"status-publish","4":"format-standard","5":"has-post-thumbnail","7":"category-livros","8":"tag-books","9":"tag-entertainment","10":"tag-entretenimento","11":"tag-livros","12":"tag-portugal","13":"tag-pt"},"share_on_mastodon":{"url":"https:\/\/pubeurope.com\/@pt\/115417232603069588","error":""},"_links":{"self":[{"href":"https:\/\/www.europesays.com\/pt\/wp-json\/wp\/v2\/posts\/121533","targetHints":{"allow":["GET"]}}],"collection":[{"href":"https:\/\/www.europesays.com\/pt\/wp-json\/wp\/v2\/posts"}],"about":[{"href":"https:\/\/www.europesays.com\/pt\/wp-json\/wp\/v2\/types\/post"}],"author":[{"embeddable":true,"href":"https:\/\/www.europesays.com\/pt\/wp-json\/wp\/v2\/users\/2"}],"replies":[{"embeddable":true,"href":"https:\/\/www.europesays.com\/pt\/wp-json\/wp\/v2\/comments?post=121533"}],"version-history":[{"count":0,"href":"https:\/\/www.europesays.com\/pt\/wp-json\/wp\/v2\/posts\/121533\/revisions"}],"wp:featuredmedia":[{"embeddable":true,"href":"https:\/\/www.europesays.com\/pt\/wp-json\/wp\/v2\/media\/121534"}],"wp:attachment":[{"href":"https:\/\/www.europesays.com\/pt\/wp-json\/wp\/v2\/media?parent=121533"}],"wp:term":[{"taxonomy":"category","embeddable":true,"href":"https:\/\/www.europesays.com\/pt\/wp-json\/wp\/v2\/categories?post=121533"},{"taxonomy":"post_tag","embeddable":true,"href":"https:\/\/www.europesays.com\/pt\/wp-json\/wp\/v2\/tags?post=121533"}],"curies":[{"name":"wp","href":"https:\/\/api.w.org\/{rel}","templated":true}]}}