{"id":121535,"date":"2025-10-22T09:59:14","date_gmt":"2025-10-22T09:59:14","guid":{"rendered":"https:\/\/www.europesays.com\/pt\/121535\/"},"modified":"2025-10-22T09:59:14","modified_gmt":"2025-10-22T09:59:14","slug":"vem-ai-em-terra-forte-rosa-maria-esta-decidida-e-quer-ir-confrontar-flor-novelas","status":"publish","type":"post","link":"https:\/\/www.europesays.com\/pt\/121535\/","title":{"rendered":"Vem a\u00ed em \u00abTerra Forte\u00bb: Rosa Maria est\u00e1 decidida e quer ir confrontar Flor &#8211; Novelas"},"content":{"rendered":"<p>Em \u00abTerra Forte\u00bb, Sammy (Jos\u00e9 Fidalgo) decide mostrar a Rosa Maria (Cust\u00f3dia Gallego) a fotografia de Flor (Benedita Pereira). Rosa Maria estaca em choque, perguntando a Sammy que brincadeira de mau gosto \u00e9 aquela.<\/p>\n<p>Rosa Maria diz a Sammy ser imposs\u00edvel que aquela mulher seja Flor, que desapareceu h\u00e1 quase vinte anos. Sammy diz haver mais dados relevantes a acrescentar, visto que aquela mulher tamb\u00e9m fez quarenta anos, tal como Flor faria e deu o nome de Rosa \u00e0 filha. Rosa Maria, pressente que aquela mulher \u00e9 Flor e pede-lhe para irem a casa dela.<\/p>\n<p>Rosa Maria e Sammy concordam ter de agir com cautela, precisando de descobrir o que levou Flor a refugiar-se nos A\u00e7ores todos aqueles anos. Rosa Maria fica a olhar ternamente para Rosinha (Francisca Salgado), que estranha.<\/p>\n<p>Sammy insiste com Rosa Maria que a m\u00e3e de Rosinha pode n\u00e3o ser Flor, visto que os Terra Forte tiveram origem nos A\u00e7ores, e pode ser apenas uma prima afastada.\u00a0 Sammy indica que n\u00e3o vai com Rosa Maria confrontar a mulher, por ter casado com Maria de F\u00e1tima (Rita Pereira).<\/p>\n","protected":false},"excerpt":{"rendered":"Em \u00abTerra Forte\u00bb, Sammy (Jos\u00e9 Fidalgo) decide mostrar a Rosa Maria (Cust\u00f3dia Gallego) a fotografia de Flor (Benedita&hellip;\n","protected":false},"author":2,"featured_media":121536,"comment_status":"","ping_status":"","sticky":false,"template":"","format":"standard","meta":{"footnotes":""},"categories":[142],"tags":[160,166,18259,114,115,157,167,27915,164,161,158,165,159,32,33,156,27871,27917,26751,18614,163,151,162],"class_list":{"0":"post-121535","1":"post","2":"type-post","3":"status-publish","4":"format-standard","5":"has-post-thumbnail","7":"category-tv","8":"tag-ana-guiomar","9":"tag-cristina-ferreira","10":"tag-custodia-gallego","11":"tag-entertainment","12":"tag-entretenimento","13":"tag-festa-e-festa","14":"tag-ficcao","15":"tag-francisca-salgado","16":"tag-jose-fidalgo","17":"tag-novelas","18":"tag-para-sempre","19":"tag-pedro-sousa","20":"tag-pedro-teixeira","21":"tag-portugal","22":"tag-pt","23":"tag-queridos-papas","24":"tag-rosa-maria","25":"tag-rosinha","26":"tag-sammy","27":"tag-terra-forte","28":"tag-tiago-teotonio-pereira","29":"tag-tv","30":"tag-tvi"},"share_on_mastodon":{"url":"https:\/\/pubeurope.com\/@pt\/115417236288188201","error":""},"_links":{"self":[{"href":"https:\/\/www.europesays.com\/pt\/wp-json\/wp\/v2\/posts\/121535","targetHints":{"allow":["GET"]}}],"collection":[{"href":"https:\/\/www.europesays.com\/pt\/wp-json\/wp\/v2\/posts"}],"about":[{"href":"https:\/\/www.europesays.com\/pt\/wp-json\/wp\/v2\/types\/post"}],"author":[{"embeddable":true,"href":"https:\/\/www.europesays.com\/pt\/wp-json\/wp\/v2\/users\/2"}],"replies":[{"embeddable":true,"href":"https:\/\/www.europesays.com\/pt\/wp-json\/wp\/v2\/comments?post=121535"}],"version-history":[{"count":0,"href":"https:\/\/www.europesays.com\/pt\/wp-json\/wp\/v2\/posts\/121535\/revisions"}],"wp:featuredmedia":[{"embeddable":true,"href":"https:\/\/www.europesays.com\/pt\/wp-json\/wp\/v2\/media\/121536"}],"wp:attachment":[{"href":"https:\/\/www.europesays.com\/pt\/wp-json\/wp\/v2\/media?parent=121535"}],"wp:term":[{"taxonomy":"category","embeddable":true,"href":"https:\/\/www.europesays.com\/pt\/wp-json\/wp\/v2\/categories?post=121535"},{"taxonomy":"post_tag","embeddable":true,"href":"https:\/\/www.europesays.com\/pt\/wp-json\/wp\/v2\/tags?post=121535"}],"curies":[{"name":"wp","href":"https:\/\/api.w.org\/{rel}","templated":true}]}}