{"id":121539,"date":"2025-10-22T10:02:10","date_gmt":"2025-10-22T10:02:10","guid":{"rendered":"https:\/\/www.europesays.com\/pt\/121539\/"},"modified":"2025-10-22T10:02:10","modified_gmt":"2025-10-22T10:02:10","slug":"jurgen-klopp-revela-o-motivo-por-ter-rejeitado-o-manchester-united","status":"publish","type":"post","link":"https:\/\/www.europesays.com\/pt\/121539\/","title":{"rendered":"Jurgen Klopp revela o motivo por ter rejeitado o Manchester United"},"content":{"rendered":"<p>&#8211; Advertisement &#8211;<\/p>\n<p><strong>Jurgen Klopp revelou o porqu\u00ea de ter rejeitado a oportunidade de treinar o Manchester United. Na altura, o t\u00e9cnico orientava o Borussia Dortmund.<\/strong><\/p>\n<p>Jurgen Klopp rejeitou a oportunidade de treinar o Manchester United e revelou os motivos durante o podcast The Diary Of A CEO, de Steven Bartlett. Na altura, o t\u00e9cnico treinava o <a href=\"https:\/\/bolanarede.pt\/etiqueta\/borussia-dortmund\/\" target=\"_blank\" rel=\"noreferrer noopener nofollow\">Borussia Dortmund<\/a>.<\/p>\n<p>\u00abNo ano em que o Sir Alex Ferguson se reformou, falaram comigo. Claro que estavam interessados em determinado momento. Nessa altura, eu tamb\u00e9m estaria interessado, era jovem e tinha uma equipa sensacional no (Borussia) Dortmund. Provavelmente pensaram, \u00abo que \u00e9 que ele ainda est\u00e1 a fazer l\u00e1 (no Borussia Dortmund)\u00bb, contou.<\/p>\n<p>\u00abO Manchester United tentou (abordar-me). Mas n\u00e3o era o momento certo. Eu tinha contrato com o (Borussia) Dortmund e n\u00e3o sairia por ningu\u00e9m. Eles queriam um novo treinador e eu era uma das poucas op\u00e7\u00f5es, penso eu\u00bb, atirou.<\/p>\n<p>\u00abHouve algumas coisas nas conversas de que n\u00e3o gostei. A ideia era enorme, \u00abtrazemos todos os jogadores que quiseres, compramos este, e aquele, e aquele\u00bb, e eu estava ali a pensar\u2026 isto n\u00e3o \u00e9 o meu tipo de projeto. Era o momento errado, mas acima de tudo n\u00e3o era o meu projeto\u00bb, revelou o t\u00e9cnico alem\u00e3o.<\/p>\n<p>\u00abEu n\u00e3o queria trazer de volta o (Paul) Pogba, ele era um jogador sensacional, mas essas coisas raramente resultam. Ou o Cristiano (Ronaldo), todos sabemos que \u00e9 o melhor jogador do mundo, juntamente com o (Lionel) Messi, mas trazer de volta nunca ajuda\u00bb, disse.<\/p>\n<p>Quando Steven Bartlett quis saber se o estilo de jogo estava em discuss\u00e3o nas conversas iniciais com o <a href=\"https:\/\/bolanarede.pt\/etiqueta\/manchester-united\/\" target=\"_blank\" rel=\"noreferrer noopener nofollow\">Manchester United<\/a>, Jurgen Klopp respondeu:<\/p>\n<p>\u00abN\u00e3o, nada disso. Eu estava ali sentado e pensei: \u00abisto n\u00e3o \u00e9 para mim\u00bb. E depois apareceu o projeto puro do futebol que era o Liverpool\u00bb, concluiu.<\/p>\n","protected":false},"excerpt":{"rendered":"&#8211; Advertisement &#8211; Jurgen Klopp revelou o porqu\u00ea de ter rejeitado a oportunidade de treinar o Manchester United.&hellip;\n","protected":false},"author":2,"featured_media":121540,"comment_status":"","ping_status":"","sticky":false,"template":"","format":"standard","meta":{"footnotes":""},"categories":[87],"tags":[260,28107,135,28108,960,663,32,666,33,134],"class_list":{"0":"post-121539","1":"post","2":"type-post","3":"status-publish","4":"format-standard","5":"has-post-thumbnail","7":"category-desporto","8":"tag-atualidade","9":"tag-borussia-dormund","10":"tag-desporto","11":"tag-jurgen-klopp","12":"tag-liverpool","13":"tag-manchester-united","14":"tag-portugal","15":"tag-premier-league","16":"tag-pt","17":"tag-sports"},"share_on_mastodon":{"url":"https:\/\/pubeurope.com\/@pt\/115417248119177918","error":""},"_links":{"self":[{"href":"https:\/\/www.europesays.com\/pt\/wp-json\/wp\/v2\/posts\/121539","targetHints":{"allow":["GET"]}}],"collection":[{"href":"https:\/\/www.europesays.com\/pt\/wp-json\/wp\/v2\/posts"}],"about":[{"href":"https:\/\/www.europesays.com\/pt\/wp-json\/wp\/v2\/types\/post"}],"author":[{"embeddable":true,"href":"https:\/\/www.europesays.com\/pt\/wp-json\/wp\/v2\/users\/2"}],"replies":[{"embeddable":true,"href":"https:\/\/www.europesays.com\/pt\/wp-json\/wp\/v2\/comments?post=121539"}],"version-history":[{"count":0,"href":"https:\/\/www.europesays.com\/pt\/wp-json\/wp\/v2\/posts\/121539\/revisions"}],"wp:featuredmedia":[{"embeddable":true,"href":"https:\/\/www.europesays.com\/pt\/wp-json\/wp\/v2\/media\/121540"}],"wp:attachment":[{"href":"https:\/\/www.europesays.com\/pt\/wp-json\/wp\/v2\/media?parent=121539"}],"wp:term":[{"taxonomy":"category","embeddable":true,"href":"https:\/\/www.europesays.com\/pt\/wp-json\/wp\/v2\/categories?post=121539"},{"taxonomy":"post_tag","embeddable":true,"href":"https:\/\/www.europesays.com\/pt\/wp-json\/wp\/v2\/tags?post=121539"}],"curies":[{"name":"wp","href":"https:\/\/api.w.org\/{rel}","templated":true}]}}