{"id":121541,"date":"2025-10-22T10:04:11","date_gmt":"2025-10-22T10:04:11","guid":{"rendered":"https:\/\/www.europesays.com\/pt\/121541\/"},"modified":"2025-10-22T10:04:11","modified_gmt":"2025-10-22T10:04:11","slug":"sao-o-pior-povo-e-sabem-disso","status":"publish","type":"post","link":"https:\/\/www.europesays.com\/pt\/121541\/","title":{"rendered":"S\u00e3o o pior povo e sabem disso"},"content":{"rendered":"<p>Ryan Adams\u00a0abandonou, recentemente, dois concertos na Austr\u00e1lia e escreveu, nas redes sociais, que este \u00e9 \u201co pior pa\u00eds de sempre\u201d. \u00a0<\/p>\n<p>De acordo com a imprensa internacional, o artista escreveu, numa publica\u00e7\u00e3o entretanto apagada, o seguinte: \u201cS\u00e3o o pior povo e sabem disso. O melhor que conseguem fazer \u00e9\u00a0copiar os americanos e a cultura do Reino Unido\u201d.\u00a0<\/p>\n<p>Depois, devido \u00e0 rea\u00e7\u00e3o dos f\u00e3s, apagou o texto e escreveu uma nova mensagem, a pedir desculpa.\u00a0\u201cReagi exageradamente a um troll que repetidamente assediou-me e a outras pessoas, em Sydney. Foi um concerto lindo. Foi errado. Eu deveria ter apenas feito a ova\u00e7\u00e3o de p\u00e9. Estamos todos muitos cansados. Viemos aqui porque vos amamos e queremos fazer concertos de tr\u00eas horas para voc\u00eas\u201d.\u00a0<\/p>\n<p>\u201cN\u00e3o quero ser uma dessas pessoas e foi isso que aconteceu. Estou demasiado velho para esta confus\u00e3o. Demasiado cansado. Demasiado apaixonado pela minha vida. Aos meus agentes, \u00e0 minha equipa e aos meus f\u00e3s, pe\u00e7o desculpa\u201d, pode ler-se ainda na mensagem publicada no Instagram. \u00a0<\/p>\n<p>Em causa, diz o m\u00fasico, estiveram os flashes dos telem\u00f3veis. \u201cO que acontece \u00e9 que quando h\u00e1 muitos flashes,\u00a0posso ter uma crise epil\u00e9tica\u00a0e n\u00e3o sei onde estou, n\u00e3o sei o que \u00e9 a minha guitarra e\u00a0entro em p\u00e2nico\u00a0e fico desorientado\u201d.\u00a0<\/p>\n<p>\u201cPara que fique claro. Nos meus espet\u00e1culos,\u00a0n\u00e3o s\u00e3o permitidas fotografias com flash. Porqu\u00ea? Porque\u00a0podem causar-me um ataque ou pior. O Ian dos Joy Division tinha o mesmo problema\u201d, diz. \u00a0<\/p>\n","protected":false},"excerpt":{"rendered":"Ryan Adams\u00a0abandonou, recentemente, dois concertos na Austr\u00e1lia e escreveu, nas redes sociais, que este \u00e9 \u201co pior pa\u00eds&hellip;\n","protected":false},"author":2,"featured_media":121542,"comment_status":"","ping_status":"","sticky":false,"template":"","format":"standard","meta":{"footnotes":""},"categories":[85],"tags":[2337,28109,114,115,150,32,33,28110],"class_list":{"0":"post-121541","1":"post","2":"type-post","3":"status-publish","4":"format-standard","5":"has-post-thumbnail","7":"category-entretenimento","8":"tag-australia","9":"tag-concertos","10":"tag-entertainment","11":"tag-entretenimento","12":"tag-musica","13":"tag-portugal","14":"tag-pt","15":"tag-ryan-adams"},"share_on_mastodon":{"url":"https:\/\/pubeurope.com\/@pt\/115417256087396678","error":""},"_links":{"self":[{"href":"https:\/\/www.europesays.com\/pt\/wp-json\/wp\/v2\/posts\/121541","targetHints":{"allow":["GET"]}}],"collection":[{"href":"https:\/\/www.europesays.com\/pt\/wp-json\/wp\/v2\/posts"}],"about":[{"href":"https:\/\/www.europesays.com\/pt\/wp-json\/wp\/v2\/types\/post"}],"author":[{"embeddable":true,"href":"https:\/\/www.europesays.com\/pt\/wp-json\/wp\/v2\/users\/2"}],"replies":[{"embeddable":true,"href":"https:\/\/www.europesays.com\/pt\/wp-json\/wp\/v2\/comments?post=121541"}],"version-history":[{"count":0,"href":"https:\/\/www.europesays.com\/pt\/wp-json\/wp\/v2\/posts\/121541\/revisions"}],"wp:featuredmedia":[{"embeddable":true,"href":"https:\/\/www.europesays.com\/pt\/wp-json\/wp\/v2\/media\/121542"}],"wp:attachment":[{"href":"https:\/\/www.europesays.com\/pt\/wp-json\/wp\/v2\/media?parent=121541"}],"wp:term":[{"taxonomy":"category","embeddable":true,"href":"https:\/\/www.europesays.com\/pt\/wp-json\/wp\/v2\/categories?post=121541"},{"taxonomy":"post_tag","embeddable":true,"href":"https:\/\/www.europesays.com\/pt\/wp-json\/wp\/v2\/tags?post=121541"}],"curies":[{"name":"wp","href":"https:\/\/api.w.org\/{rel}","templated":true}]}}