{"id":121547,"date":"2025-10-22T10:13:08","date_gmt":"2025-10-22T10:13:08","guid":{"rendered":"https:\/\/www.europesays.com\/pt\/121547\/"},"modified":"2025-10-22T10:13:08","modified_gmt":"2025-10-22T10:13:08","slug":"coisa-de-rico-michel-alcoforado-chega-a-salvador-com-status-de-best-seller","status":"publish","type":"post","link":"https:\/\/www.europesays.com\/pt\/121547\/","title":{"rendered":"Coisa de rico: Michel Alcoforado chega a Salvador com status de best-seller"},"content":{"rendered":"<p>Ele \u00e9 o momento. O carioca <a href=\"https:\/\/www.instagram.com\/michelalcoforado\/\" rel=\"nofollow noopener\" target=\"_blank\"><strong>Michel Alcoforado<\/strong><\/a> \u00e9 dono de um curr\u00edculo acad\u00eamico extenso e invej\u00e1vel, mas tem sido centro dos holofotes por ser o autor de um dos atuais best-sellers do mercado editorial brasileiro:<strong> \u201cCoisa de Rico \u2013 A Vida dos Endinheirados Brasileiros\u201d (Editora Todavia)<\/strong>. Lan\u00e7ado em agosto de 2025, o livro rapidamente se tornou um fen\u00f4meno, permanecendo entre os 10 mais vendidos da Lista Nielsen-PublishNews de Mais Vendidos de N\u00e3o Fic\u00e7\u00e3o Trade at\u00e9 a semana passada. Agora, a convite do <strong>Al\u00f4 Al\u00f4 Bahia<\/strong>, o antrop\u00f3logo e escritor finalmente<strong> chega a Salvador<\/strong> no pr\u00f3ximo dia 6 de novembro para tamb\u00e9m lan\u00e7ar aqui esse que \u00e9 um dos t\u00edtulos mais procurados do pa\u00eds.<\/p>\n<p>A obra \u00e9 fruto de uma pesquisa de longa data do autor. Reconhecido como o<strong> \u201cantrop\u00f3logo do luxo\u201d<\/strong>, Alcoforado passou 15 anos pesquisando o comportamento da <strong>elite brasileira<\/strong>, observando de perto como ela vive, consome e se comunica. Para ele, \u201cos ricos brasileiros n\u00e3o constroem v\u00ednculos de solidariedade com a sociedade\u201d, tendo seus ganhos mais referenciados \u00e0 fam\u00edlia, \u00e0 heran\u00e7a.<\/p>\n<blockquote class=\"instagram-media\" style=\"background: #FFF; border: 0; border-radius: 3px; box-shadow: 0 0 1px 0 rgba(0,0,0,0.5),0 1px 10px 0 rgba(0,0,0,0.15); margin: 1px; max-width: 540px; min-width: 326px; padding: 0; width: calc(100% - 2px);\" data-instgrm-captioned=\"\" data-instgrm-permalink=\"https:\/\/www.instagram.com\/reel\/DMiBUxbOF2d\/?utm_source=ig_embed&amp;utm_campaign=loading\" data-instgrm-version=\"14\">\n<\/blockquote>\n<p>Em \u201cCoisa de rico\u201d, Michel reflete sobre essa parcela da sociedade como reflex\u00e3o sobre o pr\u00f3prio Brasil, onde o desejo de ascens\u00e3o e o fasc\u00ednio pelo luxo moldam comportamentos, valores, aspira\u00e7\u00f5es e a necessidade de ostenta\u00e7\u00e3o de consumo. Atrav\u00e9s de uma escrita envolvente, resultado de olhar sens\u00edvel de homem negro da Zona Norte do Rio de Janeiro, Alcoforado prop\u00f5e uma reflex\u00e3o sobre o que significa ser rico no Brasil contempor\u00e2neo: a<strong> performance e o dom\u00ednio de c\u00f3digos e pertencimento social que v\u00e3o muito al\u00e9m da renda<\/strong>.<\/p>\n<p>Mas ao passo em que o mercado de luxo enfrenta uma crise global por n\u00e3o ser mais exclusividade do topo dessa pir\u00e2mide, o luxo, segundo Michel, segue a tend\u00eancia de ser algo dos_ low profiles_. Para ele, o rico que \u00e9 rico de verdade, sente que n\u00e3o precisa se mostrar para a massa. A diferencia\u00e7\u00e3o dessa pessoa est\u00e1 na roupa simples, na vida discreta, que pode at\u00e9 assoprar simplicidade, mas que na verdade grita um sinal de domina\u00e7\u00e3o de classe, j\u00e1 que eles n\u00e3o precisam perder tempo com algo que os emergentes precisam para se autoafirmarem.<\/p>\n<blockquote class=\"instagram-media\" style=\"background: #FFF; border: 0; border-radius: 3px; box-shadow: 0 0 1px 0 rgba(0,0,0,0.5),0 1px 10px 0 rgba(0,0,0,0.15); margin: 1px; max-width: 540px; min-width: 326px; padding: 0; width: calc(100% - 2px);\" data-instgrm-captioned=\"\" data-instgrm-permalink=\"https:\/\/www.instagram.com\/p\/DOy3EcVCffB\/?utm_source=ig_embed&amp;utm_campaign=loading\" data-instgrm-version=\"14\">\n<\/blockquote>\n<p><strong>\u201cPra ser aceito, eu preciso ser embranquecido\u201d<\/strong><\/p>\n<p>PhD em Antropologia do Consumo, com forma\u00e7\u00e3o internacional pela University of British Columbia (Canad\u00e1) e Berlin School of Creative Leadership (Alemanha), Michel tem tamb\u00e9m especializa\u00e7\u00f5es em Comunica\u00e7\u00e3o e Gest\u00e3o de Marcas de Luxo. Durante o estudo que gerou o livro, o antrop\u00f3logo circulou em ambientes caros \u00e0 alta sociedade e mesmo tendo tr\u00e2nsito entre seus grandes sobrenomes, a todo momento era lembrado de que n\u00e3o pertencia \u00e0quele meti\u00ea.<\/p>\n<blockquote class=\"instagram-media\" style=\"background: #FFF; border: 0; border-radius: 3px; box-shadow: 0 0 1px 0 rgba(0,0,0,0.5),0 1px 10px 0 rgba(0,0,0,0.15); margin: 1px; max-width: 540px; min-width: 326px; padding: 0; width: calc(100% - 2px);\" data-instgrm-captioned=\"\" data-instgrm-permalink=\"https:\/\/www.instagram.com\/p\/DPwPBcIjsCW\/?utm_source=ig_embed&amp;utm_campaign=loading\" data-instgrm-version=\"14\">\n<\/blockquote>\n<p>\u201cNada apaga a ra\u00e7a\u201d, disse Michel em entrevista ao apresentador Pedro Bial. \u201cH\u00e1 um esfor\u00e7o moment\u00e2neo de tentar me embranquecer. E a\u00ed \u00e9 interessant\u00edssimo porque pra ser aceito, eu preciso ser embranquecido. [\u2026] Mas isso se dissolve na hora em que eu levanto da mesa do restaurante chique e vou ao banheiro. Porque a\u00ed me perguntam onde fica a cozinha, o que t\u00e1 bom de se comer naquele dia, onde o carro est\u00e1 sendo estacionado. Nada apaga o racismo no Brasil\u201d, atesta.<\/p>\n<blockquote class=\"instagram-media\" style=\"background: #FFF; border: 0; border-radius: 3px; box-shadow: 0 0 1px 0 rgba(0,0,0,0.5),0 1px 10px 0 rgba(0,0,0,0.15); margin: 1px; max-width: 540px; min-width: 326px; padding: 0; width: calc(100% - 2px);\" data-instgrm-captioned=\"\" data-instgrm-permalink=\"https:\/\/www.instagram.com\/reel\/DP1Ymnujty0\/?utm_source=ig_embed&amp;utm_campaign=loading\" data-instgrm-version=\"14\">\n<\/blockquote>\n<p>\u00a0<\/p>\n<p>\t\t\t\t<script async src=\"\/\/www.instagram.com\/embed.js\"><\/script><\/p>\n","protected":false},"excerpt":{"rendered":"Ele \u00e9 o momento. O carioca Michel Alcoforado \u00e9 dono de um curr\u00edculo acad\u00eamico extenso e invej\u00e1vel, mas&hellip;\n","protected":false},"author":2,"featured_media":121548,"comment_status":"","ping_status":"","sticky":false,"template":"","format":"standard","meta":{"footnotes":""},"categories":[143],"tags":[169,114,115,170,32,33],"class_list":{"0":"post-121547","1":"post","2":"type-post","3":"status-publish","4":"format-standard","5":"has-post-thumbnail","7":"category-livros","8":"tag-books","9":"tag-entertainment","10":"tag-entretenimento","11":"tag-livros","12":"tag-portugal","13":"tag-pt"},"share_on_mastodon":{"url":"https:\/\/pubeurope.com\/@pt\/115417291429400715","error":""},"_links":{"self":[{"href":"https:\/\/www.europesays.com\/pt\/wp-json\/wp\/v2\/posts\/121547","targetHints":{"allow":["GET"]}}],"collection":[{"href":"https:\/\/www.europesays.com\/pt\/wp-json\/wp\/v2\/posts"}],"about":[{"href":"https:\/\/www.europesays.com\/pt\/wp-json\/wp\/v2\/types\/post"}],"author":[{"embeddable":true,"href":"https:\/\/www.europesays.com\/pt\/wp-json\/wp\/v2\/users\/2"}],"replies":[{"embeddable":true,"href":"https:\/\/www.europesays.com\/pt\/wp-json\/wp\/v2\/comments?post=121547"}],"version-history":[{"count":0,"href":"https:\/\/www.europesays.com\/pt\/wp-json\/wp\/v2\/posts\/121547\/revisions"}],"wp:featuredmedia":[{"embeddable":true,"href":"https:\/\/www.europesays.com\/pt\/wp-json\/wp\/v2\/media\/121548"}],"wp:attachment":[{"href":"https:\/\/www.europesays.com\/pt\/wp-json\/wp\/v2\/media?parent=121547"}],"wp:term":[{"taxonomy":"category","embeddable":true,"href":"https:\/\/www.europesays.com\/pt\/wp-json\/wp\/v2\/categories?post=121547"},{"taxonomy":"post_tag","embeddable":true,"href":"https:\/\/www.europesays.com\/pt\/wp-json\/wp\/v2\/tags?post=121547"}],"curies":[{"name":"wp","href":"https:\/\/api.w.org\/{rel}","templated":true}]}}