{"id":121560,"date":"2025-10-22T10:32:53","date_gmt":"2025-10-22T10:32:53","guid":{"rendered":"https:\/\/www.europesays.com\/pt\/121560\/"},"modified":"2025-10-22T10:32:53","modified_gmt":"2025-10-22T10:32:53","slug":"memorias-de-martha-resumo-e-analise-da-obra-de-julia-lopes-de-almeida","status":"publish","type":"post","link":"https:\/\/www.europesays.com\/pt\/121560\/","title":{"rendered":"\u201cMem\u00f3rias de Martha\u201d: resumo e an\u00e1lise da obra de J\u00falia Lopes de Almeida"},"content":{"rendered":"<p>\u201c<strong>Mem\u00f3rias de Martha<\/strong>\u201c, de <strong>J\u00falia Lopes de Almeida<\/strong>, foi uma das obras adicionadas \u00e0 <a href=\"https:\/\/guiadoestudante.abril.com.br\/universidades\/fuvest-2026-veja-nova-lista-de-livros-obrigatorios-so-com-mulheres\/\" target=\"_blank\" rel=\"noopener nofollow\">lista de leituras obrigat\u00f3rias da <strong>Fuvest 2026<\/strong><\/a>, vestibular para ingresso na <a href=\"https:\/\/guiadoestudante.abril.com.br\/tudo-sobre\/universidade-de-sao-paulo-usp\/\" target=\"_blank\" rel=\"noopener nofollow\">Universidade de S\u00e3o Paulo (USP)<\/a>. O livro transporta o leitor diretamente para dentro da mente de uma mulher no Brasil do s\u00e9culo 19, que reconta as mem\u00f3rias da pr\u00f3pria vida ao passar por todos os eventos e experi\u00eancias que a fizeram ser quem ela \u00e9.<\/p>\n<p>Para explicar a relev\u00e2ncia desta obra publicada pela primeira vez em 1899, mas que aborda temas bem contempor\u00e2neos \u2013 como desigualdade social, maternidade solo, machismo estrutural e o papel da educa\u00e7\u00e3o em vidas marginalizadas \u2013, o GUIA DO ESTUDANTE traz abaixo um <strong>resumo<\/strong> do livro, al\u00e9m de uma <strong>an\u00e1lise<\/strong> dos principais aspectos da narrativa. Para isso, contamos com a ajuda de <strong>Renata Maia<\/strong>, professora de Literatura do Poliedro Col\u00e9gio.\u00a0<\/p>\n<p>Confira!<\/p>\n<p><a href=\"https:\/\/guiadoestudante.abril.com.br\/universidades\/fuvest-entenda-os-tipos-de-questoes-sobre-os-livros-obrigatorios\/\" target=\"_blank\" rel=\"noopener nofollow\"><strong>+ Fuvest: entenda os tipos de quest\u00f5es sobre os livros obrigat\u00f3rios<\/strong><\/a><\/p>\n<p>Newsletter<\/p>\n<p>\n\t\t        \t\tResumos de atualidades, calend\u00e1rios de provas, dicas de estudo e muito mais! <strong>  Inscreva-se aqui<\/strong> para receber a nossa newsletter\n\t\t      \t\t<\/p>\n<p>\t\t\t\t\t\tCadastro efetuado com sucesso!<\/p>\n<p>Voc\u00ea receber\u00e1 nossa newsletter em breve!<\/p>\n<p>\t\t\t<a class=\"whatsapp-news-single\" href=\"https:\/\/www.whatsapp.com\/channel\/0029Va4rha5DDmFWOGy7pO1p\" target=\"_blank\" rel=\"nofollow noopener\">Clique aqui para entrar em nosso canal no WhatsApp<\/a><\/p>\n<p>A hist\u00f3ria de Mem\u00f3rias de Martha<\/p>\n<p data-start=\"160\" data-end=\"543\">O enredo acompanha a trajet\u00f3ria de Martha, uma jovem cuja vida muda completamente ap\u00f3s a morte do pai, acusado injustamente de roubo pelos patr\u00f5es. Sem recursos financeiros e com a reputa\u00e7\u00e3o da fam\u00edlia comprometida, a m\u00e3e assume a lideran\u00e7a do lar, passa a trabalhar como engomadeira e costureira e se muda com a filha para um corti\u00e7o no bairro de S\u00e3o Crist\u00f3v\u00e3o, no <a href=\"https:\/\/guiadoestudante.abril.com.br\/universidades\/dez-momentos-marcantes-da-historia-do-rio-de-janeiro\/\" target=\"_blank\" rel=\"noopener nofollow\">Rio de Janeiro<\/a>.<\/p>\n<p data-start=\"545\" data-end=\"908\">Nesse novo cen\u00e1rio, Martha se depara com a fome, a <a href=\"https:\/\/guiadoestudante.abril.com.br\/coluna\/atualidades-vestibular\/desigualdades-sociais-entenda-como-surgem-e-por-que-elas-se-perpetuam\/\" target=\"_blank\" rel=\"noopener nofollow\">desigualdade social<\/a> e as dificuldades enfrentadas diariamente pelos moradores da periferia. A chance de estudar em uma escola de qualidade surge como uma possibilidade de mudan\u00e7a. \u00c9 na escola que ela descobre o desejo de ser <a href=\"https:\/\/guiadoestudante.abril.com.br\/tudo-sobre\/professora\/\" target=\"_blank\" rel=\"noopener nofollow\">professora<\/a> e passa a enxergar na Educa\u00e7\u00e3o uma forma de transformar sua vida e a da m\u00e3e.<\/p>\n<p>    Continua ap\u00f3s a publicidade<\/p>\n<p data-start=\"910\" data-end=\"1246\">A <a href=\"https:\/\/guiadoestudante.abril.com.br\/tudo-sobre\/escolas\/\" target=\"_blank\" rel=\"noopener nofollow\">escola<\/a>, ent\u00e3o, abre novos caminhos. Martha sai do corti\u00e7o, come\u00e7a a circular por outros ambientes sociais e vive experi\u00eancias importantes, como o primeiro amor, a primeira desilus\u00e3o e a percep\u00e7\u00e3o de que, mesmo com certa ascens\u00e3o social, sua origem humilde ainda representa uma barreira no relacionamento com pessoas de outras classes.<\/p>\n<p data-start=\"1248\" data-end=\"1677\">Depois de uma viagem em que percebe as limita\u00e7\u00f5es impostas por sua condi\u00e7\u00e3o de origem, Martha decide se casar com Miranda. A escolha, em parte, atende ao desejo da m\u00e3e, preocupada com o julgamento social que a filha poderia sofrer por permanecer solteira. Mas logo o casamento se mostra vazio e uma pris\u00e3o social.<\/p>\n<p data-start=\"1248\" data-end=\"1677\">Enquanto continua sua carreira como professora, Martha mant\u00e9m a f\u00e9 na <a href=\"https:\/\/guiadoestudante.abril.com.br\/tudo-sobre\/educacao\/\" target=\"_blank\" rel=\"noopener nofollow\">Educa\u00e7\u00e3o<\/a> como caminho, mas enfrenta a dura realidade brasileira: m\u00e9rito e esfor\u00e7o nem sempre garantem sucesso, j\u00e1 que o sistema privilegia quem tem conex\u00f5es e sabe pedir favores.<\/p>\n<p data-start=\"1248\" data-end=\"1677\">\u201cSuas mem\u00f3rias, escritas j\u00e1 na maturidade, n\u00e3o s\u00e3o s\u00f3 um desabafo pessoal, mas uma cr\u00edtica sens\u00edvel e firme \u00e0 hipocrisia de uma sociedade que valoriza o discurso do esfor\u00e7o individual, mas funciona \u00e0 base de compadrio\u201d, elabora Renata Maia.<\/p>\n<p><a href=\"https:\/\/guiadoestudante.abril.com.br\/estudo\/como-deveria-ser-a-escola-segundo-paulo-freire\/\" target=\"_blank\" rel=\"noopener nofollow\">+ Como deveria ser a escola, segundo Paulo Freire<\/a><\/p>\n<p>    Continua ap\u00f3s a publicidade<\/p>\n<p>O narrador de Mem\u00f3rias de Martha<\/p>\n<p data-start=\"84\" data-end=\"365\">Ao longo do livro, \u00e9 a pr\u00f3pria Martha quem revisita suas mem\u00f3rias e nos conta sua vida, alternando lembran\u00e7as da <a href=\"https:\/\/guiadoestudante.abril.com.br\/tudo-sobre\/infancia\/\" target=\"_blank\" rel=\"noopener nofollow\">inf\u00e2ncia<\/a> com reflex\u00f5es mais maduras.<\/p>\n<p data-start=\"84\" data-end=\"365\">A escolha da narrativa em primeira pessoa, na forma de um narrador personagem, d\u00e1 ao romance um tom \u00edntimo e sens\u00edvel, aproximando o leitor da trajet\u00f3ria dessa mulher.<\/p>\n<p data-start=\"723\" data-end=\"1081\">Em passagens pontuais a vers\u00e3o adulta de Martha interv\u00e9m e compartilha percep\u00e7\u00f5es que s\u00f3 foram poss\u00edveis com o tempo. Um exemplo \u00e9 a cena em que v\u00ea a m\u00e3e se esconder, envergonhada, ao cruzar com uma antiga amiga da <a href=\"https:\/\/guiadoestudante.abril.com.br\/tudo-sobre\/familia\/\" target=\"_blank\" rel=\"noopener nofollow\">fam\u00edlia<\/a>. A compreens\u00e3o desse gesto s\u00f3 se completa anos depois, quando Martha entende com mais clareza o peso da humilha\u00e7\u00e3o vivida.<\/p>\n<p data-start=\"723\" data-end=\"1081\">\u201cA dor da pobreza, a opress\u00e3o do casamento, a perda da m\u00e3e, tudo ganha uma dimens\u00e3o mais humana e complexa quando contado por quem viveu\u201d, elabora Renata.\u00a0 A professora defende que \u201ca primeira pessoa faz com que Martha n\u00e3o seja apenas uma personagem \u2014 ela se torna uma voz real, viva, que nos convida a refletir sobre as estruturas sociais e sobre a for\u00e7a de resistir escrevendo.\u201d<\/p>\n<p><a href=\"https:\/\/guiadoestudante.abril.com.br\/atualidades\/aporofobia-a-aversao-aos-pobres-e-seus-efeitos-na-sociedade\/\" target=\"_blank\" rel=\"noopener nofollow\">+ Aporofobia: a avers\u00e3o aos pobres e seus efeitos na sociedade<\/a><\/p>\n<p>    Continua ap\u00f3s a publicidade<\/p>\n<p>O tempo e espa\u00e7o da obra<\/p>\n<p data-start=\"79\" data-end=\"211\">O <a href=\"https:\/\/guiadoestudante.abril.com.br\/tudo-sobre\/romance\/\" target=\"_blank\" rel=\"noopener nofollow\">romance<\/a> foi publicado pela primeira vez em 1899, em formato de folhetim, com cap\u00edtulos lan\u00e7ados aos poucos em jornais e revistas. O Brasil passava pelo per\u00edodo da Rep\u00fablica Velha, que se estendeu de 1889 a 1930 e teve ao todo 12 presidentes. <\/p>\n<p data-start=\"79\" data-end=\"211\">Tamb\u00e9m foi nessa \u00e9poca que aconteceu a famosa <a href=\"https:\/\/guiadoestudante.abril.com.br\/curso-enem\/republica-oligarquica-minas-gerais-e-sao-paulo-dao-as-cartas\/\" target=\"_blank\" rel=\"noopener nofollow\">\u201cpol\u00edtica do caf\u00e9 com leite\u201d<\/a>, quando os presidentes do Brasil revezavam-se entre S\u00e3o Paulo (grande produtora de caf\u00e9) e Minas Gerais (grande produtora de leite).\u00a0<\/p>\n<p data-start=\"79\" data-end=\"211\">Em 1899, o governante do pa\u00eds era Campos Sales. Neste momento, quem tinha mais poder eram os pequenos grupos chamados de <a href=\"https:\/\/guiadoestudante.abril.com.br\/estudo\/conheca-os-12-presidentes-da-republica-oligarquica-no-brasil\/\" target=\"_blank\" rel=\"noopener nofollow\">oligarquias<\/a>, associadas principalmente \u00e0 agricultura e \u00e0 pecu\u00e1ria.\u00a0<\/p>\n<p data-start=\"79\" data-end=\"211\">No Rio de Janeiro, capital do pa\u00eds, os corti\u00e7os destacavam-se na paisagem urbana. Eram habita\u00e7\u00f5es coletivas para os mais pobres que chegavam nos grandes centros urbanos em busca de <a href=\"https:\/\/guiadoestudante.abril.com.br\/tudo-sobre\/trabalho\/\" target=\"_blank\" rel=\"noopener nofollow\">trabalho<\/a>, mas n\u00e3o tinham dinheiro para os alugu\u00e9is elevados. A falta de privacidade e a superlota\u00e7\u00e3o eram caracter\u00edsticas marcantes desse tipo de local.\u00a0<\/p>\n<p><a href=\"https:\/\/guiadoestudante.abril.com.br\/estudo\/resumo-de-portugues-tempos-verbais\/\" target=\"_blank\" rel=\"noopener nofollow\">+ Resumo de portugu\u00eas: Tempos Verbais<\/a><\/p>\n<p>    Continua ap\u00f3s a publicidade<\/p>\n<p>Os personagens de Mem\u00f3rias de Martha<\/p>\n<ul>\n<li data-start=\"1474\" data-end=\"1841\"><strong>Martha<\/strong>: personagem principal e narradora;<\/li>\n<li data-start=\"1474\" data-end=\"1841\"><strong>Martha:<\/strong> m\u00e3e de Martha. Sua for\u00e7a, seu esfor\u00e7o para sustentar a casa e sua constante preocupa\u00e7\u00e3o com a reputa\u00e7\u00e3o da filha refletem o peso das expectativas sociais sobre as mulheres pobres no final do s\u00e9culo 19;<\/li>\n<li data-start=\"1474\" data-end=\"1841\"><strong>Miranda:<\/strong> cliente da m\u00e3e e homem com quem Martha acaba se casando. Ele se interessa por ela a partir da leitura de suas cartas e representa uma figura de estabilidade, al\u00e9m da possibilidade de ascens\u00e3o social;<\/li>\n<li data-start=\"1474\" data-end=\"1841\"><strong>Dona Aninha:<\/strong> professora que percebe o potencial de Martha. \u00c9 ela quem incentiva a jovem nos estudos e abre as portas para uma nova realidade;<\/li>\n<li data-start=\"1474\" data-end=\"1841\"><strong>Luis:<\/strong> primo da professora Aninha, personagem por quem Martha se apaixona durante uma temporada de f\u00e9rias. Ele simboliza o amor idealizado, mas n\u00e3o correspondido, funcionando como contraponto a Miranda. A rela\u00e7\u00e3o entre os dois destaca a dist\u00e2ncia entre o desejo pessoal e as conven\u00e7\u00f5es sociais, evidenciada pelas diferen\u00e7as de classe e temperamento que os separam.<\/li>\n<\/ul>\n<p><a href=\"https:\/\/guiadoestudante.abril.com.br\/estudo\/opusculo-humanitario-resumo-da-obra-de-nisia-floresta\/\" target=\"_blank\" rel=\"noopener nofollow\">+ \u201cOp\u00fasculo Humanit\u00e1rio\u201d: resumo e an\u00e1lise da obra de N\u00edsia Floresta<\/a><\/p>\n<p>As mensagens do livro<\/p>\n<p>\u201cJ\u00falia Lopes de Almeida constr\u00f3i uma protagonista que vive na pele as contradi\u00e7\u00f5es do <a href=\"https:\/\/guiadoestudante.abril.com.br\/tudo-sobre\/brasil\/\" target=\"_blank\" rel=\"noopener nofollow\">Brasil<\/a> do s\u00e9culo 19, revelando como a mulher pobre era empurrada para papeis limitados e invisibilizada nas estruturas de poder\u201d, avalia a professora do Poliedro.<\/p>\n<p data-start=\"117\" data-end=\"476\">Assim, um dos temas centrais do romance \u00e9 a cr\u00edtica \u00e0s estruturas sociais que mant\u00eam a desigualdade no Brasil, mesmo quando pessoas de origem humilde conseguem ascender por meio do <a href=\"https:\/\/guiadoestudante.abril.com.br\/tudo-sobre\/mercado-de-trabalho\/\" target=\"_blank\" rel=\"noopener nofollow\">trabalho<\/a> e da educa\u00e7\u00e3o. J\u00falia Lopes de Almeida mostra o impacto dessa desigualdade na vida das fam\u00edlias mais pobres, convidando o leitor a enxergar uma realidade muitas vezes invis\u00edvel.<\/p>\n<p data-start=\"478\" data-end=\"847\">A inf\u00e2ncia de Martha no corti\u00e7o \u00e9 contrastada com a vida de <a href=\"https:\/\/guiadoestudante.abril.com.br\/estudo\/as-meninas-resumo-e-analise-do-livro-de-lygia-fagundes-telles\/\" target=\"_blank\" rel=\"noopener nofollow\">meninas<\/a> de classes mais altas, como Lucinda, que tem acesso a aulas de piano, brinquedos e roupas novas. Enquanto isso, Martha e a m\u00e3e sobrevivem com ajuda de doa\u00e7\u00f5es e refei\u00e7\u00f5es simples. O corti\u00e7o, um ambiente prec\u00e1rio e insalubre comum no s\u00e9culo 19, representa o lugar de origem dif\u00edcil da protagonista.<\/p>\n<p>    Continua ap\u00f3s a publicidade<\/p>\n<p data-start=\"849\" data-end=\"1147\">O romance ent\u00e3o estabelece um contraste forte entre o corti\u00e7o, marcado pela pobreza e viol\u00eancia, e a escola, que surge como um espa\u00e7o <a href=\"https:\/\/guiadoestudante.abril.com.br\/estudo\/6-macetes-para-ser-mais-produtivo-e-organizado-em-2025\/\" target=\"_blank\" rel=\"noopener nofollow\">organizado<\/a> e iluminado, s\u00edmbolo da oportunidade e transforma\u00e7\u00e3o para Martha.<\/p>\n<p data-start=\"1695\" data-end=\"1944\">Al\u00e9m disso, a narrativa traz uma reflex\u00e3o sobre <a href=\"https:\/\/guiadoestudante.abril.com.br\/atualidades\/cinco-fatos-sobre-a-saude-mental-dos-estudantes-apos-a-pandemia\/\" target=\"_blank\" rel=\"noopener nofollow\">sa\u00fade mental<\/a>. Martha se revela uma personagem melanc\u00f3lica e pessimista, sempre atenta \u00e0s trag\u00e9dias poss\u00edveis, o que sugere como a desigualdade social tamb\u00e9m afeta o equil\u00edbrio emocional dos indiv\u00edduos.<\/p>\n<p data-start=\"1692\" data-end=\"1949\">\u201cJ\u00falia Lopes de Almeida denuncia, sem panfletos, o quanto esse sistema sufoca os desejos, a liberdade e o pensamento cr\u00edtico das mulheres.\u201d, conclui a professora.<\/p>\n<p data-start=\"1692\" data-end=\"1949\"><a href=\"https:\/\/guiadoestudante.abril.com.br\/estudo\/o-cortico-resumo-da-obra-de-aluisio-de-azevedo\/\" target=\"_blank\" rel=\"noopener nofollow\"><strong>+ \u2018O Corti\u00e7o\u2019 \u2013 Resumo da obra de Alu\u00edsio Azevedo<\/strong><\/a><\/p>\n<p>A autora<\/p>\n<p>J\u00falia Lopes de Almeida foi uma escritora e estudiosa brasileira. Nasceu no Rio de Janeiro em 1862. Filha de portugueses emigrados, cultos e ricos, teve uma educa\u00e7\u00e3o sofisticada e liberal. <\/p>\n<p>Seu primeiro livro foi um volume de contos, Tra\u00e7os e iluminuras, publicado autonomamente em Portugal, em 1887. Mem\u00f3rias de Marta foi sua estreia no g\u00eanero romance e lan\u00e7ado em 1889, em S\u00e3o Paulo. <\/p>\n<p>O nome da autora foi cogitado para figurar na lista de membros fundadores da Academia Brasileira de Letras (1897), mas, com o intuito de manter a Academia exclusivamente masculina, ela foi preterida em favor do marido, o poeta Filinto de Almeida. Faleceu em 1934, v\u00edtima de mal\u00e1ria.<\/p>\n<p><strong><a href=\"https:\/\/whatsapp.com\/channel\/0029Va4rha5DDmFWOGy7pO1p\" rel=\"nofollow noopener\" target=\"_blank\">Entre no canal do GUIA no WhatsApp e receba conte\u00fados de estudo, reda\u00e7\u00e3o e atualidades no seu celular!<\/a><\/strong><\/p>\n<p>Compartilhe essa mat\u00e9ria via:<\/p>\n<p>\u00a0<strong>Prepare-se para o <a href=\"https:\/\/guiadoestudante.abril.com.br\/enem\/\" rel=\"nofollow noopener\" target=\"_blank\">Enem<\/a> sem sair de casa. Assine o\u00a0<a href=\"https:\/\/guiadoestudante.abril.com.br\/curso-enem-play\/\" target=\"_blank\" rel=\"noopener nofollow\" data-saferedirecturl=\"https:\/\/www.google.com\/url?q=https:\/\/guiadoestudante.abril.com.br\/curso-enem-play\/&amp;source=gmail&amp;ust=1677599381446000&amp;usg=AOvVaw1UZZhS1tluJehQ_o7GKVie\">Curso GUIA DO ESTUDANTE ENEM <\/a>e tenha acesso a todas as provas do Enem para fazer online e mais de 180 videoaulas com professores do Poliedro, recordista de aprova\u00e7\u00e3o nas universidades mais concorridas do pa\u00eds.<\/strong> <\/p>\n","protected":false},"excerpt":{"rendered":"\u201cMem\u00f3rias de Martha\u201c, de J\u00falia Lopes de Almeida, foi uma das obras adicionadas \u00e0 lista de leituras obrigat\u00f3rias&hellip;\n","protected":false},"author":2,"featured_media":121561,"comment_status":"","ping_status":"","sticky":false,"template":"","format":"standard","meta":{"footnotes":""},"categories":[143],"tags":[169,114,115,170,32,33],"class_list":{"0":"post-121560","1":"post","2":"type-post","3":"status-publish","4":"format-standard","5":"has-post-thumbnail","7":"category-livros","8":"tag-books","9":"tag-entertainment","10":"tag-entretenimento","11":"tag-livros","12":"tag-portugal","13":"tag-pt"},"share_on_mastodon":{"url":"https:\/\/pubeurope.com\/@pt\/115417370284798790","error":""},"_links":{"self":[{"href":"https:\/\/www.europesays.com\/pt\/wp-json\/wp\/v2\/posts\/121560","targetHints":{"allow":["GET"]}}],"collection":[{"href":"https:\/\/www.europesays.com\/pt\/wp-json\/wp\/v2\/posts"}],"about":[{"href":"https:\/\/www.europesays.com\/pt\/wp-json\/wp\/v2\/types\/post"}],"author":[{"embeddable":true,"href":"https:\/\/www.europesays.com\/pt\/wp-json\/wp\/v2\/users\/2"}],"replies":[{"embeddable":true,"href":"https:\/\/www.europesays.com\/pt\/wp-json\/wp\/v2\/comments?post=121560"}],"version-history":[{"count":0,"href":"https:\/\/www.europesays.com\/pt\/wp-json\/wp\/v2\/posts\/121560\/revisions"}],"wp:featuredmedia":[{"embeddable":true,"href":"https:\/\/www.europesays.com\/pt\/wp-json\/wp\/v2\/media\/121561"}],"wp:attachment":[{"href":"https:\/\/www.europesays.com\/pt\/wp-json\/wp\/v2\/media?parent=121560"}],"wp:term":[{"taxonomy":"category","embeddable":true,"href":"https:\/\/www.europesays.com\/pt\/wp-json\/wp\/v2\/categories?post=121560"},{"taxonomy":"post_tag","embeddable":true,"href":"https:\/\/www.europesays.com\/pt\/wp-json\/wp\/v2\/tags?post=121560"}],"curies":[{"name":"wp","href":"https:\/\/api.w.org\/{rel}","templated":true}]}}