{"id":121575,"date":"2025-10-22T10:38:33","date_gmt":"2025-10-22T10:38:33","guid":{"rendered":"https:\/\/www.europesays.com\/pt\/121575\/"},"modified":"2025-10-22T10:38:33","modified_gmt":"2025-10-22T10:38:33","slug":"familia-de-bruno-emite-comunicado-apos-polemica-com-vera","status":"publish","type":"post","link":"https:\/\/www.europesays.com\/pt\/121575\/","title":{"rendered":"Fam\u00edlia de Bruno emite comunicado ap\u00f3s pol\u00e9mica com Vera"},"content":{"rendered":"<p>\t\t\t\t\t\t\t\t\t\t\t\t<a href=\"#\" onclick=\"window.open('http:\/\/www.facebook.com\/sharer.php?u=https:\/\/cusquices.com\/familia-de-bruno-emite-comunicado-apos-polemica-com-vera\/&amp;t=Fam\u00edlia de Bruno emite comunicado ap\u00f3s pol\u00e9mica com Vera', 'facebookShare', 'width=626,height=436'); return false;\" title=\"Share on Facebook\"><\/p>\n<p>Share<\/p>\n<p><\/a><br \/>\n\t\t\t\t\t\t\t\t\t\t\t\t<a href=\"#\" onclick=\"window.open('http:\/\/twitter.com\/share?text=Fam\u00edlia de Bruno emite comunicado ap\u00f3s pol\u00e9mica com Vera -&amp;url=https:\/\/cusquices.com\/familia-de-bruno-emite-comunicado-apos-polemica-com-vera\/', 'twitterShare', 'width=626,height=436'); return false;\" title=\"Tweet This Post\"><\/p>\n<p>Tweet<\/p>\n<p><\/a><br \/>\n\t\t\t\t\t\t\t\t\t\t\t\t<a href=\"whatsapp:\/\/send?text=Fam\u00edlia de Bruno emite comunicado ap\u00f3s pol\u00e9mica com Vera https:\/\/cusquices.com\/familia-de-bruno-emite-comunicado-apos-polemica-com-vera\/\" rel=\"nofollow\"><\/p>\n<p>Share<\/p>\n<p><\/a><br \/>\n\t\t\t\t\t\t\t\t\t\t\t\t<a href=\"#\" onclick=\"window.open('http:\/\/pinterest.com\/pin\/create\/button\/?url=https:\/\/cusquices.com\/familia-de-bruno-emite-comunicado-apos-polemica-com-vera\/&amp;media=https:\/\/cusquices.com\/wp-content\/uploads\/2025\/09\/bruno-sstvi-1-1000x600.jpg&amp;description=Fam\u00edlia de Bruno emite comunicado ap\u00f3s pol\u00e9mica com Vera', 'pinterestShare', 'width=750,height=350'); return false;\" title=\"Pin This Post\"><\/p>\n<p>Share<\/p>\n<p><\/a><br \/>\n\t\t\t\t\t\t\t\t\t\t\t\t<a href=\"mailto:?subject=Fam\u00edlia de Bruno emite comunicado ap\u00f3s pol\u00e9mica com Vera&amp;BODY=I found this article interesting and thought of sharing it with you. Check it out: https:\/\/cusquices.com\/familia-de-bruno-emite-comunicado-apos-polemica-com-vera\/\"><\/p>\n<p>Email<\/p>\n<p><\/a><br \/>\n\t\t\t\t\t\t\t\t\t\t\t\t\t\t\t\t\t\t\t\t\t\t\t\t\t\t\t\t\t\t\t\t\t\t\t\t\t\t\t\t\t\t\t\t\t\t\t\t\t\t\t\t\t<a href=\"https:\/\/cusquices.com\/familia-de-bruno-emite-comunicado-apos-polemica-com-vera\/#respond\" rel=\"nofollow noopener\" target=\"_blank\"><\/p>\n<p>Fam\u00edlia de Bruno emite comunicado ap\u00f3s agress\u00e3o de Vera. <\/p>\n<p><strong>Vera<\/strong> exaltou-se ap\u00f3s ter visto uma VT em que <strong>Dylan e Bruno<\/strong> teceram algumas cr\u00edticas a seu respeito e tocaram no nome das suas filhas. No final da gala, Vera passou-se e perdeu as estribeiras com Dylan e deu-lhe umas valentes chapadas. <\/p>\n<p>A fam\u00edlia de Bruno, que at\u00e9 ent\u00e3o n\u00e3o se tinha pronunciado sobre toda a pol\u00e9mica, acabou por quebrar o sil\u00eancio esta noite, 20 de outubro e emitiu um comunicado. <\/p>\n<p>\u201c<strong>Nos \u00faltimos dias, muito tem sido dito sobre o Bruno ap\u00f3s os acontecimentos no Secret Story. A verdade \u00e9 que, depois de ouvir coment\u00e1rios sobre a sua mulher e filhas, o Bruno reagiu de forma emocional, dizendo que as filhas da participante poderiam sentir <\/strong>v<strong>ergonha de certos comportamentos dentro da casa.\u201d<\/strong>, come\u00e7ou por dizer a fam\u00edlia do concorrente.<\/p>\n<p><strong>\u201c\u00c9 importante deixar claro que essa rea\u00e7\u00e3o n\u00e3o teve qualquer inten\u00e7\u00e3o de ofender crian\u00e7as nem fam\u00edlias. Foi apenas um desabafo num momento de defesa pessoal, ap\u00f3s ver a sua pr\u00f3pria fam\u00edlia envolvida injustamente em conversas que ultrapassaram os limites do jogo. O Bruno sempre defendeu o respeito, a verdade e a dignidade \u2013 dentro e fora da casa. Reconhece que o ambiente \u00e9 intenso e que todos erram, mas continua fiel aos seus valores e ao amor pela fam\u00edlia.\u201d, <\/strong>salientou ainda a fam\u00edlia do concorrente.<\/p>\n<p><strong>\u201cAgradece a todos os que o t\u00eam apoiado e pede que o foco se mantenha no jogo, com respeito por todos os envolvidos.\u201d, <\/strong>rematou a fam\u00edlia de Bruno no comunicado.<\/p>\n<p><img loading=\"lazy\" decoding=\"async\" width=\"663\" height=\"1024\" src=\"https:\/\/www.europesays.com\/pt\/wp-content\/uploads\/2025\/10\/IMG_0156-663x1024.jpeg\" alt=\"\" class=\"wp-image-99477 webpexpress-processed\"  \/>Screenshot<\/p>\n<p>\t\t\t\t\t\t\t\t\t\t\t\t\t\t\t\t\t\t\t\t\t\t\t\t\t<img decoding=\"async\" src=\"https:\/\/www.europesays.com\/pt\/wp-content\/uploads\/2025\/10\/cusquices-logo-52x.png\" class=\"webpexpress-processed\"\/><\/p>\n<p>\t\t\t\t\t\t\t\t\t\t\t\t\t\t\t\t\t\t\t\t\t            \t\t\t\t\t\t\t\t\t\t\t\t\t\t\t\t\t\t\t\t\t\t\t\t\t\t\t\t\t\t\t\t\t\t\t\t\t\t\t<script async src=\"https:\/\/platform.twitter.com\/widgets.js\" charset=\"utf-8\"><\/script><\/p>\n","protected":false},"excerpt":{"rendered":"Share Tweet Share Share Email Fam\u00edlia de Bruno emite comunicado ap\u00f3s agress\u00e3o de Vera. Vera exaltou-se ap\u00f3s ter&hellip;\n","protected":false},"author":2,"featured_media":121576,"comment_status":"","ping_status":"","sticky":false,"template":"","format":"standard","meta":{"footnotes":""},"categories":[85],"tags":[3768,2632,49,114,115,32,33],"class_list":{"0":"post-121575","1":"post","2":"type-post","3":"status-publish","4":"format-standard","5":"has-post-thumbnail","7":"category-entretenimento","8":"tag-bruno","9":"tag-casa-dos-segredos","10":"tag-destaques","11":"tag-entertainment","12":"tag-entretenimento","13":"tag-portugal","14":"tag-pt"},"share_on_mastodon":{"url":"https:\/\/pubeurope.com\/@pt\/115417389701580631","error":""},"_links":{"self":[{"href":"https:\/\/www.europesays.com\/pt\/wp-json\/wp\/v2\/posts\/121575","targetHints":{"allow":["GET"]}}],"collection":[{"href":"https:\/\/www.europesays.com\/pt\/wp-json\/wp\/v2\/posts"}],"about":[{"href":"https:\/\/www.europesays.com\/pt\/wp-json\/wp\/v2\/types\/post"}],"author":[{"embeddable":true,"href":"https:\/\/www.europesays.com\/pt\/wp-json\/wp\/v2\/users\/2"}],"replies":[{"embeddable":true,"href":"https:\/\/www.europesays.com\/pt\/wp-json\/wp\/v2\/comments?post=121575"}],"version-history":[{"count":0,"href":"https:\/\/www.europesays.com\/pt\/wp-json\/wp\/v2\/posts\/121575\/revisions"}],"wp:featuredmedia":[{"embeddable":true,"href":"https:\/\/www.europesays.com\/pt\/wp-json\/wp\/v2\/media\/121576"}],"wp:attachment":[{"href":"https:\/\/www.europesays.com\/pt\/wp-json\/wp\/v2\/media?parent=121575"}],"wp:term":[{"taxonomy":"category","embeddable":true,"href":"https:\/\/www.europesays.com\/pt\/wp-json\/wp\/v2\/categories?post=121575"},{"taxonomy":"post_tag","embeddable":true,"href":"https:\/\/www.europesays.com\/pt\/wp-json\/wp\/v2\/tags?post=121575"}],"curies":[{"name":"wp","href":"https:\/\/api.w.org\/{rel}","templated":true}]}}