{"id":121577,"date":"2025-10-22T10:44:12","date_gmt":"2025-10-22T10:44:12","guid":{"rendered":"https:\/\/www.europesays.com\/pt\/121577\/"},"modified":"2025-10-22T10:44:12","modified_gmt":"2025-10-22T10:44:12","slug":"penelope-ex-mtv-defende-liberdade-de-expressao-e-irrita-fas","status":"publish","type":"post","link":"https:\/\/www.europesays.com\/pt\/121577\/","title":{"rendered":"Pen\u00e9lope, ex-MTV, defende liberdade de express\u00e3o e irrita f\u00e3s"},"content":{"rendered":"<p class=\"postParagraph_post-paragraph__juWZN\">A ex-apresentadora da MTV Pen\u00e9lope Nova viralizou nas redes ap\u00f3s declara\u00e7\u00f5es em defesa da liberdade de express\u00e3o em entrevista durante um evento da Brasil Paralelo.<\/p>\n<p class=\"postParagraph_post-paragraph__juWZN\">&#8220;Eu sou f\u00e3 da Brasil Paralelo tem um tempo&#8221;, disse ela. &#8220;Voc\u00ea s\u00f3 \u00e9 a favor da liberdade de express\u00e3o se voc\u00ea detestar o que est\u00e1 sendo dito e ainda assim for a favor do direito daquilo ser dito. Neste momento, eu sei o quanto tudo isso est\u00e1 em risco&#8221;, acrescentou.<\/p>\n<p class=\"postParagraph_post-paragraph__juWZN\">O v\u00eddeo com a declara\u00e7\u00e3o foi publicado no Instagram da Brasil Paralelo e repostado pela apresentadora. &#8220;A Regina Duarte da MTV&#8221;, disse um usu\u00e1rio. &#8220;T\u00e3o nova. Virou a tia do zap&#8221;, afirmou outra. &#8220;Como dizem por a\u00ed, quando voc\u00ea conhece seus \u00eddolos, eles caem por terra&#8221;, comentou um terceiro.<\/p>\n<p class=\"postParagraph_post-paragraph__juWZN\">Pen\u00e9lope Nova ficou famosa entre adolescentes nos anos 2000 especialmente por seu programa &#8220;Ponto P\u00ea&#8221;, que tratava sobre sexo com a proposta de romper tabus o tema. Por isso, f\u00e3s a associavam a uma vis\u00e3o de mundo progressista.<\/p>\n<p class=\"postParagraph_post-paragraph__juWZN\">&#8220;Tu s\u00f3 existe no imagin\u00e1rio de uma gera\u00e7\u00e3o que se divertiu com seus coment\u00e1rios \u00e1cidos e engra\u00e7ados [sic]&#8221;, disse um usu\u00e1rio. &#8220;Sua &#8216;relev\u00e2ncia&#8217; ficou l\u00e1 naquele tempo.&#8221;<\/p>\n<p class=\"postParagraph_post-paragraph__juWZN\">Depois da repercuss\u00e3o do v\u00eddeo do Instagram da Brasil Paralelo, que foi publicado na \u00faltima sexta-feira (17), Pen\u00e9lope gravou um v\u00eddeo relatando uma onda de cancelamento contra ela.<\/p>\n<p class=\"postParagraph_post-paragraph__juWZN\">&#8220;Chegou a minha vez, chegou a minha hora. Depois de 50 anos, tem uma nova primeira vez. Deixa eu me recompor, \u00e9 para ser s\u00e9rio: eu t\u00f4 sendo cancelada. Voc\u00eas nem imaginam. T\u00f4 com tanta vergonha de mim, desse crime, que eu fui cometer. Eu ousei, publicamente, a liberdade de express\u00e3o defender&#8221;, afirmou, em tom ir\u00f4nico. &#8220;Quem podia imaginar? Logo aqui, no Brasil, um tabu ainda maior que o sexo surgiu. Liberdade \u00e9 o novo tabu.&#8221;<\/p>\n<p class=\"postParagraph_post-paragraph__juWZN\">O post j\u00e1 tem mais de 10 mil curtidas, mas tamb\u00e9m uma grande quantidade de coment\u00e1rios negativos dirigidos contra Pen\u00e9lope.<\/p>\n<p class=\"postParagraph_post-paragraph__juWZN\">&#8220;Ningu\u00e9m te cancelou. Apenas apontaram a contradi\u00e7\u00e3o imensa de uma pessoa que ganhou a vida com pauta progressista apoiando agenda conservadora&#8221;, afirmou um usu\u00e1rio.<\/p>\n<p class=\"postParagraph_post-paragraph__juWZN\">Em meio \u00e0s cr\u00edticas, alguns coment\u00e1rios positivos se destacavam, como o de outra ex-apresentadora da MTV, Sabrina Parlatore: &#8220;N\u00e3o sei nem o que houve. O fato \u00e9 que concordo plenamente com voc\u00ea. Que chatice essa era do cancelamento. Voc\u00ea \u00e9 incr\u00edvel. Beijo&#8221;.<\/p>\n","protected":false},"excerpt":{"rendered":"A ex-apresentadora da MTV Pen\u00e9lope Nova viralizou nas redes ap\u00f3s declara\u00e7\u00f5es em defesa da liberdade de express\u00e3o em&hellip;\n","protected":false},"author":2,"featured_media":121578,"comment_status":"","ping_status":"","sticky":false,"template":"","format":"standard","meta":{"footnotes":""},"categories":[145],"tags":[3273,12263,211,210,114,115,1015,6322,32,33],"class_list":{"0":"post-121577","1":"post","2":"type-post","3":"status-publish","4":"format-standard","5":"has-post-thumbnail","7":"category-celebridades","8":"tag-adolescentes","9":"tag-brasil-paralelo","10":"tag-celebridades","11":"tag-celebrities","12":"tag-entertainment","13":"tag-entretenimento","14":"tag-instagram","15":"tag-liberdade-de-expressao","16":"tag-portugal","17":"tag-pt"},"share_on_mastodon":{"url":"https:\/\/pubeurope.com\/@pt\/115417413247067762","error":""},"_links":{"self":[{"href":"https:\/\/www.europesays.com\/pt\/wp-json\/wp\/v2\/posts\/121577","targetHints":{"allow":["GET"]}}],"collection":[{"href":"https:\/\/www.europesays.com\/pt\/wp-json\/wp\/v2\/posts"}],"about":[{"href":"https:\/\/www.europesays.com\/pt\/wp-json\/wp\/v2\/types\/post"}],"author":[{"embeddable":true,"href":"https:\/\/www.europesays.com\/pt\/wp-json\/wp\/v2\/users\/2"}],"replies":[{"embeddable":true,"href":"https:\/\/www.europesays.com\/pt\/wp-json\/wp\/v2\/comments?post=121577"}],"version-history":[{"count":0,"href":"https:\/\/www.europesays.com\/pt\/wp-json\/wp\/v2\/posts\/121577\/revisions"}],"wp:featuredmedia":[{"embeddable":true,"href":"https:\/\/www.europesays.com\/pt\/wp-json\/wp\/v2\/media\/121578"}],"wp:attachment":[{"href":"https:\/\/www.europesays.com\/pt\/wp-json\/wp\/v2\/media?parent=121577"}],"wp:term":[{"taxonomy":"category","embeddable":true,"href":"https:\/\/www.europesays.com\/pt\/wp-json\/wp\/v2\/categories?post=121577"},{"taxonomy":"post_tag","embeddable":true,"href":"https:\/\/www.europesays.com\/pt\/wp-json\/wp\/v2\/tags?post=121577"}],"curies":[{"name":"wp","href":"https:\/\/api.w.org\/{rel}","templated":true}]}}