{"id":121579,"date":"2025-10-22T10:47:18","date_gmt":"2025-10-22T10:47:18","guid":{"rendered":"https:\/\/www.europesays.com\/pt\/121579\/"},"modified":"2025-10-22T10:47:18","modified_gmt":"2025-10-22T10:47:18","slug":"quem-e-a-atriz-que-interpreta-joelly-filha-de-sophie-charlotte-em-tres-gracas","status":"publish","type":"post","link":"https:\/\/www.europesays.com\/pt\/121579\/","title":{"rendered":"Quem \u00e9 a atriz que interpreta Jo\u00e9lly, filha de Sophie Charlotte em Tr\u00eas Gra\u00e7as"},"content":{"rendered":"<p>                        <img width=\"944\" height=\"531\" src=\"https:\/\/www.europesays.com\/pt\/wp-content\/uploads\/2025\/10\/Quem-e-a-atriz-que-interpreta-Joelly-filha-de-Sophie-Charlotte-em-Tres-Gracas-1-944x531.jpg\" class=\"attachment-custom-large size-custom-large article-featured-image\" alt=\"Quem \u00e9 a atriz que interpreta Jo\u00e9lly, filha de Sophie Charlotte em Tr\u00eas Gra\u00e7as (1)\" fetchpriority=\"high\" decoding=\"async\"  \/><\/p>\n<p>Alana Cabral interpreta a filha de Sophie Carlotte em Tr\u00eas Gra\u00e7as (Foto: Estevam Avellar, Globo)<\/p>\n<p>Estreante no hor\u00e1rio nobre, Alana Cabral foi escalada para interpretar Jo\u00e9lly, a filha mais nova de Gerluce (Sophie Charlotte) e neta de L\u00edgia (Dira Paes), em Tr\u00eas Gra\u00e7as. Moradora de uma favela fict\u00edcia na capital paulista, a personagem de Alana repete a hist\u00f3ria m\u00e3e e da av\u00f3 ao engravidar na adolesc\u00eancia.<\/p>\n<p>Continua depois da publicidade<\/p>\n<p>\u2014 Por ter sido criada em um ambiente s\u00f3 de mulheres fortes, a Jo\u00e9lly tem uma sagacidade e uma esperteza que lhe d\u00e3o uma certa independ\u00eancia \u2014 adianta Alana, em entrevista ao Gshow.<\/p>\n<p>Quem \u00e9 Alana Cabral?<\/p>\n<p>Aos 18 anos, Alana Cabral assume um dos pap\u00e9is principais de Tr\u00eas Gra\u00e7as, a nova novela das nove da Globo. No entanto, a atriz come\u00e7ou a carreira aos 6 anos. Na televis\u00e3o, ela fez sua estreia com uma participa\u00e7\u00e3o na s\u00e9rie Ass\u00e9dio (2018), na \u00e9poca com apenas 9 anos.<\/p>\n<p>Em novelas, fez Clarissa, uma menina espevitada em Ver\u00e3o 90 (2019). Na trama, a personagem era filha de Janice (Cl\u00e1udia Ohana) e Otoniel (Val Perr\u00e9) e irm\u00e3 de Diego (S\u00e9rgio Malheiros).<\/p>\n<p>Continua depois da publicidade<\/p>\n<p>Ela tamb\u00e9m deu vida \u00e0 fase mais jovem da vil\u00e3 Zayla, vivida por Heslaine Vieira em Nos Tempos do Imperador (2021).<\/p>\n<p>Atuou ainda em Guerreiros do Sol, novela gravada h\u00e1 dois anos e que est\u00e1 sendo divulgada atualmente pelo Globoplay. Na hist\u00f3ria, interpretou Damiana, uma garota que enfrenta a mis\u00e9ria no sert\u00e3o ao lado da fam\u00edlia.<\/p>\n<p>Ainda na TV, Alana foi campe\u00e3 do Super Chefinhos, quadro de competi\u00e7\u00e3o culin\u00e1ria do Mais Voc\u00ea, em 2022. Ao longo da carreira, tamb\u00e9m j\u00e1 fez v\u00e1rios filmes e pe\u00e7as de teatro.<\/p>\n<p>Continua depois da publicidade<\/p>\n<p>Descubra quais s\u00e3o os atores de Malha\u00e7\u00e3o que est\u00e3o no elenco de Tr\u00eas Gra\u00e7as:1<\/p>\n<p>VoltarAvan\u00e7ar<\/p>\n<p><img loading=\"lazy\" decoding=\"async\" width=\"1200\" height=\"675\" data-id=\"7690807\" src=\"https:\/\/www.europesays.com\/pt\/wp-content\/uploads\/2025\/10\/Quem-sao-so-atores-de-Malhacao-que-estao-no-elenco-de-Tres-Gracas.jpg\" alt=\"\" class=\"wp-image-7690807\"  \/><\/p>\n<p>Fernanda Vasconcellos em Tr\u00eas Gra\u00e7as e em Malha\u00e7\u00e3o 2005 (Foto: Globo, Divulga\u00e7\u00e3o)<\/p>\n<p><img loading=\"lazy\" decoding=\"async\" width=\"1200\" height=\"675\" data-id=\"7690809\" src=\"https:\/\/www.europesays.com\/pt\/wp-content\/uploads\/2025\/10\/Quem-sao-so-atores-de-Malhacao-que-estao-no-elenco-de-Tres-Gracas-2.jpg\" alt=\"\" class=\"wp-image-7690809\"  \/><\/p>\n<p>Alanis Guillen em Tr\u00eas Gra\u00e7as e em Malha\u00e7\u00e3o: Toda forma de amar (2019) (Foto: Globo e Globoplay, Divulga\u00e7\u00e3o e Reprodu\u00e7\u00e3o)<\/p>\n<p><img loading=\"lazy\" decoding=\"async\" width=\"1200\" height=\"675\" data-id=\"7690811\" src=\"https:\/\/www.europesays.com\/pt\/wp-content\/uploads\/2025\/10\/Quem-sao-so-atores-de-Malhacao-que-estao-no-elenco-de-Tres-Gracas-1.jpg\" alt=\"\" class=\"wp-image-7690811\"  \/><\/p>\n<p>Pedro Novaes em Tr\u00eas Gra\u00e7as e em Malha\u00e7\u00e3o: Toda forma de amar (2019) (Foto: Globo, Divulga\u00e7\u00e3o)<\/p>\n<p><img loading=\"lazy\" decoding=\"async\" width=\"1200\" height=\"675\" data-id=\"7690806\" src=\"https:\/\/www.europesays.com\/pt\/wp-content\/uploads\/2025\/10\/Quem-sao-so-atores-de-Malhacao-que-estao-no-elenco-de-Tres-Gracas-3.jpg\" alt=\"\" class=\"wp-image-7690806\"  \/><\/p>\n<p>Gabriela Medvedovsky em Tr\u00eas Gra\u00e7as e em Malha\u00e7\u00e3o: Viva a diferen\u00e7a (2017) (Foto: Globo e Globoplay, Divulga\u00e7\u00e3o e Reprodu\u00e7\u00e3o)<\/p>\n<p><img loading=\"lazy\" decoding=\"async\" width=\"1200\" height=\"675\" data-id=\"7690810\" src=\"https:\/\/www.europesays.com\/pt\/wp-content\/uploads\/2025\/10\/Quem-sao-so-atores-de-Malhacao-que-estao-no-elenco-de-Tres-Gracas-4.jpg\" alt=\"\" class=\"wp-image-7690810\"  \/><\/p>\n<p>Daphne Bozaski com o novo look para Tr\u00eas Gra\u00e7as e em Malha\u00e7\u00e3o: Viva a diferen\u00e7a (2017) (Foto: Redes sociais e Globo, Reprodu\u00e7\u00e3o e Divulga\u00e7\u00e3o)<\/p>\n<p><img loading=\"lazy\" decoding=\"async\" width=\"1200\" height=\"675\" data-id=\"7690808\" src=\"https:\/\/www.europesays.com\/pt\/wp-content\/uploads\/2025\/10\/Quem-sao-so-atores-de-Malhacao-que-estao-no-elenco-de-Tres-Gracas-5.jpg\" alt=\"\" class=\"wp-image-7690808\"  \/><\/p>\n<p>Gabriela Loran em Tr\u00eas Gra\u00e7as e em Malha\u00e7\u00e3o: Vidas brasileiras (2018) (Foto: Globo e Gshow, Divulga\u00e7\u00e3o)<\/p>\n<p>*Sob supervis\u00e3o de Pablo Brito<\/p>\n<p>Leia tamb\u00e9m sobre:\u00a0<a href=\"https:\/\/www.nsctotal.com.br\/noticias\/o-que-se-sabe-sobre-o-filme-antartida-da-globoplay-inspirado-em-fatos-reais\" target=\"_blank\" rel=\"noreferrer noopener nofollow\"><strong>O que se sabe sobre o filme \u201cAnt\u00e1rtida\u201d da Globoplay inspirado em fatos reais<\/strong><\/a>\u00a0e\u00a0<a href=\"https:\/\/www.nsctotal.com.br\/noticias\/quem-e-o-ator-que-interpreta-ryan-o-ex-namorado-de-kami-em-dona-de-mim\" target=\"_blank\" rel=\"noreferrer noopener nofollow\"><strong>Quem \u00e9 o ator que interpreta Ryan, o ex-namorado de Kami em Dona de Mim<\/strong><\/a>.<\/p>\n","protected":false},"excerpt":{"rendered":"Alana Cabral interpreta a filha de Sophie Carlotte em Tr\u00eas Gra\u00e7as (Foto: Estevam Avellar, Globo) Estreante no hor\u00e1rio&hellip;\n","protected":false},"author":2,"featured_media":121580,"comment_status":"","ping_status":"","sticky":false,"template":"","format":"standard","meta":{"footnotes":""},"categories":[142],"tags":[114,115,32,33,151,794],"class_list":{"0":"post-121579","1":"post","2":"type-post","3":"status-publish","4":"format-standard","5":"has-post-thumbnail","7":"category-tv","8":"tag-entertainment","9":"tag-entretenimento","10":"tag-portugal","11":"tag-pt","12":"tag-tv","13":"tag-voce-viu"},"share_on_mastodon":{"url":"https:\/\/pubeurope.com\/@pt\/115417425478398090","error":""},"_links":{"self":[{"href":"https:\/\/www.europesays.com\/pt\/wp-json\/wp\/v2\/posts\/121579","targetHints":{"allow":["GET"]}}],"collection":[{"href":"https:\/\/www.europesays.com\/pt\/wp-json\/wp\/v2\/posts"}],"about":[{"href":"https:\/\/www.europesays.com\/pt\/wp-json\/wp\/v2\/types\/post"}],"author":[{"embeddable":true,"href":"https:\/\/www.europesays.com\/pt\/wp-json\/wp\/v2\/users\/2"}],"replies":[{"embeddable":true,"href":"https:\/\/www.europesays.com\/pt\/wp-json\/wp\/v2\/comments?post=121579"}],"version-history":[{"count":0,"href":"https:\/\/www.europesays.com\/pt\/wp-json\/wp\/v2\/posts\/121579\/revisions"}],"wp:featuredmedia":[{"embeddable":true,"href":"https:\/\/www.europesays.com\/pt\/wp-json\/wp\/v2\/media\/121580"}],"wp:attachment":[{"href":"https:\/\/www.europesays.com\/pt\/wp-json\/wp\/v2\/media?parent=121579"}],"wp:term":[{"taxonomy":"category","embeddable":true,"href":"https:\/\/www.europesays.com\/pt\/wp-json\/wp\/v2\/categories?post=121579"},{"taxonomy":"post_tag","embeddable":true,"href":"https:\/\/www.europesays.com\/pt\/wp-json\/wp\/v2\/tags?post=121579"}],"curies":[{"name":"wp","href":"https:\/\/api.w.org\/{rel}","templated":true}]}}