{"id":121581,"date":"2025-10-22T10:48:10","date_gmt":"2025-10-22T10:48:10","guid":{"rendered":"https:\/\/www.europesays.com\/pt\/121581\/"},"modified":"2025-10-22T10:48:10","modified_gmt":"2025-10-22T10:48:10","slug":"guerreiras-do-k-pop-5-covers-de-golden-feitos-por-idols-de-k-pop-que-voce-precisa-ouvir","status":"publish","type":"post","link":"https:\/\/www.europesays.com\/pt\/121581\/","title":{"rendered":"Guerreiras do K-pop: 5 covers de &#8216;Golden&#8217; feitos por idols de k-pop que voc\u00ea precisa ouvir"},"content":{"rendered":"<p>O sucesso de \u201c<a href=\"https:\/\/www.netflix.com\/br\/\" target=\"_blank\" rel=\"noopener nofollow\">Guerreiras do K-pop<\/a>\u201d vai al\u00e9m da tela: se estende aos fones dos f\u00e3s! A trilha sonora do <a href=\"https:\/\/recreio.com.br\/tags\/filmes\" target=\"_blank\" rel=\"noopener nofollow\">filme<\/a> se tornou um fen\u00f4meno \u00e0 parte, fazendo com que os hits contagiantes, como a popular \u201cGolden\u201d, fossem escutados no repeat e colocado nos topos dos chats.<\/p>\n<p>Can\u00e7\u00e3o das HUNTR\/X, as protagonistas da hist\u00f3ria, \u201cGolden\u201d ficou em primeiro lugar no Top 100 da Billboard por oito semanas consecutivas, ocupando o oitavo lugar na lideran\u00e7a da parada de filmes nos 67 anos de hist\u00f3ria do ranking.<\/p>\n<p>Mais que isso, sendo o segundo hit com a lideran\u00e7a mais longa de todos os tempos por um grupo exclusivamente feminino, atr\u00e1s apenas de \u201cIndependent Women\u201d do Destiny\u2019s Child, a can\u00e7\u00e3o ganhou ainda reconhecimento da Recording Industry Association of America (RIAA) e recebeu um disco de platina \u2014 um verdadeiro fen\u00f4meno!<\/p>\n<p>Como resultado, a popularidade da faixa despertou a chegada de diversos covers online, realizados por f\u00e3s e profissionais da m\u00fasica, como idols de k-pop, que al\u00e9m de <a href=\"https:\/\/en.wikipedia.org\/wiki\/Ejae\" target=\"_blank\" rel=\"noopener nofollow\"><strong>EJAE<\/strong><\/a>, <strong>Audrey Nuna<\/strong> e <strong>Rei Ami<\/strong>, as cantoras por tr\u00e1s das vozes de Rumi, Mira e Zoey, puderam conceder suas pr\u00f3prias interpreta\u00e7\u00f5es das faixas.<\/p>\n<p>Pensando nessas vers\u00f5es, a RECREIO reuniu uma lista com 5 artistas que fizeram covers de \u201cGolden\u201d e voc\u00ea precisa conhecer; veja;<\/p>\n<p> 1. Ailee <\/p>\n<p>Cantora e compositora coreana-americana, <a href=\"https:\/\/www.instagram.com\/aileeonline\/\" target=\"_blank\" rel=\"noopener nofollow\"><strong>Ailee<\/strong> <\/a>est\u00e1 na ind\u00fastria desde 2012. Conhecida como a \u201cBeyonc\u00e9 coreana\u201d, ela publicou o cover em 23 de julho deste ano no seu canal do YouTube, expondo seu vocal potente ao alcan\u00e7ar as notas altas da faixa. O v\u00eddeo j\u00e1 tem mais de 4 milh\u00f5es de visualiza\u00e7\u00f5es.<\/p>\n<p>  2. Eunji (Apink) <\/p>\n<p><strong>Eunji<\/strong> surgiu ainda antes de <strong>Aille<\/strong> no mundo do k-pop: em 2011. Membro do grupo feminino Apink, a artista tem a voz registradas em sucessos como \u201cNoNoNo\u201d e \u201cMr. Chu\u201d, que fazem parte da discografia da forma\u00e7\u00e3o.<\/p>\n<p>Ela, que tamb\u00e9m \u00e9 atriz e iniciou a carreira nas telas ao protagonizar o dorama \u201cReply 1997\u201d, optou por uma vers\u00e3o menos produzida de \u201cGolden\u201d ao realizar o cover durante uma transmiss\u00e3o ao vivo com os f\u00e3s; veja:<\/p>\n<blockquote class=\"twitter-tweet\">\n<p dir=\"ltr\" lang=\"en\">eunji finally sang golden effortless as always my vocal queen \ud83d\ude2d\ud83d\ude2d\ud83d\ude2d <a href=\"https:\/\/t.co\/IUqFk4pOtH\" rel=\"nofollow\">pic.twitter.com\/IUqFk4pOtH<\/a><\/p>\n<p>\u2014 \uba4d\ud83c\udf52\ud83d\udc36 (@meongislife) <a href=\"https:\/\/twitter.com\/meongislife\/status\/1946481692006629720?ref_src=twsrc%5Etfw\" rel=\"nofollow noopener\" target=\"_blank\">July 19, 2025<\/a><\/p>\n<\/blockquote>\n<p>  3. Yujin (IVE) <\/p>\n<p>Ex- IZ*ONE e l\u00edder do IVE, <strong>Yujin<\/strong> fez sua estreia no grupo da Starship Entertainment em 2021, o qual \u00e9 conhecido por faixas como \u201cAfter LIKE\u201d e \u201cLOVE DIVE\u201d. O cover de \u201cGolden\u201d foi publicado no canal oficial da forma\u00e7\u00e3o no YouTube em 19 de julho, onde os f\u00e3s expressam gostar da faixa na voz da cantora:<\/p>\n<p>\u201cYujin interpretando \u2018Golden\u2019 n\u00e3o \u00e9 o que eu esperava, mas EXATAMENTE o que eu precisava\u201d, escreveu um DIVE. \u201cYujin foi literalmente feita para essa m\u00fasica. Cantora vers\u00e1til. As notas baixas para as notas altas s\u00e3o insanas\u201d, defendeu outro nos coment\u00e1rios do v\u00eddeo.<\/p>\n<p>  4. Solji (EXID) <\/p>\n<p>Antes de ser membro do EXID, <strong>Solji<\/strong> foi treinadora vocal, ent\u00e3o, n\u00e3o \u00e9 de admirar que a idol conseguiu, assim como as demais artistas da lista, alcan\u00e7ar as notas altas da faixa do HUNTR\/X. Al\u00e9m disso, assim como <strong>Ailee<\/strong> e <strong>Eunji<\/strong>, ela apostou em uma vers\u00e3o mais profissional para o cover, j\u00e1 que a voz dela foi gravada por aparelhos profissionais em um est\u00fadio musical; confira:<\/p>\n<p>\t  5. Lily (NMIXX) <\/p>\n<p><strong>Lily<\/strong>, a qual \u00e9 a vocalista principal do NMIXX, se junta a <strong>Yujin<\/strong>, do IVE, como um grande destaque entre os covers de \u201cGolden\u201d de idols da quarta gera\u00e7\u00e3o. A vers\u00e3o da cantora, que debutou em 2022 com o primeiro \u00e1lbum single do grupo, \u201cAD MARE\u201d, foi publicada nas redes sociais do grupo e j\u00e1 ultrapassa os 30 mil likes e 1 milh\u00e3o de visualiza\u00e7\u00f5es.<\/p>\n<blockquote class=\"twitter-tweet\">\n<p dir=\"ltr\" lang=\"en\">[\ud83c\udfa5] gonna be golden\u2728<a href=\"https:\/\/t.co\/PfDHABmArD\" rel=\"nofollow\">https:\/\/t.co\/PfDHABmArD<\/a><a href=\"https:\/\/twitter.com\/hashtag\/NMIXX?src=hash&amp;ref_src=twsrc%5Etfw\" rel=\"nofollow noopener\" target=\"_blank\">#NMIXX<\/a> <a href=\"https:\/\/twitter.com\/hashtag\/%EC%97%94%EB%AF%B9%EC%8A%A4?src=hash&amp;ref_src=twsrc%5Etfw\" rel=\"nofollow noopener\" target=\"_blank\">#\uc5d4\ubbf9\uc2a4<\/a><a href=\"https:\/\/twitter.com\/hashtag\/%EB%A6%B4%EB%A6%AC?src=hash&amp;ref_src=twsrc%5Etfw\" rel=\"nofollow noopener\" target=\"_blank\">#\ub9b4\ub9ac<\/a> <a href=\"https:\/\/twitter.com\/hashtag\/LILY?src=hash&amp;ref_src=twsrc%5Etfw\" rel=\"nofollow noopener\" target=\"_blank\">#LILY<\/a> <a href=\"https:\/\/t.co\/lyz0KSOq8s\" rel=\"nofollow\">pic.twitter.com\/lyz0KSOq8s<\/a><\/p>\n<p>\u2014 NMIXX (@NMIXX_official) <a href=\"https:\/\/twitter.com\/NMIXX_official\/status\/1942554377803423788?ref_src=twsrc%5Etfw\" rel=\"nofollow noopener\" target=\"_blank\">July 8, 2025<\/a><\/p>\n<\/blockquote>\n<p>  Extra: izna <\/p>\n<p>Grupo novato, o izna foi formado no programa I-LAND 2 e debutou em novembro do ano passado. Apesar do pouco tempo de carreira, elas fizeram um cover hist\u00f3rico, j\u00e1 que ao subirem ao palco do KCON LA 2025 para cantar \u201cGolden\u201d acabaram marcando a primeira vez que uma performance ao vivo da faixa foi realizada.<\/p>\n<p>        <a href=\"https:\/\/recreio.com.br\/noticias\/author\/izabela-queiroz\" rel=\"nofollow noopener\" target=\"_blank\">&#13;<br \/>\n          <img alt=\"Izabela Queiroz\" src=\"https:\/\/www.europesays.com\/pt\/wp-content\/uploads\/2025\/10\/1761130090_637_73c0b9c1056486c3f0ac887fc031213cdd608512c3b419d28e1ba5da81c3eb12\"  class=\"avatar avatar-115 photo rounded-circle mr-3\" height=\"115\" width=\"115\" loading=\"lazy\" decoding=\"async\"\/>        <\/a><\/p>\n<p>Izabela Queiroz, jornalista por paix\u00e3o e cin\u00e9fila de carteirinha. Formada pela UNINOVE, encontrou na escrita o lugar ideal para unir tudo o que mais gosta: filmes, s\u00e9ries e m\u00fasica. Nos textos, h\u00e1 quase sempre refer\u00eancias a algo relacionado \u00e0 cultura pop que a marcou. Fora deles, a encontrar\u00e1 assistindo hist\u00f3rias com reviravoltas chocantes, romances cativantes e dramas que a fazem chorar.<\/p>\n<p>\t                                            <script async src=\"https:\/\/platform.twitter.com\/widgets.js\" charset=\"utf-8\"><\/script><script async src=\"\/\/www.instagram.com\/embed.js\"><\/script><\/p>\n","protected":false},"excerpt":{"rendered":"O sucesso de \u201cGuerreiras do K-pop\u201d vai al\u00e9m da tela: se estende aos fones dos f\u00e3s! A trilha&hellip;\n","protected":false},"author":2,"featured_media":102713,"comment_status":"","ping_status":"","sticky":false,"template":"","format":"standard","meta":{"footnotes":""},"categories":[141],"tags":[28116,10195,114,115,28117,148,24825,4550,28118,28119,149,150,32,33,28120,28121],"class_list":{"0":"post-121581","1":"post","2":"type-post","3":"status-publish","4":"format-standard","5":"has-post-thumbnail","7":"category-musica","8":"tag-ailee","9":"tag-animacoes","10":"tag-entertainment","11":"tag-entretenimento","12":"tag-eunji","13":"tag-filmes","14":"tag-golden","15":"tag-guerreiras-do-k-pop","16":"tag-izna","17":"tag-lily","18":"tag-music","19":"tag-musica","20":"tag-portugal","21":"tag-pt","22":"tag-solji","23":"tag-yujin"},"share_on_mastodon":{"url":"https:\/\/pubeurope.com\/@pt\/115417429020950320","error":""},"_links":{"self":[{"href":"https:\/\/www.europesays.com\/pt\/wp-json\/wp\/v2\/posts\/121581","targetHints":{"allow":["GET"]}}],"collection":[{"href":"https:\/\/www.europesays.com\/pt\/wp-json\/wp\/v2\/posts"}],"about":[{"href":"https:\/\/www.europesays.com\/pt\/wp-json\/wp\/v2\/types\/post"}],"author":[{"embeddable":true,"href":"https:\/\/www.europesays.com\/pt\/wp-json\/wp\/v2\/users\/2"}],"replies":[{"embeddable":true,"href":"https:\/\/www.europesays.com\/pt\/wp-json\/wp\/v2\/comments?post=121581"}],"version-history":[{"count":0,"href":"https:\/\/www.europesays.com\/pt\/wp-json\/wp\/v2\/posts\/121581\/revisions"}],"wp:featuredmedia":[{"embeddable":true,"href":"https:\/\/www.europesays.com\/pt\/wp-json\/wp\/v2\/media\/102713"}],"wp:attachment":[{"href":"https:\/\/www.europesays.com\/pt\/wp-json\/wp\/v2\/media?parent=121581"}],"wp:term":[{"taxonomy":"category","embeddable":true,"href":"https:\/\/www.europesays.com\/pt\/wp-json\/wp\/v2\/categories?post=121581"},{"taxonomy":"post_tag","embeddable":true,"href":"https:\/\/www.europesays.com\/pt\/wp-json\/wp\/v2\/tags?post=121581"}],"curies":[{"name":"wp","href":"https:\/\/api.w.org\/{rel}","templated":true}]}}