{"id":121586,"date":"2025-10-22T10:54:08","date_gmt":"2025-10-22T10:54:08","guid":{"rendered":"https:\/\/www.europesays.com\/pt\/121586\/"},"modified":"2025-10-22T10:54:08","modified_gmt":"2025-10-22T10:54:08","slug":"escola-de-gestao-da-uminho-muda-para-instalacoes-de-nove-milhoes-no-centro-de-braga","status":"publish","type":"post","link":"https:\/\/www.europesays.com\/pt\/121586\/","title":{"rendered":"Escola de Gest\u00e3o da UMinho muda para instala\u00e7\u00f5es de nove milh\u00f5es no centro de Braga"},"content":{"rendered":"<p>        O JE avan\u00e7a em primeira m\u00e3o que o hist\u00f3rico Edif\u00edcio do Castelo que estava devoluto vai ser reabilitado para albergar a Escola de Forma\u00e7\u00e3o de Executivos da Universidade do Minho, num investimento de nove milh\u00f5es de euros. An\u00fancio do lan\u00e7amento da \u201cprimeira telha\u201d ser\u00e1 feito esta sexta-feira, 23, na presen\u00e7a dos parceiros.    <\/p>\n<p>A UMinhoExec \u2013 Escola de Forma\u00e7\u00e3o de Executivos da Universidade do Minho (ou, de forma simplificada, escola de neg\u00f3cios da UMinho) vai ocupar o hist\u00f3rico Edif\u00edcio do Castelo, no cora\u00e7\u00e3o da cidade de Braga, que estava devoluto, num investimento de nove milh\u00f5es de euros, adianta a institui\u00e7\u00e3o em primeira m\u00e3o ao Jornal Econ\u00f3mico.<\/p>\n<p>Pouco mais de metade do investimento \u2013 cinco milh\u00f5es de euros prov\u00eam do Portugal 2030, atrav\u00e9s da Comiss\u00e3o de Coordena\u00e7\u00e3o e Desenvolvimento Regional do Norte (CCDR-N) -, sendo os restantes garantidos pelo Munic\u00edpio de Braga e cerca de duas dezenas de entidades de v\u00e1rios sectores de atividade.<\/p>\n<p>Situado onde outrora se ergueu o castelo medieval da cidade, o Edif\u00edcio do Castelo sediou a Escola Industrial de Braga, a Escola Secund\u00e1ria Alberto Sampaio e, mais tarde, servi\u00e7os da UMinho, da autarquia e da Estradas de Portugal. <\/p>\n<p>\u201cEsta reabilita\u00e7\u00e3o simboliza a reaproxima\u00e7\u00e3o entre conhecimento, economia e territ\u00f3rio, ao transformar um edif\u00edcio devoluto num centro de forma\u00e7\u00e3o e inova\u00e7\u00e3o e ao modificar a natureza da UMinhoExec, abrindo-a \u00e0 participa\u00e7\u00e3o do sector privado\u201d, salienta a institui\u00e7\u00e3o. <\/p>\n<p>A \u201ccerim\u00f3nia de lan\u00e7amento da primeira telha\u201d tem lugar esta sexta-feira, 23 de outubro, e vai contar com os respons\u00e1veis da CCDR-Norte, do Munic\u00edpio de Braga, da UMinho e os representantes das 20 associadas fundadoras da UMinhoExec: Torrestir, dst group, Bragalux, Onires, IBG Europe, Mecwide, SC Braga, Grupo Casais, Officetotal Food Brands, Banco Carregosa, Grupo Erre, Impetus, Navarra, HUB7, Ordem dos Contabilistas Certificados, Petrotec, PwC, Silsa Confec\u00e7\u00f5es, Cachapuz e NBKS Digital Services.<\/p>\n<p>A UMinhoExec nasceu h\u00e1 pouco mais de uma d\u00e9cada e est\u00e1 ligada \u00e0 Escola de Economia, Gest\u00e3o e Ci\u00eancia Pol\u00edtica da UMinho, cujo presidente \u00e9 Lu\u00eds Aguiar-Conraria.<\/p>\n<p>A sua atividade tem tido impacto direto na qualifica\u00e7\u00e3o de quadros superiores e dirigentes da regi\u00e3o e do pa\u00eds, contando com mais de 6000 diplomados e de 160 programas realizados nas \u00e1reas de Gest\u00e3o, Recursos Humanos, Gest\u00e3o e Administra\u00e7\u00e3o P\u00fablica, Contrata\u00e7\u00e3o P\u00fablica, Marketing, Estrat\u00e9gia, entre outros, al\u00e9m de p\u00f3s-gradua\u00e7\u00f5es \u00e0 medida para institui\u00e7\u00f5es, como a Caixa Geral de Dep\u00f3sitos, o Instituto de Seguran\u00e7a Social ou a Autoridade Tribu\u00e1ria, e projetos de consultoria empresarial\/institucional.\u00a0<\/p>\n<p>\u201cA nova casa vai permitir aproximar o ensino superior do tecido empresarial e dos desafios da economia contempor\u00e2nea, acentuando em paralelo o foco em inova\u00e7\u00e3o, forma\u00e7\u00e3o h\u00edbrida, laborat\u00f3rios tecnol\u00f3gicos e atra\u00e7\u00e3o de talento\u201d, salienta ainda a UMinho.<\/p>\n<p>\u00a0<\/p>\n","protected":false},"excerpt":{"rendered":"O JE avan\u00e7a em primeira m\u00e3o que o hist\u00f3rico Edif\u00edcio do Castelo que estava devoluto vai ser reabilitado&hellip;\n","protected":false},"author":2,"featured_media":121587,"comment_status":"","ping_status":"","sticky":false,"template":"","format":"standard","meta":{"footnotes":""},"categories":[83],"tags":[14283,1912,28122,88,28123,28124,89,28125,90,28126,8344,28127,28128,28129,28130,28131,28132,9399,28133,28134,28135,28136,28137,28138,28139,28140,32,33,9832,136,28141,28142,28143],"class_list":{"0":"post-121586","1":"post","2":"type-post","3":"status-publish","4":"format-standard","5":"has-post-thumbnail","7":"category-empresas","8":"tag-banco-carregosa","9":"tag-braga","10":"tag-bragalux","11":"tag-business","12":"tag-cachapuz","13":"tag-dst-group","14":"tag-economy","15":"tag-edificio-do-castelo","16":"tag-empresas","17":"tag-escola-de-gestao","18":"tag-formacao","19":"tag-formacao-executiva","20":"tag-grupo-casais","21":"tag-grupo-erre","22":"tag-hub7","23":"tag-ibg-europe","24":"tag-impetus","25":"tag-investimento","26":"tag-luis-aguiar-conraria","27":"tag-mecwide","28":"tag-navarra","29":"tag-nbks-digital-services","30":"tag-officetotal-food-brands","31":"tag-onires","32":"tag-ordem-dos-contabilistas-certificados","33":"tag-petrotec","34":"tag-portugal","35":"tag-pt","36":"tag-pwc","37":"tag-sc-braga","38":"tag-silsa-confeccoes","39":"tag-torrestir","40":"tag-uminho"},"share_on_mastodon":{"url":"","error":"Validation failed: Text character limit of 500 exceeded"},"_links":{"self":[{"href":"https:\/\/www.europesays.com\/pt\/wp-json\/wp\/v2\/posts\/121586","targetHints":{"allow":["GET"]}}],"collection":[{"href":"https:\/\/www.europesays.com\/pt\/wp-json\/wp\/v2\/posts"}],"about":[{"href":"https:\/\/www.europesays.com\/pt\/wp-json\/wp\/v2\/types\/post"}],"author":[{"embeddable":true,"href":"https:\/\/www.europesays.com\/pt\/wp-json\/wp\/v2\/users\/2"}],"replies":[{"embeddable":true,"href":"https:\/\/www.europesays.com\/pt\/wp-json\/wp\/v2\/comments?post=121586"}],"version-history":[{"count":0,"href":"https:\/\/www.europesays.com\/pt\/wp-json\/wp\/v2\/posts\/121586\/revisions"}],"wp:featuredmedia":[{"embeddable":true,"href":"https:\/\/www.europesays.com\/pt\/wp-json\/wp\/v2\/media\/121587"}],"wp:attachment":[{"href":"https:\/\/www.europesays.com\/pt\/wp-json\/wp\/v2\/media?parent=121586"}],"wp:term":[{"taxonomy":"category","embeddable":true,"href":"https:\/\/www.europesays.com\/pt\/wp-json\/wp\/v2\/categories?post=121586"},{"taxonomy":"post_tag","embeddable":true,"href":"https:\/\/www.europesays.com\/pt\/wp-json\/wp\/v2\/tags?post=121586"}],"curies":[{"name":"wp","href":"https:\/\/api.w.org\/{rel}","templated":true}]}}