{"id":121590,"date":"2025-10-22T11:01:17","date_gmt":"2025-10-22T11:01:17","guid":{"rendered":"https:\/\/www.europesays.com\/pt\/121590\/"},"modified":"2025-10-22T11:01:17","modified_gmt":"2025-10-22T11:01:17","slug":"vem-ai-em-a-protegida-mariana-aceita-dar-o-no-com-jd-num-casamento-relampago-novelas","status":"publish","type":"post","link":"https:\/\/www.europesays.com\/pt\/121590\/","title":{"rendered":"Vem a\u00ed em \u00abA Protegida\u00bb: Mariana aceita dar o n\u00f3 com JD, num casamento rel\u00e2mpago &#8211; Novelas"},"content":{"rendered":"<p>Em \u00abA Protegida\u00bb, <a href=\"https:\/\/tvi.iol.pt\/novelas\/ator\/mariana-vilalobos\/67ac80ecd34ef72ee44224fe\" wbo-id=\"51\" rel=\"nofollow noopener\" target=\"_blank\">Mariana (Matilde Reym\u00e3o)<\/a>\u00a0entra com <a href=\"https:\/\/tvi.iol.pt\/novelas\/ator\/benedita-vilalobos\/67ac818fd34ef72ee4422507\" rel=\"nofollow noopener\" target=\"_blank\">Benedita (Maria do C\u00e9u Guerra)<\/a>\u00a0e surpreende-se ao ver a estufa decorada de forma rom\u00e2ntica. Depois v\u00ea que <a href=\"https:\/\/tvi.iol.pt\/novelas\/ator\/jose-diogo\/67ac875bd34ef72ee4422589\" wbo-id=\"52\" rel=\"nofollow noopener\" target=\"_blank\">Jos\u00e9 Diogo (Pedro Sousa)<\/a>\u00a0com Carlota ao colo, acompanhado por um conservador. Mariana pergunta o que \u00e9 aquilo e JD diz-lhe que \u00e9 o casamento deles. Mariana est\u00e1 incr\u00e9dula. Benedita pede-lhe para lhe fazer a vontade. Mariana emociona-se.<\/p>\n<p>Mariana tenta controlar as l\u00e1grimas, entre a emo\u00e7\u00e3o e a surpresa. Mariana n\u00e3o acredita que JD cedeu \u00e0 press\u00e3o de Benedita. Ele confessa que sempre quis casar com ela e n\u00e3o foi dif\u00edcil convenc\u00ea-lo. JD diz que a \u00fanica certeza que tem, \u00e9 que quer ficar com ela para sempre. Mariana sorri e embarca na aventura.<\/p>\n","protected":false},"excerpt":{"rendered":"Em \u00abA Protegida\u00bb, Mariana (Matilde Reym\u00e3o)\u00a0entra com Benedita (Maria do C\u00e9u Guerra)\u00a0e surpreende-se ao ver a estufa decorada&hellip;\n","protected":false},"author":2,"featured_media":121591,"comment_status":"","ping_status":"","sticky":false,"template":"","format":"standard","meta":{"footnotes":""},"categories":[142],"tags":[168,160,6416,166,114,115,157,167,14916,164,6415,884,881,161,158,165,159,32,33,156,163,151,162],"class_list":{"0":"post-121590","1":"post","2":"type-post","3":"status-publish","4":"format-standard","5":"has-post-thumbnail","7":"category-tv","8":"tag-a-protegida","9":"tag-ana-guiomar","10":"tag-benedita","11":"tag-cristina-ferreira","12":"tag-entertainment","13":"tag-entretenimento","14":"tag-festa-e-festa","15":"tag-ficcao","16":"tag-jd","17":"tag-jose-fidalgo","18":"tag-maria-do-ceu-guerra","19":"tag-mariana","20":"tag-matilde-reymao","21":"tag-novelas","22":"tag-para-sempre","23":"tag-pedro-sousa","24":"tag-pedro-teixeira","25":"tag-portugal","26":"tag-pt","27":"tag-queridos-papas","28":"tag-tiago-teotonio-pereira","29":"tag-tv","30":"tag-tvi"},"share_on_mastodon":{"url":"https:\/\/pubeurope.com\/@pt\/115417480184556066","error":""},"_links":{"self":[{"href":"https:\/\/www.europesays.com\/pt\/wp-json\/wp\/v2\/posts\/121590","targetHints":{"allow":["GET"]}}],"collection":[{"href":"https:\/\/www.europesays.com\/pt\/wp-json\/wp\/v2\/posts"}],"about":[{"href":"https:\/\/www.europesays.com\/pt\/wp-json\/wp\/v2\/types\/post"}],"author":[{"embeddable":true,"href":"https:\/\/www.europesays.com\/pt\/wp-json\/wp\/v2\/users\/2"}],"replies":[{"embeddable":true,"href":"https:\/\/www.europesays.com\/pt\/wp-json\/wp\/v2\/comments?post=121590"}],"version-history":[{"count":0,"href":"https:\/\/www.europesays.com\/pt\/wp-json\/wp\/v2\/posts\/121590\/revisions"}],"wp:featuredmedia":[{"embeddable":true,"href":"https:\/\/www.europesays.com\/pt\/wp-json\/wp\/v2\/media\/121591"}],"wp:attachment":[{"href":"https:\/\/www.europesays.com\/pt\/wp-json\/wp\/v2\/media?parent=121590"}],"wp:term":[{"taxonomy":"category","embeddable":true,"href":"https:\/\/www.europesays.com\/pt\/wp-json\/wp\/v2\/categories?post=121590"},{"taxonomy":"post_tag","embeddable":true,"href":"https:\/\/www.europesays.com\/pt\/wp-json\/wp\/v2\/tags?post=121590"}],"curies":[{"name":"wp","href":"https:\/\/api.w.org\/{rel}","templated":true}]}}