{"id":121617,"date":"2025-10-22T11:24:16","date_gmt":"2025-10-22T11:24:16","guid":{"rendered":"https:\/\/www.europesays.com\/pt\/121617\/"},"modified":"2025-10-22T11:24:16","modified_gmt":"2025-10-22T11:24:16","slug":"misseis-de-fabrico-britanico-atingem-infraestrutura-russa","status":"publish","type":"post","link":"https:\/\/www.europesays.com\/pt\/121617\/","title":{"rendered":"M\u00edsseis de fabrico brit\u00e2nico atingem infraestrutura russa"},"content":{"rendered":"<p>                    Kyev tem afirmado ser imperativo <b>atacar instala\u00e7\u00f5es russas<\/b> que desempenham um papel fundamental na guerra de Moscovo contra a Ucr\u00e2nia.<\/p>\n<p>\u201cA f\u00e1brica qu\u00edmica de Bryansk \u00e9 uma <b>instala\u00e7\u00e3o fundamental do complexo militar-industrial<\/b> do Estado agressor\u201d, afirmaram as For\u00e7as Armadas ucranianas na rede social X.<\/p>\n<p>De acordo com os militares, a f\u00e1brica \u201c<b>produz p\u00f3lvora, explosivos e componentes utilizados em muni\u00e7\u00f5es e m\u00edsseis<\/b> utilizados pelo inimigo para bombardear o territ\u00f3rio da Ucr\u00e2nia\u201d.<\/p>\n<p>Apesar de n\u00e3o ter comentado diretamente o ataque \u00e0 f\u00e1brica de Bryansk, o <b>Kremlin alerta o Ocidente para n\u00e3o fornecer m\u00edsseis de longo alcance \u00e0 Ucr\u00e2nia. <\/b><\/p>\n<p>Militarmente, a resposta de Moscovo n\u00e3o tardou e horas depois<b> atacou com drones e m\u00edsseis v\u00e1rias regi\u00f5es ucranianas<\/b>. Pelo menos seis pessoas morreram, incluindo duas crian\u00e7as, de acordo com Volodymyr Zelensky.<\/p>\n<p><img decoding=\"async\" src=\"https:\/\/www.europesays.com\/pt\/wp-content\/uploads\/2025\/10\/c1cf5d54d3c3e18486dfd18c417d38d7\"\/><br \/>\nFoto: Reuters<\/p>\n<p>&#13;<br \/>\nForam registados <b>cortes de energia<\/b> em Kiev e Dnipropetrovsk sendo que v\u00e1rios relatos indicam que a R\u00fassia ter\u00e1 atacado centrais t\u00e9rmicas.&#13;\n<\/p>\n<p>O \u201cpeso\u201d deste ataque com m\u00edsseis brit\u00e2nicos<br \/>\nEsta <b>foi a primeira vez que a Ucr\u00e2nia utilizou os m\u00edsseis Storm Shadow de longo alcance contra alvos dentro da R\u00fassia. <\/b><\/p>\n<p>Antes, <b>s\u00f3 h\u00e1 registo da utiliza\u00e7\u00e3o de armamento<\/b> do Ocidente dentro da R\u00fassia com a utiliza\u00e7\u00e3o dos m\u00edsseis <b>Atacms<\/b> fornecidos por Washington. <\/p>\n<p>A autoriza\u00e7\u00e3o foi dada pelo ent\u00e3o presidente norte-americano Joe Biden e <b>provocou uma rea\u00e7\u00e3o violenta de Moscovo.<\/b><\/p>\n<p>Quanto ao ataque com os Storm Shadows ocorreu no mesmo dia em que o primeiro-ministro brit\u00e2nico e outros l\u00edderes europeus prometeram <b>\u201caumentar a press\u00e3o sobre a economia russa e a sua ind\u00fastria de defesa\u201d<\/b>, at\u00e9 que Vladimir Putin \u201cesteja pronto para fazer a paz\u201d.<\/p>\n","protected":false},"excerpt":{"rendered":"Kyev tem afirmado ser imperativo atacar instala\u00e7\u00f5es russas que desempenham um papel fundamental na guerra de Moscovo contra&hellip;\n","protected":false},"author":2,"featured_media":121618,"comment_status":"","ping_status":"","sticky":false,"template":"","format":"standard","meta":{"footnotes":""},"categories":[50],"tags":[27,28,28150,28149,2655,15,16,830,14,25,26,21,22,4405,62,12,13,19,20,23,24,839,17,18,840,29,30,31,63,64,65],"class_list":{"0":"post-121617","1":"post","2":"type-post","3":"status-publish","4":"format-standard","5":"has-post-thumbnail","7":"category-mundo","8":"tag-breaking-news","9":"tag-breakingnews","10":"tag-britanicos","11":"tag-explosivos","12":"tag-fabrica","13":"tag-featured-news","14":"tag-featurednews","15":"tag-guerra","16":"tag-headlines","17":"tag-latest-news","18":"tag-latestnews","19":"tag-main-news","20":"tag-mainnews","21":"tag-misseis","22":"tag-mundo","23":"tag-news","24":"tag-noticias","25":"tag-noticias-principais","26":"tag-noticiasprincipais","27":"tag-principais-noticias","28":"tag-principaisnoticias","29":"tag-russia","30":"tag-top-stories","31":"tag-topstories","32":"tag-ucrania","33":"tag-ultimas","34":"tag-ultimas-noticias","35":"tag-ultimasnoticias","36":"tag-world","37":"tag-world-news","38":"tag-worldnews"},"share_on_mastodon":{"url":"https:\/\/pubeurope.com\/@pt\/115417570648047806","error":""},"_links":{"self":[{"href":"https:\/\/www.europesays.com\/pt\/wp-json\/wp\/v2\/posts\/121617","targetHints":{"allow":["GET"]}}],"collection":[{"href":"https:\/\/www.europesays.com\/pt\/wp-json\/wp\/v2\/posts"}],"about":[{"href":"https:\/\/www.europesays.com\/pt\/wp-json\/wp\/v2\/types\/post"}],"author":[{"embeddable":true,"href":"https:\/\/www.europesays.com\/pt\/wp-json\/wp\/v2\/users\/2"}],"replies":[{"embeddable":true,"href":"https:\/\/www.europesays.com\/pt\/wp-json\/wp\/v2\/comments?post=121617"}],"version-history":[{"count":0,"href":"https:\/\/www.europesays.com\/pt\/wp-json\/wp\/v2\/posts\/121617\/revisions"}],"wp:featuredmedia":[{"embeddable":true,"href":"https:\/\/www.europesays.com\/pt\/wp-json\/wp\/v2\/media\/121618"}],"wp:attachment":[{"href":"https:\/\/www.europesays.com\/pt\/wp-json\/wp\/v2\/media?parent=121617"}],"wp:term":[{"taxonomy":"category","embeddable":true,"href":"https:\/\/www.europesays.com\/pt\/wp-json\/wp\/v2\/categories?post=121617"},{"taxonomy":"post_tag","embeddable":true,"href":"https:\/\/www.europesays.com\/pt\/wp-json\/wp\/v2\/tags?post=121617"}],"curies":[{"name":"wp","href":"https:\/\/api.w.org\/{rel}","templated":true}]}}