{"id":121619,"date":"2025-10-22T11:27:10","date_gmt":"2025-10-22T11:27:10","guid":{"rendered":"https:\/\/www.europesays.com\/pt\/121619\/"},"modified":"2025-10-22T11:27:10","modified_gmt":"2025-10-22T11:27:10","slug":"matheus-martins-e-shia-phoenix-colocam-plano-em-pratica-e-encenam-falsa-discussao-acordou-estressadinho-record","status":"publish","type":"post","link":"https:\/\/www.europesays.com\/pt\/121619\/","title":{"rendered":"Matheus Martins e Shia Phoenix colocam plano em pr\u00e1tica e encenam falsa discuss\u00e3o: \u2018Acordou estressadinho?\u2019 \u2013 Record"},"content":{"rendered":"<p><img decoding=\"async\" data-chromatic=\"ignore\" alt=\"\" class=\"c-image\" loading=\"lazy\" src=\"https:\/\/www.europesays.com\/pt\/wp-content\/uploads\/2025\/10\/V7RWFWSEWRCZ5ACBXTYUTFJO2M.png\"  width=\"677\" height=\"339\"\/>Ser\u00e1 que a &#8216;treta fake&#8217; entre Shia e Matheus vai convencer os pe\u00f5es da sede? Reprodu\u00e7\u00e3o\/RecordPlus <\/p>\n<p class=\"jarvics:base-text-neutral-high-400 base-text-[calc(theme(fontSize.xs)_*_var(--font-size,_1))] base-font-normal base-font-primary base-text-neutral-low-500 base-text-left\">Tem at\u00e9 fogo no feno de mentirinha em <a href=\"https:\/\/record.r7.com\/a-fazenda\/a-fazenda-17\/\" rel=\"nofollow noopener\" title=\"https:\/\/record.r7.com\/a-fazenda\/a-fazenda-17\/\" target=\"_blank\"><b>A Fazenda 17<\/b><\/a>! <a href=\"https:\/\/record.r7.com\/a-fazenda\/a-fazenda-17\/novidades\/treta-a-vista-matheus-martins-e-shia-phoenix-planejam-briga-falsa-para-confundir-adversarios-20102025\/\" target=\"_blank\" rel=\"noreferrer nofollow noopener\" title=\"https:\/\/record.r7.com\/a-fazenda\/a-fazenda-17\/novidades\/treta-a-vista-matheus-martins-e-shia-phoenix-planejam-briga-falsa-para-confundir-adversarios-20102025\/\"><b>Como planejado na noite da \u00faltima segunda<\/b><\/a> (20), <a href=\"https:\/\/record.r7.com\/a-fazenda\/a-fazenda-17\/peoes\/matheus-martins\" target=\"_blank\" rel=\"noreferrer nofollow noopener\" title=\"https:\/\/record.r7.com\/a-fazenda\/a-fazenda-17\/peoes\/matheus-martins\"><b>Matheus Martins<\/b><\/a> e <a href=\"https:\/\/record.r7.com\/a-fazenda\/a-fazenda-17\/peoes\/shia-phoenix\" target=\"_blank\" rel=\"noreferrer nofollow noopener\" title=\"https:\/\/record.r7.com\/a-fazenda\/a-fazenda-17\/peoes\/shia-phoenix\"><b>Shia Phoenix<\/b><\/a> encenaram uma falsa treta na frente de todos os pe\u00f5es da sede. O objetivo dos aliados era despistar os advers\u00e1rios sobre o alvo do Fazendeiro<\/p>\n<p class=\"jarvics:base-text-neutral-high-400 base-text-[calc(theme(fontSize.xs)_*_var(--font-size,_1))] base-font-normal base-font-primary base-text-neutral-low-500 base-text-left\">A falsa confus\u00e3o come\u00e7ou com a ajuda de <a href=\"https:\/\/record.r7.com\/a-fazenda\/a-fazenda-17\/peoes\/wallas-arrais\" target=\"_blank\" rel=\"noreferrer nofollow noopener\" title=\"https:\/\/record.r7.com\/a-fazenda\/a-fazenda-17\/peoes\/wallas-arrais\"><b>Wallas Arrais<\/b><\/a> que foi c\u00famplice dos dois pe\u00f5es. Os aliados sa\u00edram da cozinha da sede discutindo em voz alta e foram parar na \u00e1rea externa, o contexto da briga seria uma poss\u00edvel mudan\u00e7a repentina de alvos do Fazendeiro. \u201cQuem tem que pensar \u00e9 voc\u00ea, moleque maluco! Acordou estressadinho?\u201d, disparou Shia.<\/p>\n<p class=\"jarvics:base-text-neutral-high-400 base-text-[calc(theme(fontSize.xs)_*_var(--font-size,_1))] base-font-normal base-font-primary base-text-neutral-low-500 base-text-left\">Ap\u00f3s o retorno de Matheus da academia a encena\u00e7\u00e3o continuou e desta vez, ficou ainda mais acalorada. Os pe\u00f5es come\u00e7aram a discutir ao ver <a href=\"https:\/\/record.r7.com\/a-fazenda\/a-fazenda-17\/peoes\/nizam-hayek\" target=\"_blank\" rel=\"noreferrer nofollow noopener\" title=\"https:\/\/record.r7.com\/a-fazenda\/a-fazenda-17\/peoes\/nizam-hayek\"><b>Nizam<\/b><\/a> na \u00e1rea externa da sede. \u201cVoc\u00ea fala uma coisa e faz outra, falso!\u201d, gritou Shia, enquanto Matheus completava: \u201cTem que ser bom para os dois!\u201d.<\/p>\n<p class=\"jarvics:base-text-neutral-high-400 base-text-[calc(theme(fontSize.xs)_*_var(--font-size,_1))] base-font-normal base-font-primary base-text-neutral-low-500 base-text-left\">No meio da discuss\u00e3o, os pe\u00f5es entraram na despensa para combinar os pr\u00f3ximos passos. Matheus contou para o ator que Nizam acreditou na treta: \u201cEu falei para ele que estou tentando salvar voc\u00eas, tenta falar mais alguma coisa agora\u201d. <\/p>\n<p class=\"jarvics:base-text-neutral-high-400 base-text-[calc(theme(fontSize.xs)_*_var(--font-size,_1))] base-font-normal base-font-primary base-text-neutral-low-500 base-text-left\">Shia mostrou que sabe atuar e saiu da despensa aos gritos: \u201cN\u00e3o esquece que seu poderzinho acaba, t\u00e1? Voc\u00ea j\u00e1 foi descoberto uma vez. Quando acabar, voc\u00ea volta a ser uma planta!\u201d.<\/p>\n<p><b>Veja o momento:<\/b><\/p>\n<p class=\"jarvics:base-text-neutral-high-400 base-text-[calc(theme(fontSize.xs)_*_var(--font-size,_1))] base-font-normal base-font-primary base-text-neutral-low-500 base-text-left\">Tentando deixar a encena\u00e7\u00e3o mais convincente, a briga fake continuou na \u00e1rea externa. Matheus se aproximou da roda onde estavam <a href=\"https:\/\/record.r7.com\/a-fazenda\/a-fazenda-17\/peoes\/creo-kellab\" target=\"_blank\" rel=\"noreferrer nofollow noopener\" title=\"https:\/\/record.r7.com\/a-fazenda\/a-fazenda-17\/peoes\/creo-kellab\"><b>Cr\u00e9o<\/b><\/a>, <a href=\"https:\/\/record.r7.com\/a-fazenda\/a-fazenda-17\/peoes\/toninho-tornado\" target=\"_blank\" rel=\"noreferrer nofollow noopener\" title=\"https:\/\/record.r7.com\/a-fazenda\/a-fazenda-17\/peoes\/toninho-tornado\"><b>Toninho<\/b><\/a>, <a href=\"https:\/\/record.r7.com\/a-fazenda\/a-fazenda-17\/peoes\/luiz-mesquita\" target=\"_blank\" rel=\"noreferrer nofollow noopener\" title=\"https:\/\/record.r7.com\/a-fazenda\/a-fazenda-17\/peoes\/luiz-mesquita\"><b>Mesquita<\/b><\/a> e <a href=\"https:\/\/record.r7.com\/a-fazenda\/a-fazenda-17\/peoes\/fabiano-moraes\" target=\"_blank\" rel=\"noreferrer nofollow noopener\" title=\"https:\/\/record.r7.com\/a-fazenda\/a-fazenda-17\/peoes\/fabiano-moraes\"><b>Fabiano<\/b><\/a> para tirar satisfa\u00e7\u00f5es com Shia: \u201cNos 45 minutos voc\u00ea quer mudar tudo? Voc\u00ea e seu grupinho a\u00ed!\u201d, disparou. O ator reagiu aos gritos: \u201cVoc\u00ea \u00e9 um falso!\u201d.<\/p>\n<p class=\"jarvics:base-text-neutral-high-400 base-text-[calc(theme(fontSize.xs)_*_var(--font-size,_1))] base-font-normal base-font-primary base-text-neutral-low-500 base-text-left\">A confus\u00e3o rapidamente chamou a aten\u00e7\u00e3o dos outros pe\u00f5es, que correram para ver o que estava acontecendo. Ningu\u00e9m desconfiou que o bate-boca era apenas uma encena\u00e7\u00e3o planejada pelos dois.<\/p>\n<p class=\"jarvics:base-text-neutral-high-400 base-text-[calc(theme(fontSize.xs)_*_var(--font-size,_1))] base-font-normal base-font-primary base-text-neutral-low-500 base-text-left\">Depois da discuss\u00e3o, o Fazendeiro se reuniu com <a href=\"https:\/\/record.r7.com\/a-fazenda\/a-fazenda-17\/peoes\/will-guimaraes\" rel=\"nofollow noopener\" title=\"Will Guimar&#xE3;es\" target=\"_blank\"><b>Will<\/b><\/a>, <a href=\"https:\/\/record.r7.com\/a-fazenda\/a-fazenda-17\/peoes\/maria-caporusso\" target=\"_blank\" rel=\"noreferrer nofollow noopener\" title=\"https:\/\/record.r7.com\/a-fazenda\/a-fazenda-17\/peoes\/maria-caporusso\"><b>Maria<\/b><\/a> e <a href=\"https:\/\/record.r7.com\/a-fazenda\/a-fazenda-17\/peoes\/nizam-hayek\" target=\"_blank\" rel=\"noreferrer nofollow noopener\" title=\"https:\/\/record.r7.com\/a-fazenda\/a-fazenda-17\/peoes\/nizam-hayek\"><b>Nizam<\/b><\/a> no quarto e despistou sobre a sua indica\u00e7\u00e3o: \u201cN\u00e3o sei se vou mudar\u201d. <\/p>\n<p class=\"jarvics:base-text-neutral-high-400 base-text-[calc(theme(fontSize.xs)_*_var(--font-size,_1))] base-font-normal base-font-primary base-text-neutral-low-500 base-text-left\">Fique ligado! <a href=\"https:\/\/record.r7.com\/a-fazenda\/a-fazenda-17\/\" rel=\"nofollow noopener\" title=\"https:\/\/record.r7.com\/a-fazenda\/a-fazenda-17\/\" target=\"_blank\"><b>A Fazenda 17<\/b><\/a> vai ao ar de segunda a domingo, \u00e0s 22h30, na tela da <a href=\"https:\/\/record.r7.com\/\" rel=\"nofollow noopener\" target=\"_blank\"><b>RECORD<\/b><\/a>. Assine o <a href=\"https:\/\/www.recordplus.com\/home\" rel=\"nofollow noopener\" title=\"https:\/\/www.recordplus.com\/home\" target=\"_blank\"><b>RecordPlus<\/b><\/a> e tenha acesso \u00e0s c\u00e2meras 24 horas.<\/p>\n<p><b>Entre tapa e quase beijo! Entenda a din\u00e2mica mais ca\u00f3tica de A Fazenda 17<\/b><\/p>\n<p class=\"jarvics:base-text-neutral-high-400 base-text-[calc(theme(fontSize.xxs)_*_var(--font-size,_1))] base-font-semibold base-font-primary base-text-neutral-low-500 base-text-left\">Tapa na cara, tens\u00e3o e romance! Na din\u00e2mica de apontamento, os pe\u00f5es precisaram entregar um convite para quem acreditavam ainda n\u00e3o ter entrado de verdade no jogo. Ap\u00f3s muitos desabafos e cr\u00edticas, os pe\u00f5es viveram uma das noites mais pol\u00eamicas da edi\u00e7\u00e3o. Veja tudo que aconteceu<\/p>\n","protected":false},"excerpt":{"rendered":"Ser\u00e1 que a &#8216;treta fake&#8217; entre Shia e Matheus vai convencer os pe\u00f5es da sede? Reprodu\u00e7\u00e3o\/RecordPlus Tem at\u00e9&hellip;\n","protected":false},"author":2,"featured_media":121620,"comment_status":"","ping_status":"","sticky":false,"template":"","format":"standard","meta":{"footnotes":""},"categories":[145],"tags":[657,211,210,114,115,21428,32,33,26042],"class_list":{"0":"post-121619","1":"post","2":"type-post","3":"status-publish","4":"format-standard","5":"has-post-thumbnail","7":"category-celebridades","8":"tag-a-fazenda","9":"tag-celebridades","10":"tag-celebrities","11":"tag-entertainment","12":"tag-entretenimento","13":"tag-matheus-martins","14":"tag-portugal","15":"tag-pt","16":"tag-shia-phoenix"},"share_on_mastodon":{"url":"https:\/\/pubeurope.com\/@pt\/115417582453184201","error":""},"_links":{"self":[{"href":"https:\/\/www.europesays.com\/pt\/wp-json\/wp\/v2\/posts\/121619","targetHints":{"allow":["GET"]}}],"collection":[{"href":"https:\/\/www.europesays.com\/pt\/wp-json\/wp\/v2\/posts"}],"about":[{"href":"https:\/\/www.europesays.com\/pt\/wp-json\/wp\/v2\/types\/post"}],"author":[{"embeddable":true,"href":"https:\/\/www.europesays.com\/pt\/wp-json\/wp\/v2\/users\/2"}],"replies":[{"embeddable":true,"href":"https:\/\/www.europesays.com\/pt\/wp-json\/wp\/v2\/comments?post=121619"}],"version-history":[{"count":0,"href":"https:\/\/www.europesays.com\/pt\/wp-json\/wp\/v2\/posts\/121619\/revisions"}],"wp:featuredmedia":[{"embeddable":true,"href":"https:\/\/www.europesays.com\/pt\/wp-json\/wp\/v2\/media\/121620"}],"wp:attachment":[{"href":"https:\/\/www.europesays.com\/pt\/wp-json\/wp\/v2\/media?parent=121619"}],"wp:term":[{"taxonomy":"category","embeddable":true,"href":"https:\/\/www.europesays.com\/pt\/wp-json\/wp\/v2\/categories?post=121619"},{"taxonomy":"post_tag","embeddable":true,"href":"https:\/\/www.europesays.com\/pt\/wp-json\/wp\/v2\/tags?post=121619"}],"curies":[{"name":"wp","href":"https:\/\/api.w.org\/{rel}","templated":true}]}}