{"id":121621,"date":"2025-10-22T11:30:17","date_gmt":"2025-10-22T11:30:17","guid":{"rendered":"https:\/\/www.europesays.com\/pt\/121621\/"},"modified":"2025-10-22T11:30:17","modified_gmt":"2025-10-22T11:30:17","slug":"ricardo-martins-pereira-ja-foi-pai-pela-quarta-vez-o-nome-escolhido-e-as-primeiras-fotos-do-bebe-big-brother","status":"publish","type":"post","link":"https:\/\/www.europesays.com\/pt\/121621\/","title":{"rendered":"Ricardo Martins Pereira j\u00e1 foi pai pela quarta vez: o nome escolhido e as primeiras fotos do beb\u00e9 &#8211; Big Brother"},"content":{"rendered":"<p><strong>Ricardo Martins Pereira foi pai pela quarta vez<\/strong>! O <a href=\"https:\/\/tvi.iol.pt\/secretstory\/noticias\" rel=\"nofollow noopener\" target=\"_blank\">ex-comentador d<\/a><strong><a href=\"https:\/\/tvi.iol.pt\/secretstory\/noticias\" rel=\"nofollow noopener\" target=\"_blank\">&#8216;O Dilema<\/a>, da TVI,<\/strong> j\u00e1 tem o primeiro filho fruto da rela\u00e7\u00e3o com Sara Veloso nos bra\u00e7os e deu a novidade atrav\u00e9s das redes sociais.<\/p>\n<p>\u00abMundo, aqui est\u00e1 o nosso <a href=\"https:\/\/www.instagram.com\/p\/DQE2wvvDNes\/?img_index=1\" rel=\"nofollow noopener\" target=\"_blank\">Manuel Veloso Martins<\/a>. Chegou esta ter\u00e7a, 21, depois de quase 24 horas a avisar que vinha a\u00ed. Abriu o olho \u00e0s 00:25 horas e trazia 3,275 quilos de gente em 50,2 cm. Dizem que tem a boca do pai e, a julgar pela primeira noite, o feitio da m\u00e3e (fica ao vosso crit\u00e9rio decidir se \u00e9 uma virtude ou defeito). Bem-vindo, beb\u00e9. O mundo ganhou mais um benfiquista\u00bb, escreveu, na legenda de um conjunto de fotografias em que mostra o rosto do menino.<\/p>\n<p><strong>Pode ver aqui a publica\u00e7\u00e3o:\u00a0<\/strong><\/p>\n<blockquote class=\"instagram-media\" data-instgrm-captioned=\"\" data-instgrm-permalink=\"https:\/\/www.instagram.com\/p\/DQE2wvvDNes\/?utm_source=ig_embed&amp;utm_campaign=loading\" data-instgrm-version=\"14\" style=\" background:#FFF; border:0; border-radius:3px; box-shadow:0 0 1px 0 rgba(0,0,0,0.5),0 1px 10px 0 rgba(0,0,0,0.15); margin: 1px; max-width:540px; min-width:326px; padding:0; width:99.375%; width:-webkit-calc(100% - 2px); width:calc(100% - 2px);\">\n<\/blockquote>\n<p>                        <script async src=\"\/\/www.instagram.com\/embed.js\"><\/script><\/p>\n","protected":false},"excerpt":{"rendered":"Ricardo Martins Pereira foi pai pela quarta vez! O ex-comentador d&#8216;O Dilema, da TVI, j\u00e1 tem o primeiro&hellip;\n","protected":false},"author":2,"featured_media":121349,"comment_status":"","ping_status":"","sticky":false,"template":"","format":"standard","meta":{"footnotes":""},"categories":[142],"tags":[331,48,329,333,328,335,336,114,115,334,332,3435,330,13,32,33,5265,151,162,227],"class_list":{"0":"post-121621","1":"post","2":"type-post","3":"status-publish","4":"format-standard","5":"has-post-thumbnail","7":"category-tv","8":"tag-big","9":"tag-big-brother","10":"tag-claudio-ramos","11":"tag-comentadores","12":"tag-concorrentes","13":"tag-confrontos","14":"tag-discussoes","15":"tag-entertainment","16":"tag-entretenimento","17":"tag-exclusivos","18":"tag-expulso","19":"tag-filho","20":"tag-gala","21":"tag-noticias","22":"tag-portugal","23":"tag-pt","24":"tag-ricardo-martins-pereira","25":"tag-tv","26":"tag-tvi","27":"tag-videos"},"share_on_mastodon":{"url":"https:\/\/pubeurope.com\/@pt\/115417594162266263","error":""},"_links":{"self":[{"href":"https:\/\/www.europesays.com\/pt\/wp-json\/wp\/v2\/posts\/121621","targetHints":{"allow":["GET"]}}],"collection":[{"href":"https:\/\/www.europesays.com\/pt\/wp-json\/wp\/v2\/posts"}],"about":[{"href":"https:\/\/www.europesays.com\/pt\/wp-json\/wp\/v2\/types\/post"}],"author":[{"embeddable":true,"href":"https:\/\/www.europesays.com\/pt\/wp-json\/wp\/v2\/users\/2"}],"replies":[{"embeddable":true,"href":"https:\/\/www.europesays.com\/pt\/wp-json\/wp\/v2\/comments?post=121621"}],"version-history":[{"count":0,"href":"https:\/\/www.europesays.com\/pt\/wp-json\/wp\/v2\/posts\/121621\/revisions"}],"wp:featuredmedia":[{"embeddable":true,"href":"https:\/\/www.europesays.com\/pt\/wp-json\/wp\/v2\/media\/121349"}],"wp:attachment":[{"href":"https:\/\/www.europesays.com\/pt\/wp-json\/wp\/v2\/media?parent=121621"}],"wp:term":[{"taxonomy":"category","embeddable":true,"href":"https:\/\/www.europesays.com\/pt\/wp-json\/wp\/v2\/categories?post=121621"},{"taxonomy":"post_tag","embeddable":true,"href":"https:\/\/www.europesays.com\/pt\/wp-json\/wp\/v2\/tags?post=121621"}],"curies":[{"name":"wp","href":"https:\/\/api.w.org\/{rel}","templated":true}]}}