{"id":121629,"date":"2025-10-22T11:38:13","date_gmt":"2025-10-22T11:38:13","guid":{"rendered":"https:\/\/www.europesays.com\/pt\/121629\/"},"modified":"2025-10-22T11:38:13","modified_gmt":"2025-10-22T11:38:13","slug":"quase-40-empresas-vao-estar-a-recrutar-amanha-na-primeira-feira-de-emprego-para-pessoas-com-deficiencia-na-nova-sbe-human-resources","status":"publish","type":"post","link":"https:\/\/www.europesays.com\/pt\/121629\/","title":{"rendered":"Quase 40 empresas v\u00e3o estar a recrutar amanh\u00e3 na primeira Feira de Emprego para Pessoas com Defici\u00eancia na Nova SBE \u2013 Human Resources"},"content":{"rendered":"\n<p>Quase 40 empresas v\u00e3o estar a recrutar amanh\u00e3 na primeira Feira de Emprego para Pessoas com Defici\u00eancia na Nova SBE \u2013 Human Resources<\/p>\n<ul class=\"bf-breadcrumb-items\" itemscope=\"\" itemtype=\"http:\/\/schema.org\/BreadcrumbList\">\n<li itemprop=\"itemListElement\" itemscope=\"\" itemtype=\"http:\/\/schema.org\/ListItem\" class=\"bf-breadcrumb-item bf-breadcrumb-begin\"><a itemprop=\"item\" href=\"https:\/\/hrportugal.sapo.pt\" rel=\"home nofollow noopener\" target=\"_blank\">Home<\/a><\/li>\n<li itemprop=\"itemListElement\" itemscope=\"\" itemtype=\"http:\/\/schema.org\/ListItem\" class=\"bf-breadcrumb-item\"><a itemprop=\"item\" href=\"https:\/\/hrportugal.sapo.pt\/categoria\/linkedin\/\" rel=\"nofollow noopener\" target=\"_blank\">Linkedin<\/a><\/li>\n<li itemprop=\"itemListElement\" itemscope=\"\" itemtype=\"http:\/\/schema.org\/ListItem\" class=\"bf-breadcrumb-item bf-breadcrumb-end\">Quase 40 empresas v\u00e3o estar a recrutar amanh\u00e3 na primeira Feira de Emprego para Pessoas com Defici\u00eancia na Nova SBE<\/li>\n<\/ul>\n","protected":false},"excerpt":{"rendered":"Quase 40 empresas v\u00e3o estar a recrutar amanh\u00e3 na primeira Feira de Emprego para Pessoas com Defici\u00eancia na&hellip;\n","protected":false},"author":2,"featured_media":121630,"comment_status":"","ping_status":"","sticky":false,"template":"","format":"standard","meta":{"footnotes":""},"categories":[83],"tags":[88,89,90,619,13827,32,33,4429],"class_list":{"0":"post-121629","1":"post","2":"type-post","3":"status-publish","4":"format-standard","5":"has-post-thumbnail","7":"category-empresas","8":"tag-business","9":"tag-economy","10":"tag-empresas","11":"tag-nacional","12":"tag-nova-sbe","13":"tag-portugal","14":"tag-pt","15":"tag-recrutamento"},"share_on_mastodon":{"url":"https:\/\/pubeurope.com\/@pt\/115417625649044465","error":""},"_links":{"self":[{"href":"https:\/\/www.europesays.com\/pt\/wp-json\/wp\/v2\/posts\/121629","targetHints":{"allow":["GET"]}}],"collection":[{"href":"https:\/\/www.europesays.com\/pt\/wp-json\/wp\/v2\/posts"}],"about":[{"href":"https:\/\/www.europesays.com\/pt\/wp-json\/wp\/v2\/types\/post"}],"author":[{"embeddable":true,"href":"https:\/\/www.europesays.com\/pt\/wp-json\/wp\/v2\/users\/2"}],"replies":[{"embeddable":true,"href":"https:\/\/www.europesays.com\/pt\/wp-json\/wp\/v2\/comments?post=121629"}],"version-history":[{"count":0,"href":"https:\/\/www.europesays.com\/pt\/wp-json\/wp\/v2\/posts\/121629\/revisions"}],"wp:featuredmedia":[{"embeddable":true,"href":"https:\/\/www.europesays.com\/pt\/wp-json\/wp\/v2\/media\/121630"}],"wp:attachment":[{"href":"https:\/\/www.europesays.com\/pt\/wp-json\/wp\/v2\/media?parent=121629"}],"wp:term":[{"taxonomy":"category","embeddable":true,"href":"https:\/\/www.europesays.com\/pt\/wp-json\/wp\/v2\/categories?post=121629"},{"taxonomy":"post_tag","embeddable":true,"href":"https:\/\/www.europesays.com\/pt\/wp-json\/wp\/v2\/tags?post=121629"}],"curies":[{"name":"wp","href":"https:\/\/api.w.org\/{rel}","templated":true}]}}