{"id":121631,"date":"2025-10-22T11:39:11","date_gmt":"2025-10-22T11:39:11","guid":{"rendered":"https:\/\/www.europesays.com\/pt\/121631\/"},"modified":"2025-10-22T11:39:11","modified_gmt":"2025-10-22T11:39:11","slug":"melania-trump-e-jornalista-michael-wolff-em-guerra-aberta-devido-a-livro-polemico","status":"publish","type":"post","link":"https:\/\/www.europesays.com\/pt\/121631\/","title":{"rendered":"Melania Trump e jornalista Michael Wolff em guerra aberta devido a livro pol\u00e9mico"},"content":{"rendered":"<p>Michael Wolff, conhecido pelas suas obras pol\u00e9micas sobre a fam\u00edlia Trump, avan\u00e7ou com um processo judicial contra Melania Trump. A a\u00e7\u00e3o, divulgada pelo site TMZ, acusa a primeira-dama dos Estados Unidos de difama\u00e7\u00e3o e de ter interferido deliberadamente num contrato editorial avaliado em milh\u00f5es de d\u00f3lares.<\/p>\n<p data-remotead-prev-elm=\"true\" data-remotead-elm-id=\"inread\">Nos documentos entregues em tribunal, o jornalista afirma que Melania &#8220;agiu de forma maliciosa&#8221; ao tentar impedir a publica\u00e7\u00e3o do seu novo livro, intitulado &#8220;The Art of Her Deal: The Untold Story of Melania Trump&#8221;. Segundo o autor, Melania e a sua equipa ter\u00e3o divulgado informa\u00e7\u00f5es falsas, alegando que ele inventou entrevistas, intimidou fontes e &#8220;fabricou mentiras para lucrar&#8221;.<\/p>\n<p>Essas declara\u00e7\u00f5es, garante o jornalista, afastaram distribuidores internacionais e provocaram-lhe perdas financeiras significativas. Wolff diz ainda ter provas de que Melania instruiu uma ag\u00eancia de rela\u00e7\u00f5es p\u00fablicas a contactar v\u00e1rios meios de comunica\u00e7\u00e3o, amea\u00e7ando processar quem noticiasse o livro.<\/p>\n<p>Acusa\u00e7\u00f5es cruzadas e uma batalha pela imagem p\u00fablica<\/p>\n<p data-remotead-prev-elm=\"true\" data-remotead-elm-id=\"centro1\">No centro da disputa est\u00e1 tamb\u00e9m uma carta dos advogados de Melania Trump, anexada ao processo, onde exigem que Wolff se retrate de declara\u00e7\u00f5es feitas ao site &#8220;Daily Beast&#8221;. Nessa entrevista, o jornalista sugeria que Melania estaria &#8220;muito envolvida&#8221; no esc\u00e2ndalo de Jeffrey Epstein e poderia ser &#8220;a pe\u00e7a que faltava&#8221; na liga\u00e7\u00e3o entre o presidente e o milion\u00e1rio condenado por crimes sexuais.<\/p>\n<p>A defesa da primeira-dama classificou as acusa\u00e7\u00f5es como &#8220;completamente falsas e difamat\u00f3rias&#8221;. Agora, Michael Wolff pede ao tribunal que declare as afirma\u00e7\u00f5es do seu livro n\u00e3o difamat\u00f3rias e responsabilize Melania por qualquer tentativa futura de o impedir de publicar.<\/p>\n<p data-remotead-prev-elm=\"true\" data-remotead-elm-id=\"centro2\">At\u00e9 ao momento, os representantes de Melania Trump n\u00e3o comentaram o processo.<\/p>\n","protected":false},"excerpt":{"rendered":"Michael Wolff, conhecido pelas suas obras pol\u00e9micas sobre a fam\u00edlia Trump, avan\u00e7ou com um processo judicial contra Melania&hellip;\n","protected":false},"author":2,"featured_media":121632,"comment_status":"","ping_status":"","sticky":false,"template":"","format":"standard","meta":{"footnotes":""},"categories":[50],"tags":[27,28,449,15,16,14,25,26,237,21,22,10136,28152,62,12,13,19,20,2771,28151,23,24,4685,17,18,29,30,31,63,64,65],"class_list":{"0":"post-121631","1":"post","2":"type-post","3":"status-publish","4":"format-standard","5":"has-post-thumbnail","7":"category-mundo","8":"tag-breaking-news","9":"tag-breakingnews","10":"tag-difamacao","11":"tag-featured-news","12":"tag-featurednews","13":"tag-headlines","14":"tag-latest-news","15":"tag-latestnews","16":"tag-livro","17":"tag-main-news","18":"tag-mainnews","19":"tag-melania-trump","20":"tag-michael-wolff","21":"tag-mundo","22":"tag-news","23":"tag-noticias","24":"tag-noticias-principais","25":"tag-noticiasprincipais","26":"tag-polemica","27":"tag-primeira-dama-dos-eua","28":"tag-principais-noticias","29":"tag-principaisnoticias","30":"tag-processo","31":"tag-top-stories","32":"tag-topstories","33":"tag-ultimas","34":"tag-ultimas-noticias","35":"tag-ultimasnoticias","36":"tag-world","37":"tag-world-news","38":"tag-worldnews"},"share_on_mastodon":{"url":"","error":"Validation failed: Text character limit of 500 exceeded"},"_links":{"self":[{"href":"https:\/\/www.europesays.com\/pt\/wp-json\/wp\/v2\/posts\/121631","targetHints":{"allow":["GET"]}}],"collection":[{"href":"https:\/\/www.europesays.com\/pt\/wp-json\/wp\/v2\/posts"}],"about":[{"href":"https:\/\/www.europesays.com\/pt\/wp-json\/wp\/v2\/types\/post"}],"author":[{"embeddable":true,"href":"https:\/\/www.europesays.com\/pt\/wp-json\/wp\/v2\/users\/2"}],"replies":[{"embeddable":true,"href":"https:\/\/www.europesays.com\/pt\/wp-json\/wp\/v2\/comments?post=121631"}],"version-history":[{"count":0,"href":"https:\/\/www.europesays.com\/pt\/wp-json\/wp\/v2\/posts\/121631\/revisions"}],"wp:featuredmedia":[{"embeddable":true,"href":"https:\/\/www.europesays.com\/pt\/wp-json\/wp\/v2\/media\/121632"}],"wp:attachment":[{"href":"https:\/\/www.europesays.com\/pt\/wp-json\/wp\/v2\/media?parent=121631"}],"wp:term":[{"taxonomy":"category","embeddable":true,"href":"https:\/\/www.europesays.com\/pt\/wp-json\/wp\/v2\/categories?post=121631"},{"taxonomy":"post_tag","embeddable":true,"href":"https:\/\/www.europesays.com\/pt\/wp-json\/wp\/v2\/tags?post=121631"}],"curies":[{"name":"wp","href":"https:\/\/api.w.org\/{rel}","templated":true}]}}