{"id":121637,"date":"2025-10-22T11:48:23","date_gmt":"2025-10-22T11:48:23","guid":{"rendered":"https:\/\/www.europesays.com\/pt\/121637\/"},"modified":"2025-10-22T11:48:23","modified_gmt":"2025-10-22T11:48:23","slug":"gp-mexico-de-f1-informacoes-estatisticas-e-horarios","status":"publish","type":"post","link":"https:\/\/www.europesays.com\/pt\/121637\/","title":{"rendered":"GP M\u00e9xico de F1: Informa\u00e7\u00f5es, estat\u00edsticas e hor\u00e1rios"},"content":{"rendered":"<p>A F\u00f3rmula 1 segue para o Grande Pr\u00e9mio da Cidade do M\u00e9xico, realizado no Aut\u00f3dromo Hermanos Rodr\u00edguez, conhecido pelo ambiente vibrante e pela altitude que influencia o desempenho dos carros. <\/p>\n<p>O circuito Aut\u00f3dromo Hermanos Rodr\u00edguez, batizado em homenagem aos irm\u00e3os Rodr\u00edguez, j\u00e1 recebeu 24 edi\u00e7\u00f5es do Grande Pr\u00e9mio do M\u00e9xico, sendo as quatro mais recentes designadas como Grande Pr\u00e9mio da Cidade do M\u00e9xico. Max Verstappen \u00e9 o piloto com mais vit\u00f3rias no tra\u00e7ado, somando cinco triunfos (2017, 2018, 2021, 2022 e 2023), todas com a Red Bull.<\/p>\n<p>A estat\u00edsitca<\/p>\n<p>Nos anos 1960, Jim Clark (Lotus) destacou-se com quatro pole positions entre 1963 e 1967. As duas mais recentes foram conquistadas pela Ferrari, com Charles Leclerc em 2023 e Carlos Sainz em 2024 \u2014 ano em que o espanhol, atualmente na Williams, obteve a sua \u00faltima vit\u00f3ria at\u00e9 \u00e0 data. O circuito tamb\u00e9m tem um significado especial para Lewis Hamilton, que celebrou ali os seus t\u00edtulos mundiais de 2017 e 2018, e det\u00e9m o recorde de p\u00f3dios na prova, com seis presen\u00e7as.<\/p>\n<p><img loading=\"lazy\" decoding=\"async\" width=\"1920\" height=\"1080\" data-lazy-type=\"image\" src=\"https:\/\/www.europesays.com\/pt\/wp-content\/uploads\/2025\/10\/1920-20-mx25-preview-en.jpg\" alt=\"\" class=\"lazy lazy-hidden wp-image-731747\"\/><br \/>\nFim do programa de desenvolvimento para 2026<\/p>\n<p>A Pirelli conclui na Cidade do M\u00e9xico o longo programa de desenvolvimento e valida\u00e7\u00e3o dos pneus para 2026, com um teste final marcado para os dias 28 e 29 de outubro, envolvendo as equipas Sauber e Mercedes. Nesta sess\u00e3o ser\u00e3o avaliados os compostos mais macios, antes da valida\u00e7\u00e3o definitiva prevista para 15 de dezembro, sendo que as constru\u00e7\u00f5es j\u00e1 haviam sido aprovadas a 1 de setembro.<\/p>\n<p>O processo de desenvolvimento incluiu 15 sess\u00f5es de testes, cada uma com dois dias de dura\u00e7\u00e3o, realizadas em sete pa\u00edses diferentes. Tr\u00eas decorreram em 2024 \u2014 Barcelona, Mugello e Magny-Cours \u2014 e as restantes 12 em 2025, com destaque para os circuitos de Espanha e It\u00e1lia.<\/p>\n<p>Os pneus slick foram testados em Barcelona, Jerez, Monza e Mugello, enquanto as solu\u00e7\u00f5es para piso molhado foram avaliadas em Fiorano, Paul Ricard e Silverstone, com pistas artificialmente molhadas. Os testes de Budapeste, em agosto, serviram para aperfei\u00e7oar os compostos mais macios.<\/p>\n<p>Todos as equipas de F\u00f3rmula 1 participaram em diferentes fases do programa, em coordena\u00e7\u00e3o com a FIA e a Pirelli. A nova gama de pneus para 2026, que manter\u00e1 as jantes de 18 polegadas, mas com largura ligeiramente reduzida, ser\u00e1 testada por todas as equipas no teste p\u00f3s-temporada em Abu Dhabi, a 9 e 10 de dezembro, utilizando carros adaptados \u00e0s novas dimens\u00f5es.<\/p>\n<p><img loading=\"lazy\" decoding=\"async\" width=\"1024\" height=\"683\" data-lazy-type=\"image\" src=\"https:\/\/www.europesays.com\/pt\/wp-content\/uploads\/2025\/10\/gp-mexico-f1-2-ferrari-1024x683.jpg\" alt=\"\" class=\"lazy lazy-hidden wp-image-688028\"  \/><br \/>\nOs compostos escolhidos<\/p>\n<p>Tal como aconteceu em Austin, o Grande Pr\u00e9mio da Cidade do M\u00e9xico apresenta novamente um salto na escolha dos compostos entre o mais duro e o m\u00e9dio. A Pirelli selecionou o C2 como duro, o C4 como m\u00e9dio e o C5 como macio, a mesma combina\u00e7\u00e3o usada em 2024, mas com uma op\u00e7\u00e3o mais conservadora no composto duro, que oferece menos ader\u00eancia e um ritmo mais lento.<\/p>\n<p>Em 2024, o pneu Soft foi usado apenas na qualifica\u00e7\u00e3o e, na corrida, apenas por quem tentou garantir o ponto extra da volta mais r\u00e1pida. Este ano, por\u00e9m, o cen\u00e1rio poder\u00e1 ser diferente: o bom desempenho dos C4 e C5 pode levar as equipas a apostar numa corrida centrada nos compostos mais macios, embora isso implique um risco maior de degrada\u00e7\u00e3o e a possibilidade de duas paragens. J\u00e1 quem optar pelo C2 poder\u00e1 fazer uma estrat\u00e9gia de uma \u00fanica paragem, sacrificando alguma performance em troca de maior durabilidade.<\/p>\n<p>Historicamente, o circuito mexicano apresenta n\u00edveis elevados de graining, resultado da altitude superior a dois mil metros, que reduz a carga aerodin\u00e2mica e, por consequ\u00eancia, a ader\u00eancia. O piso pouco utilizado agrava o fen\u00f3meno, tornando a gest\u00e3o dos pneus um fator determinante. Ser\u00e1 interessante perceber se os novos compostos, mais resistentes ao graining, poder\u00e3o favorecer as equipas com melhor gest\u00e3o de pneus.<\/p>\n<p>Hor\u00e1rios<\/p>\n<p>Sexta-feita<\/p>\n<ul class=\"wp-block-list\">\n<li>TL1 \u2013 19:30<\/li>\n<li>TL2 \u2013 23:00<\/li>\n<\/ul>\n<p>S\u00e1bado<\/p>\n<ul class=\"wp-block-list\">\n<li>TL3 \u2013 18:30<\/li>\n<li>Qualifica\u00e7\u00e3o \u2013 22:00<\/li>\n<\/ul>\n<p>Domingo<\/p>\n","protected":false},"excerpt":{"rendered":"A F\u00f3rmula 1 segue para o Grande Pr\u00e9mio da Cidade do M\u00e9xico, realizado no Aut\u00f3dromo Hermanos Rodr\u00edguez, conhecido&hellip;\n","protected":false},"author":2,"featured_media":121638,"comment_status":"","ping_status":"","sticky":false,"template":"","format":"standard","meta":{"footnotes":""},"categories":[87],"tags":[135,970,971,28153,17084,5234,718,32,33,134],"class_list":{"0":"post-121637","1":"post","2":"type-post","3":"status-publish","4":"format-standard","5":"has-post-thumbnail","7":"category-desporto","8":"tag-desporto","9":"tag-f1","10":"tag-formula-1","11":"tag-gp-mexico","12":"tag-horarios","13":"tag-informacoes","14":"tag-newsletter","15":"tag-portugal","16":"tag-pt","17":"tag-sports"},"share_on_mastodon":{"url":"https:\/\/pubeurope.com\/@pt\/115417665078735177","error":""},"_links":{"self":[{"href":"https:\/\/www.europesays.com\/pt\/wp-json\/wp\/v2\/posts\/121637","targetHints":{"allow":["GET"]}}],"collection":[{"href":"https:\/\/www.europesays.com\/pt\/wp-json\/wp\/v2\/posts"}],"about":[{"href":"https:\/\/www.europesays.com\/pt\/wp-json\/wp\/v2\/types\/post"}],"author":[{"embeddable":true,"href":"https:\/\/www.europesays.com\/pt\/wp-json\/wp\/v2\/users\/2"}],"replies":[{"embeddable":true,"href":"https:\/\/www.europesays.com\/pt\/wp-json\/wp\/v2\/comments?post=121637"}],"version-history":[{"count":0,"href":"https:\/\/www.europesays.com\/pt\/wp-json\/wp\/v2\/posts\/121637\/revisions"}],"wp:featuredmedia":[{"embeddable":true,"href":"https:\/\/www.europesays.com\/pt\/wp-json\/wp\/v2\/media\/121638"}],"wp:attachment":[{"href":"https:\/\/www.europesays.com\/pt\/wp-json\/wp\/v2\/media?parent=121637"}],"wp:term":[{"taxonomy":"category","embeddable":true,"href":"https:\/\/www.europesays.com\/pt\/wp-json\/wp\/v2\/categories?post=121637"},{"taxonomy":"post_tag","embeddable":true,"href":"https:\/\/www.europesays.com\/pt\/wp-json\/wp\/v2\/tags?post=121637"}],"curies":[{"name":"wp","href":"https:\/\/api.w.org\/{rel}","templated":true}]}}